{"id":636,"date":"2026-03-14T17:39:58","date_gmt":"2026-03-14T17:39:58","guid":{"rendered":"https:\/\/www.osantarritense.com.br\/jornal\/?p=636"},"modified":"2026-03-14T17:41:57","modified_gmt":"2026-03-14T17:41:57","slug":"procuradora-alerta-para-alucinacao-juridica-causada-por-ia-em-processo-video","status":"publish","type":"post","link":"https:\/\/www.osantarritense.com.br\/jornal\/procuradora-alerta-para-alucinacao-juridica-causada-por-ia-em-processo-video\/","title":{"rendered":"Procuradora alerta para \u201calucina\u00e7\u00e3o jur\u00eddica\u201d causada por IA em processo; V\u00eddeo"},"content":{"rendered":"<p data-start=\"0\" data-end=\"364\"><span style=\"font-family: tahoma, arial, helvetica, sans-serif;\">Em meio \u00e0 populariza\u00e7\u00e3o das ferramentas de intelig\u00eancia artificial generativa, um alerta chamou aten\u00e7\u00e3o durante uma sess\u00e3o de julgamento em S\u00e3o Paulo. A procuradora-geral do <span class=\"hover:entity-accent entity-underline inline cursor-pointer align-baseline\"><span class=\"whitespace-normal\">Minist\u00e9rio P\u00fablico de Contas de S\u00e3o Paulo<\/span><\/span> (MPC-SP), <span class=\"hover:entity-accent entity-underline inline cursor-pointer align-baseline\"><span class=\"whitespace-normal\">Let\u00edcia Formoso<\/span><\/span>, apontou falhas graves em um processo que, segundo ela, indicavam poss\u00edvel uso inadequado da tecnologia.<\/span><\/p>\n<p data-start=\"366\" data-end=\"600\"><span style=\"font-family: tahoma, arial, helvetica, sans-serif;\">Durante an\u00e1lise do caso pelo colegiado, a procuradora identificou inconsist\u00eancias que classificou como <strong data-start=\"469\" data-end=\"501\">\u201calucina\u00e7\u00e3o jur\u00eddica por IA\u201d<\/strong> \u2014 termo usado para descrever erros gerados por sistemas automatizados sem a devida revis\u00e3o humana.<\/span><\/p>\n<p data-start=\"602\" data-end=\"842\"><span style=\"font-family: tahoma, arial, helvetica, sans-serif;\">Nos autos, foram encontradas <strong data-start=\"631\" data-end=\"683\">refer\u00eancias legais e jurisprudenciais incorretas<\/strong>, al\u00e9m de <strong data-start=\"693\" data-end=\"719\">relatorias divergentes<\/strong> e at\u00e9 <strong data-start=\"726\" data-end=\"772\">men\u00e7\u00f5es a dispositivos legais inexistentes<\/strong>. Diante das falhas, a procuradora fez um alerta p\u00fablico sobre o tema.<\/span><\/p>\n<blockquote data-start=\"844\" data-end=\"991\">\n<p data-start=\"846\" data-end=\"991\"><span style=\"font-family: tahoma, arial, helvetica, sans-serif;\"><strong data-start=\"846\" data-end=\"981\">\u201c\u00c9 prov\u00e1vel que tenha havido uso de ferramenta de intelig\u00eancia artificial generativa sem o controle humano suficiente e necess\u00e1rio\u201d<\/strong>, afirmou.<\/span><\/p>\n<\/blockquote>\n<p data-start=\"993\" data-end=\"1226\"><span style=\"font-family: tahoma, arial, helvetica, sans-serif;\">O julgamento tratava de uma representa\u00e7\u00e3o envolvendo edital para contrata\u00e7\u00e3o de solu\u00e7\u00e3o integrada de software de gest\u00e3o p\u00fablica. A manifesta\u00e7\u00e3o apresentada por uma das partes continha os erros t\u00e9cnicos que motivaram o posicionamento.<\/span><\/p>\n<p data-start=\"1228\" data-end=\"1493\"><span style=\"font-family: tahoma, arial, helvetica, sans-serif;\">Segundo Let\u00edcia Formoso, o uso inadequado dessas tecnologias <strong data-start=\"1289\" data-end=\"1337\">\u201ctem potencial de induzir o tribunal a erro\u201d<\/strong> e pode configurar viola\u00e7\u00e3o de deveres fundamentais do processo, como <strong data-start=\"1407\" data-end=\"1451\">veracidade, boa-f\u00e9 e lealdade processual<\/strong>, exigidos de todos os envolvidos na a\u00e7\u00e3o.<\/span><\/p>\n<p data-start=\"1495\" data-end=\"1594\"><span style=\"font-family: tahoma, arial, helvetica, sans-serif;\">Apesar das cr\u00edticas, a procuradora reconheceu a relev\u00e2ncia da tecnologia no ambiente institucional.<\/span><\/p>\n<blockquote data-start=\"1596\" data-end=\"1767\" data-is-last-node=\"\" data-is-only-node=\"\">\n<p data-start=\"1598\" data-end=\"1767\" data-is-last-node=\"\"><span style=\"font-family: tahoma, arial, helvetica, sans-serif;\"><strong data-start=\"1598\" data-end=\"1738\">\u201cA intelig\u00eancia artificial generativa \u00e9 importante e necess\u00e1ria para a efici\u00eancia, mas necessita do olhar cuidadoso e do uso consciente\u201d<\/strong>, ressaltou durante a sess\u00e3o.<\/span><\/p>\n<\/blockquote>\n<p data-start=\"1598\" data-end=\"1767\" data-is-last-node=\"\"><span style=\"font-size: 14pt;\"><strong>V\u00cdDEO<\/strong><\/span><\/p>\n<p><iframe loading=\"lazy\" title=\"YouTube video player\" src=\"https:\/\/www.youtube.com\/embed\/KXgL-jI3te4?si=bBBIXX9CBqaWbn_y\" width=\"560\" height=\"315\" frameborder=\"0\" allowfullscreen=\"allowfullscreen\"><\/iframe><\/p>\n","protected":false},"excerpt":{"rendered":"<p>Em meio \u00e0 populariza\u00e7\u00e3o das ferramentas de intelig\u00eancia artificial generativa, um alerta chamou aten\u00e7\u00e3o durante uma sess\u00e3o de julgamento em&hellip;<\/p>\n","protected":false},"author":1,"featured_media":637,"comment_status":"closed","ping_status":"closed","sticky":false,"template":"","format":"standard","meta":{"footnotes":""},"categories":[5],"tags":[],"class_list":["post-636","post","type-post","status-publish","format-standard","has-post-thumbnail","hentry","category-cotidiano"],"yoast_head":"<!-- This site is optimized with the Yoast SEO plugin v26.8 - https:\/\/yoast.com\/product\/yoast-seo-wordpress\/ -->\n<title>Procuradora alerta para \u201calucina\u00e7\u00e3o jur\u00eddica\u201d causada por IA em processo; V\u00eddeo - O Santarritense<\/title>\n<meta name=\"robots\" content=\"index, follow, max-snippet:-1, max-image-preview:large, max-video-preview:-1\" \/>\n<link rel=\"canonical\" href=\"https:\/\/www.osantarritense.com.br\/jornal\/procuradora-alerta-para-alucinacao-juridica-causada-por-ia-em-processo-video\/\" \/>\n<meta property=\"og:locale\" content=\"pt_BR\" \/>\n<meta property=\"og:type\" content=\"article\" \/>\n<meta property=\"og:title\" content=\"Procuradora alerta para \u201calucina\u00e7\u00e3o jur\u00eddica\u201d causada por IA em processo; V\u00eddeo - O Santarritense\" \/>\n<meta property=\"og:description\" content=\"Em meio \u00e0 populariza\u00e7\u00e3o das ferramentas de intelig\u00eancia artificial generativa, um alerta chamou aten\u00e7\u00e3o durante uma sess\u00e3o de julgamento em&hellip;\" \/>\n<meta property=\"og:url\" content=\"https:\/\/www.osantarritense.com.br\/jornal\/procuradora-alerta-para-alucinacao-juridica-causada-por-ia-em-processo-video\/\" \/>\n<meta property=\"og:site_name\" content=\"O Santarritense\" \/>\n<meta property=\"article:published_time\" content=\"2026-03-14T17:39:58+00:00\" \/>\n<meta property=\"article:modified_time\" content=\"2026-03-14T17:41:57+00:00\" \/>\n<meta property=\"og:image\" content=\"https:\/\/www.osantarritense.com.br\/jornal\/wp-content\/uploads\/2026\/03\/cats-8.jpg\" \/>\n\t<meta property=\"og:image:width\" content=\"957\" \/>\n\t<meta property=\"og:image:height\" content=\"652\" \/>\n\t<meta property=\"og:image:type\" content=\"image\/jpeg\" \/>\n<meta name=\"author\" content=\"Reda\u00e7\u00e3o\" \/>\n<meta name=\"twitter:card\" content=\"summary_large_image\" \/>\n<meta name=\"twitter:label1\" content=\"Escrito por\" \/>\n\t<meta name=\"twitter:data1\" content=\"Reda\u00e7\u00e3o\" \/>\n\t<meta name=\"twitter:label2\" content=\"Est. tempo de leitura\" \/>\n\t<meta name=\"twitter:data2\" content=\"2 minutos\" \/>\n<script type=\"application\/ld+json\" class=\"yoast-schema-graph\">{\"@context\":\"https:\/\/schema.org\",\"@graph\":[{\"@type\":\"Article\",\"@id\":\"https:\/\/www.osantarritense.com.br\/jornal\/procuradora-alerta-para-alucinacao-juridica-causada-por-ia-em-processo-video\/#article\",\"isPartOf\":{\"@id\":\"https:\/\/www.osantarritense.com.br\/jornal\/procuradora-alerta-para-alucinacao-juridica-causada-por-ia-em-processo-video\/\"},\"author\":{\"name\":\"Reda\u00e7\u00e3o\",\"@id\":\"https:\/\/www.osantarritense.com.br\/jornal\/#\/schema\/person\/e126b4df363ecdbcf21dc50a978dd9b8\"},\"headline\":\"Procuradora alerta para \u201calucina\u00e7\u00e3o jur\u00eddica\u201d causada por IA em processo; V\u00eddeo\",\"datePublished\":\"2026-03-14T17:39:58+00:00\",\"dateModified\":\"2026-03-14T17:41:57+00:00\",\"mainEntityOfPage\":{\"@id\":\"https:\/\/www.osantarritense.com.br\/jornal\/procuradora-alerta-para-alucinacao-juridica-causada-por-ia-em-processo-video\/\"},\"wordCount\":292,\"publisher\":{\"@id\":\"https:\/\/www.osantarritense.com.br\/jornal\/#\/schema\/person\/e126b4df363ecdbcf21dc50a978dd9b8\"},\"image\":{\"@id\":\"https:\/\/www.osantarritense.com.br\/jornal\/procuradora-alerta-para-alucinacao-juridica-causada-por-ia-em-processo-video\/#primaryimage\"},\"thumbnailUrl\":\"https:\/\/www.osantarritense.com.br\/jornal\/wp-content\/uploads\/2026\/03\/cats-8.jpg\",\"articleSection\":[\"Cotidiano\"],\"inLanguage\":\"pt-BR\"},{\"@type\":\"WebPage\",\"@id\":\"https:\/\/www.osantarritense.com.br\/jornal\/procuradora-alerta-para-alucinacao-juridica-causada-por-ia-em-processo-video\/\",\"url\":\"https:\/\/www.osantarritense.com.br\/jornal\/procuradora-alerta-para-alucinacao-juridica-causada-por-ia-em-processo-video\/\",\"name\":\"Procuradora alerta para \u201calucina\u00e7\u00e3o jur\u00eddica\u201d causada por IA em processo; V\u00eddeo - O Santarritense\",\"isPartOf\":{\"@id\":\"https:\/\/www.osantarritense.com.br\/jornal\/#website\"},\"primaryImageOfPage\":{\"@id\":\"https:\/\/www.osantarritense.com.br\/jornal\/procuradora-alerta-para-alucinacao-juridica-causada-por-ia-em-processo-video\/#primaryimage\"},\"image\":{\"@id\":\"https:\/\/www.osantarritense.com.br\/jornal\/procuradora-alerta-para-alucinacao-juridica-causada-por-ia-em-processo-video\/#primaryimage\"},\"thumbnailUrl\":\"https:\/\/www.osantarritense.com.br\/jornal\/wp-content\/uploads\/2026\/03\/cats-8.jpg\",\"datePublished\":\"2026-03-14T17:39:58+00:00\",\"dateModified\":\"2026-03-14T17:41:57+00:00\",\"breadcrumb\":{\"@id\":\"https:\/\/www.osantarritense.com.br\/jornal\/procuradora-alerta-para-alucinacao-juridica-causada-por-ia-em-processo-video\/#breadcrumb\"},\"inLanguage\":\"pt-BR\",\"potentialAction\":[{\"@type\":\"ReadAction\",\"target\":[\"https:\/\/www.osantarritense.com.br\/jornal\/procuradora-alerta-para-alucinacao-juridica-causada-por-ia-em-processo-video\/\"]}]},{\"@type\":\"ImageObject\",\"inLanguage\":\"pt-BR\",\"@id\":\"https:\/\/www.osantarritense.com.br\/jornal\/procuradora-alerta-para-alucinacao-juridica-causada-por-ia-em-processo-video\/#primaryimage\",\"url\":\"https:\/\/www.osantarritense.com.br\/jornal\/wp-content\/uploads\/2026\/03\/cats-8.jpg\",\"contentUrl\":\"https:\/\/www.osantarritense.com.br\/jornal\/wp-content\/uploads\/2026\/03\/cats-8.jpg\",\"width\":957,\"height\":652},{\"@type\":\"BreadcrumbList\",\"@id\":\"https:\/\/www.osantarritense.com.br\/jornal\/procuradora-alerta-para-alucinacao-juridica-causada-por-ia-em-processo-video\/#breadcrumb\",\"itemListElement\":[{\"@type\":\"ListItem\",\"position\":1,\"name\":\"In\u00edcio\",\"item\":\"https:\/\/www.osantarritense.com.br\/jornal\/\"},{\"@type\":\"ListItem\",\"position\":2,\"name\":\"Procuradora alerta para \u201calucina\u00e7\u00e3o jur\u00eddica\u201d causada por IA em processo; V\u00eddeo\"}]},{\"@type\":\"WebSite\",\"@id\":\"https:\/\/www.osantarritense.com.br\/jornal\/#website\",\"url\":\"https:\/\/www.osantarritense.com.br\/jornal\/\",\"name\":\"O Santarritense\",\"description\":\"Jornal\",\"publisher\":{\"@id\":\"https:\/\/www.osantarritense.com.br\/jornal\/#\/schema\/person\/e126b4df363ecdbcf21dc50a978dd9b8\"},\"potentialAction\":[{\"@type\":\"SearchAction\",\"target\":{\"@type\":\"EntryPoint\",\"urlTemplate\":\"https:\/\/www.osantarritense.com.br\/jornal\/?s={search_term_string}\"},\"query-input\":{\"@type\":\"PropertyValueSpecification\",\"valueRequired\":true,\"valueName\":\"search_term_string\"}}],\"inLanguage\":\"pt-BR\"},{\"@type\":[\"Person\",\"Organization\"],\"@id\":\"https:\/\/www.osantarritense.com.br\/jornal\/#\/schema\/person\/e126b4df363ecdbcf21dc50a978dd9b8\",\"name\":\"Reda\u00e7\u00e3o\",\"image\":{\"@type\":\"ImageObject\",\"inLanguage\":\"pt-BR\",\"@id\":\"https:\/\/www.osantarritense.com.br\/jornal\/#\/schema\/person\/image\/\",\"url\":\"https:\/\/www.osantarritense.com.br\/jornal\/wp-content\/uploads\/2026\/02\/cropped-logosantarritense.jpg\",\"contentUrl\":\"https:\/\/www.osantarritense.com.br\/jornal\/wp-content\/uploads\/2026\/02\/cropped-logosantarritense.jpg\",\"width\":1221,\"height\":251,\"caption\":\"Reda\u00e7\u00e3o\"},\"logo\":{\"@id\":\"https:\/\/www.osantarritense.com.br\/jornal\/#\/schema\/person\/image\/\"},\"sameAs\":[\"https:\/\/www.osantarritense.com.br\/jornal\"],\"url\":\"https:\/\/www.osantarritense.com.br\/jornal\/author\/admin\/\"}]}<\/script>\n<!-- \/ Yoast SEO plugin. -->","yoast_head_json":{"title":"Procuradora alerta para \u201calucina\u00e7\u00e3o jur\u00eddica\u201d causada por IA em processo; V\u00eddeo - O Santarritense","robots":{"index":"index","follow":"follow","max-snippet":"max-snippet:-1","max-image-preview":"max-image-preview:large","max-video-preview":"max-video-preview:-1"},"canonical":"https:\/\/www.osantarritense.com.br\/jornal\/procuradora-alerta-para-alucinacao-juridica-causada-por-ia-em-processo-video\/","og_locale":"pt_BR","og_type":"article","og_title":"Procuradora alerta para \u201calucina\u00e7\u00e3o jur\u00eddica\u201d causada por IA em processo; V\u00eddeo - O Santarritense","og_description":"Em meio \u00e0 populariza\u00e7\u00e3o das ferramentas de intelig\u00eancia artificial generativa, um alerta chamou aten\u00e7\u00e3o durante uma sess\u00e3o de julgamento em&hellip;","og_url":"https:\/\/www.osantarritense.com.br\/jornal\/procuradora-alerta-para-alucinacao-juridica-causada-por-ia-em-processo-video\/","og_site_name":"O Santarritense","article_published_time":"2026-03-14T17:39:58+00:00","article_modified_time":"2026-03-14T17:41:57+00:00","og_image":[{"width":957,"height":652,"url":"https:\/\/www.osantarritense.com.br\/jornal\/wp-content\/uploads\/2026\/03\/cats-8.jpg","type":"image\/jpeg"}],"author":"Reda\u00e7\u00e3o","twitter_card":"summary_large_image","twitter_misc":{"Escrito por":"Reda\u00e7\u00e3o","Est. tempo de leitura":"2 minutos"},"schema":{"@context":"https:\/\/schema.org","@graph":[{"@type":"Article","@id":"https:\/\/www.osantarritense.com.br\/jornal\/procuradora-alerta-para-alucinacao-juridica-causada-por-ia-em-processo-video\/#article","isPartOf":{"@id":"https:\/\/www.osantarritense.com.br\/jornal\/procuradora-alerta-para-alucinacao-juridica-causada-por-ia-em-processo-video\/"},"author":{"name":"Reda\u00e7\u00e3o","@id":"https:\/\/www.osantarritense.com.br\/jornal\/#\/schema\/person\/e126b4df363ecdbcf21dc50a978dd9b8"},"headline":"Procuradora alerta para \u201calucina\u00e7\u00e3o jur\u00eddica\u201d causada por IA em processo; V\u00eddeo","datePublished":"2026-03-14T17:39:58+00:00","dateModified":"2026-03-14T17:41:57+00:00","mainEntityOfPage":{"@id":"https:\/\/www.osantarritense.com.br\/jornal\/procuradora-alerta-para-alucinacao-juridica-causada-por-ia-em-processo-video\/"},"wordCount":292,"publisher":{"@id":"https:\/\/www.osantarritense.com.br\/jornal\/#\/schema\/person\/e126b4df363ecdbcf21dc50a978dd9b8"},"image":{"@id":"https:\/\/www.osantarritense.com.br\/jornal\/procuradora-alerta-para-alucinacao-juridica-causada-por-ia-em-processo-video\/#primaryimage"},"thumbnailUrl":"https:\/\/www.osantarritense.com.br\/jornal\/wp-content\/uploads\/2026\/03\/cats-8.jpg","articleSection":["Cotidiano"],"inLanguage":"pt-BR"},{"@type":"WebPage","@id":"https:\/\/www.osantarritense.com.br\/jornal\/procuradora-alerta-para-alucinacao-juridica-causada-por-ia-em-processo-video\/","url":"https:\/\/www.osantarritense.com.br\/jornal\/procuradora-alerta-para-alucinacao-juridica-causada-por-ia-em-processo-video\/","name":"Procuradora alerta para \u201calucina\u00e7\u00e3o jur\u00eddica\u201d causada por IA em processo; V\u00eddeo - O Santarritense","isPartOf":{"@id":"https:\/\/www.osantarritense.com.br\/jornal\/#website"},"primaryImageOfPage":{"@id":"https:\/\/www.osantarritense.com.br\/jornal\/procuradora-alerta-para-alucinacao-juridica-causada-por-ia-em-processo-video\/#primaryimage"},"image":{"@id":"https:\/\/www.osantarritense.com.br\/jornal\/procuradora-alerta-para-alucinacao-juridica-causada-por-ia-em-processo-video\/#primaryimage"},"thumbnailUrl":"https:\/\/www.osantarritense.com.br\/jornal\/wp-content\/uploads\/2026\/03\/cats-8.jpg","datePublished":"2026-03-14T17:39:58+00:00","dateModified":"2026-03-14T17:41:57+00:00","breadcrumb":{"@id":"https:\/\/www.osantarritense.com.br\/jornal\/procuradora-alerta-para-alucinacao-juridica-causada-por-ia-em-processo-video\/#breadcrumb"},"inLanguage":"pt-BR","potentialAction":[{"@type":"ReadAction","target":["https:\/\/www.osantarritense.com.br\/jornal\/procuradora-alerta-para-alucinacao-juridica-causada-por-ia-em-processo-video\/"]}]},{"@type":"ImageObject","inLanguage":"pt-BR","@id":"https:\/\/www.osantarritense.com.br\/jornal\/procuradora-alerta-para-alucinacao-juridica-causada-por-ia-em-processo-video\/#primaryimage","url":"https:\/\/www.osantarritense.com.br\/jornal\/wp-content\/uploads\/2026\/03\/cats-8.jpg","contentUrl":"https:\/\/www.osantarritense.com.br\/jornal\/wp-content\/uploads\/2026\/03\/cats-8.jpg","width":957,"height":652},{"@type":"BreadcrumbList","@id":"https:\/\/www.osantarritense.com.br\/jornal\/procuradora-alerta-para-alucinacao-juridica-causada-por-ia-em-processo-video\/#breadcrumb","itemListElement":[{"@type":"ListItem","position":1,"name":"In\u00edcio","item":"https:\/\/www.osantarritense.com.br\/jornal\/"},{"@type":"ListItem","position":2,"name":"Procuradora alerta para \u201calucina\u00e7\u00e3o jur\u00eddica\u201d causada por IA em processo; V\u00eddeo"}]},{"@type":"WebSite","@id":"https:\/\/www.osantarritense.com.br\/jornal\/#website","url":"https:\/\/www.osantarritense.com.br\/jornal\/","name":"O Santarritense","description":"Jornal","publisher":{"@id":"https:\/\/www.osantarritense.com.br\/jornal\/#\/schema\/person\/e126b4df363ecdbcf21dc50a978dd9b8"},"potentialAction":[{"@type":"SearchAction","target":{"@type":"EntryPoint","urlTemplate":"https:\/\/www.osantarritense.com.br\/jornal\/?s={search_term_string}"},"query-input":{"@type":"PropertyValueSpecification","valueRequired":true,"valueName":"search_term_string"}}],"inLanguage":"pt-BR"},{"@type":["Person","Organization"],"@id":"https:\/\/www.osantarritense.com.br\/jornal\/#\/schema\/person\/e126b4df363ecdbcf21dc50a978dd9b8","name":"Reda\u00e7\u00e3o","image":{"@type":"ImageObject","inLanguage":"pt-BR","@id":"https:\/\/www.osantarritense.com.br\/jornal\/#\/schema\/person\/image\/","url":"https:\/\/www.osantarritense.com.br\/jornal\/wp-content\/uploads\/2026\/02\/cropped-logosantarritense.jpg","contentUrl":"https:\/\/www.osantarritense.com.br\/jornal\/wp-content\/uploads\/2026\/02\/cropped-logosantarritense.jpg","width":1221,"height":251,"caption":"Reda\u00e7\u00e3o"},"logo":{"@id":"https:\/\/www.osantarritense.com.br\/jornal\/#\/schema\/person\/image\/"},"sameAs":["https:\/\/www.osantarritense.com.br\/jornal"],"url":"https:\/\/www.osantarritense.com.br\/jornal\/author\/admin\/"}]}},"_links":{"self":[{"href":"https:\/\/www.osantarritense.com.br\/jornal\/wp-json\/wp\/v2\/posts\/636","targetHints":{"allow":["GET"]}}],"collection":[{"href":"https:\/\/www.osantarritense.com.br\/jornal\/wp-json\/wp\/v2\/posts"}],"about":[{"href":"https:\/\/www.osantarritense.com.br\/jornal\/wp-json\/wp\/v2\/types\/post"}],"author":[{"embeddable":true,"href":"https:\/\/www.osantarritense.com.br\/jornal\/wp-json\/wp\/v2\/users\/1"}],"replies":[{"embeddable":true,"href":"https:\/\/www.osantarritense.com.br\/jornal\/wp-json\/wp\/v2\/comments?post=636"}],"version-history":[{"count":1,"href":"https:\/\/www.osantarritense.com.br\/jornal\/wp-json\/wp\/v2\/posts\/636\/revisions"}],"predecessor-version":[{"id":638,"href":"https:\/\/www.osantarritense.com.br\/jornal\/wp-json\/wp\/v2\/posts\/636\/revisions\/638"}],"wp:featuredmedia":[{"embeddable":true,"href":"https:\/\/www.osantarritense.com.br\/jornal\/wp-json\/wp\/v2\/media\/637"}],"wp:attachment":[{"href":"https:\/\/www.osantarritense.com.br\/jornal\/wp-json\/wp\/v2\/media?parent=636"}],"wp:term":[{"taxonomy":"category","embeddable":true,"href":"https:\/\/www.osantarritense.com.br\/jornal\/wp-json\/wp\/v2\/categories?post=636"},{"taxonomy":"post_tag","embeddable":true,"href":"https:\/\/www.osantarritense.com.br\/jornal\/wp-json\/wp\/v2\/tags?post=636"}],"curies":[{"name":"wp","href":"https:\/\/api.w.org\/{rel}","templated":true}]}}