{"id":633,"date":"2026-03-13T15:46:30","date_gmt":"2026-03-13T15:46:30","guid":{"rendered":"https:\/\/www.osantarritense.com.br\/jornal\/?p=633"},"modified":"2026-03-13T15:46:30","modified_gmt":"2026-03-13T15:46:30","slug":"diesel-mais-caro-a-partir-de-sabado-petrobras-confirma-reajuste","status":"publish","type":"post","link":"https:\/\/www.osantarritense.com.br\/jornal\/diesel-mais-caro-a-partir-de-sabado-petrobras-confirma-reajuste\/","title":{"rendered":"Diesel mais caro a partir de s\u00e1bado; Petrobras confirma reajuste"},"content":{"rendered":"<div class=\"markdown prose dark:prose-invert w-full wrap-break-word light markdown-new-styling\">\n<p data-start=\"90\" data-end=\"362\"><span style=\"font-family: tahoma, arial, helvetica, sans-serif;\">A <strong data-start=\"92\" data-end=\"137\">Petrobras anunciou nesta sexta-feira (13)<\/strong> um <strong data-start=\"141\" data-end=\"181\">reajuste de 11,6% no pre\u00e7o do diesel<\/strong>, que passar\u00e1 a custar <strong data-start=\"204\" data-end=\"267\">R$ 3,65 por litro nas refinarias a partir deste s\u00e1bado (14)<\/strong>. O aumento representa <strong data-start=\"290\" data-end=\"311\">R$ 0,38 por litro<\/strong> no valor do combust\u00edvel vendido \u00e0s distribuidoras.<\/span><\/p>\n<p data-start=\"90\" data-end=\"362\"><span style=\"font-family: tahoma, arial, helvetica, sans-serif;\">\ud83d\udcf1 <em>Siga o O Santarritense no <a href=\"https:\/\/www.instagram.com\/osantarritense\/\">Instagram\u00a0<\/a><\/em><\/span><\/p>\n<\/div>\n<div class=\"markdown prose dark:prose-invert w-full wrap-break-word light markdown-new-styling\">\n<p data-start=\"364\" data-end=\"599\"><span style=\"font-family: tahoma, arial, helvetica, sans-serif;\">Segundo a estatal, o reajuste ocorre <strong data-start=\"401\" data-end=\"451\">ap\u00f3s 312 dias sem altera\u00e7\u00e3o no pre\u00e7o do diesel<\/strong> e reflete a <strong data-start=\"464\" data-end=\"529\">alta do petr\u00f3leo e de seus derivados no mercado internacional<\/strong>. A companhia informou que <strong data-start=\"556\" data-end=\"598\">n\u00e3o houve mudan\u00e7a no pre\u00e7o da gasolina<\/strong>.<\/span><\/p>\n<p data-start=\"601\" data-end=\"847\"><span style=\"font-family: tahoma, arial, helvetica, sans-serif;\">A decis\u00e3o foi tomada durante <strong data-start=\"630\" data-end=\"686\">reuni\u00e3o da presidente da Petrobras, Magda Chambriard<\/strong>, com o <strong data-start=\"694\" data-end=\"735\">diretor financeiro Fernando Melgarejo<\/strong> e o <strong data-start=\"740\" data-end=\"801\">diretor de Comercializa\u00e7\u00e3o e Log\u00edstica, Claudio Schlosser<\/strong>, seguindo as regras de governan\u00e7a da empresa.<\/span><\/p>\n<p data-start=\"849\" data-end=\"975\"><span style=\"font-family: tahoma, arial, helvetica, sans-serif;\">Em nota, a Petrobras destacou que, <strong data-start=\"884\" data-end=\"908\">mesmo com o reajuste<\/strong>, o pre\u00e7o do combust\u00edvel ainda registra queda no acumulado recente.<\/span><\/p>\n<blockquote data-start=\"977\" data-end=\"1232\">\n<p data-start=\"979\" data-end=\"1232\"><span style=\"font-family: tahoma, arial, helvetica, sans-serif;\"><strong data-start=\"979\" data-end=\"1210\">\u201cMesmo ap\u00f3s essa atualiza\u00e7\u00e3o, no acumulado desde dezembro de 2022, os pre\u00e7os de diesel A vendidos \u00e0s distribuidoras registram redu\u00e7\u00e3o de R$ 0,84 por litro, o equivalente a uma queda de 29,6%, considerada a infla\u00e7\u00e3o do per\u00edodo\u201d,<\/strong> informou a companhia.<\/span><\/p>\n<\/blockquote>\n<p data-start=\"1234\" data-end=\"1396\"><span style=\"font-family: tahoma, arial, helvetica, sans-serif;\">A estatal tamb\u00e9m ressaltou que <strong data-start=\"1265\" data-end=\"1317\">o impacto para o consumidor final pode ser menor<\/strong>, j\u00e1 que o <strong data-start=\"1328\" data-end=\"1395\">governo federal zerou as al\u00edquotas de PIS\/Cofins sobre o diesel<\/strong>.<\/span><\/p>\n<h3 data-section-id=\"1woh460\" data-start=\"1398\" data-end=\"1438\"><span style=\"font-family: tahoma, arial, helvetica, sans-serif;\"><strong data-start=\"1402\" data-end=\"1438\">Press\u00e3o do mercado internacional<\/strong><\/span><\/h3>\n<p data-start=\"1440\" data-end=\"1734\"><span style=\"font-family: tahoma, arial, helvetica, sans-serif;\">A Petrobras vinha <strong data-start=\"1458\" data-end=\"1482\">segurando o reajuste<\/strong> para evitar repassar ao mercado interno a volatilidade observada no exterior. O cen\u00e1rio internacional tem sido marcado pela <strong data-start=\"1607\" data-end=\"1661\">tens\u00e3o geopol\u00edtica envolvendo Estados Unidos e Ir\u00e3<\/strong>, que impulsionou o pre\u00e7o do petr\u00f3leo para <strong data-start=\"1704\" data-end=\"1733\">cerca de US$ 100 o barril<\/strong>.<\/span><\/p>\n<p data-start=\"1736\" data-end=\"1912\"><span style=\"font-family: tahoma, arial, helvetica, sans-serif;\">Na quinta-feira (12), o governo federal anunciou <strong data-start=\"1785\" data-end=\"1854\">medidas para amenizar o repasse da defasagem de pre\u00e7os da estatal<\/strong>, abrindo espa\u00e7o para o reajuste anunciado pela companhia.<\/span><\/p>\n<p data-start=\"1914\" data-end=\"2212\"><span style=\"font-family: tahoma, arial, helvetica, sans-serif;\">De acordo com a <strong data-start=\"1930\" data-end=\"1997\">Associa\u00e7\u00e3o Brasileira dos Importadores de Combust\u00edveis (Abicom)<\/strong>, a <strong data-start=\"2001\" data-end=\"2078\">defasagem do diesel nas refinarias da Petrobras chegou a 85% nesta semana<\/strong> e estava em <strong data-start=\"2091\" data-end=\"2128\">72% no fechamento de quinta-feira<\/strong>, o que indicaria espa\u00e7o para um aumento ainda maior \u2014 <strong data-start=\"2183\" data-end=\"2211\">de at\u00e9 R$ 2,34 por litro<\/strong>.<\/span><\/p>\n<p data-start=\"2214\" data-end=\"2352\"><span style=\"font-family: tahoma, arial, helvetica, sans-serif;\">No caso da gasolina, a entidade calcula que a <strong data-start=\"2260\" data-end=\"2287\">defasagem esteja em 43%<\/strong>, o que permitiria um aumento potencial de <strong data-start=\"2330\" data-end=\"2351\">R$ 1,10 por litro<\/strong>.<\/span><\/p>\n<p style=\"text-align: left;\" data-start=\"778\" data-end=\"1029\" data-is-last-node=\"\" data-is-only-node=\"\"><span style=\"font-family: tahoma, arial, helvetica, sans-serif;\">\u270d\ufe0f <em data-start=\"1160\" data-end=\"1198\" data-is-last-node=\"\">Da reda\u00e7\u00e3o: <a href=\"https:\/\/www.facebook.com\/jornalistatonioliveiraon\/\"><strong>Jornalista Toni Oliveira<\/strong><\/a><\/em><\/span><\/p>\n<p style=\"text-align: left;\"><span style=\"font-family: tahoma, arial, helvetica, sans-serif;\"><em>( Fica proibida a reprodu\u00e7\u00e3o total ou parcial, c\u00f3pia ou distribui\u00e7\u00e3o do conte\u00fado, sem autoriza\u00e7\u00e3o expressa por parte do <strong>jornal O Santarritense<\/strong>)<\/em><\/span><\/p>\n<\/div>\n","protected":false},"excerpt":{"rendered":"<p>A Petrobras anunciou nesta sexta-feira (13) um reajuste de 11,6% no pre\u00e7o do diesel, que passar\u00e1 a custar R$ 3,65&hellip;<\/p>\n","protected":false},"author":1,"featured_media":634,"comment_status":"closed","ping_status":"closed","sticky":false,"template":"","format":"standard","meta":{"footnotes":""},"categories":[5],"tags":[],"class_list":["post-633","post","type-post","status-publish","format-standard","has-post-thumbnail","hentry","category-cotidiano"],"yoast_head":"<!-- This site is optimized with the Yoast SEO plugin v26.8 - https:\/\/yoast.com\/product\/yoast-seo-wordpress\/ -->\n<title>Diesel mais caro a partir de s\u00e1bado; Petrobras confirma reajuste - O Santarritense<\/title>\n<meta name=\"robots\" content=\"index, follow, max-snippet:-1, max-image-preview:large, max-video-preview:-1\" \/>\n<link rel=\"canonical\" href=\"https:\/\/www.osantarritense.com.br\/jornal\/diesel-mais-caro-a-partir-de-sabado-petrobras-confirma-reajuste\/\" \/>\n<meta property=\"og:locale\" content=\"pt_BR\" \/>\n<meta property=\"og:type\" content=\"article\" \/>\n<meta property=\"og:title\" content=\"Diesel mais caro a partir de s\u00e1bado; Petrobras confirma reajuste - O Santarritense\" \/>\n<meta property=\"og:description\" content=\"A Petrobras anunciou nesta sexta-feira (13) um reajuste de 11,6% no pre\u00e7o do diesel, que passar\u00e1 a custar R$ 3,65&hellip;\" \/>\n<meta property=\"og:url\" content=\"https:\/\/www.osantarritense.com.br\/jornal\/diesel-mais-caro-a-partir-de-sabado-petrobras-confirma-reajuste\/\" \/>\n<meta property=\"og:site_name\" content=\"O Santarritense\" \/>\n<meta property=\"article:published_time\" content=\"2026-03-13T15:46:30+00:00\" \/>\n<meta property=\"og:image\" content=\"https:\/\/www.osantarritense.com.br\/jornal\/wp-content\/uploads\/2026\/03\/d1.jpg\" \/>\n\t<meta property=\"og:image:width\" content=\"1279\" \/>\n\t<meta property=\"og:image:height\" content=\"868\" \/>\n\t<meta property=\"og:image:type\" content=\"image\/jpeg\" \/>\n<meta name=\"author\" content=\"Reda\u00e7\u00e3o\" \/>\n<meta name=\"twitter:card\" content=\"summary_large_image\" \/>\n<meta name=\"twitter:label1\" content=\"Escrito por\" \/>\n\t<meta name=\"twitter:data1\" content=\"Reda\u00e7\u00e3o\" \/>\n\t<meta name=\"twitter:label2\" content=\"Est. tempo de leitura\" \/>\n\t<meta name=\"twitter:data2\" content=\"3 minutos\" \/>\n<script type=\"application\/ld+json\" class=\"yoast-schema-graph\">{\"@context\":\"https:\/\/schema.org\",\"@graph\":[{\"@type\":\"Article\",\"@id\":\"https:\/\/www.osantarritense.com.br\/jornal\/diesel-mais-caro-a-partir-de-sabado-petrobras-confirma-reajuste\/#article\",\"isPartOf\":{\"@id\":\"https:\/\/www.osantarritense.com.br\/jornal\/diesel-mais-caro-a-partir-de-sabado-petrobras-confirma-reajuste\/\"},\"author\":{\"name\":\"Reda\u00e7\u00e3o\",\"@id\":\"https:\/\/www.osantarritense.com.br\/jornal\/#\/schema\/person\/e126b4df363ecdbcf21dc50a978dd9b8\"},\"headline\":\"Diesel mais caro a partir de s\u00e1bado; Petrobras confirma reajuste\",\"datePublished\":\"2026-03-13T15:46:30+00:00\",\"mainEntityOfPage\":{\"@id\":\"https:\/\/www.osantarritense.com.br\/jornal\/diesel-mais-caro-a-partir-de-sabado-petrobras-confirma-reajuste\/\"},\"wordCount\":418,\"publisher\":{\"@id\":\"https:\/\/www.osantarritense.com.br\/jornal\/#\/schema\/person\/e126b4df363ecdbcf21dc50a978dd9b8\"},\"image\":{\"@id\":\"https:\/\/www.osantarritense.com.br\/jornal\/diesel-mais-caro-a-partir-de-sabado-petrobras-confirma-reajuste\/#primaryimage\"},\"thumbnailUrl\":\"https:\/\/www.osantarritense.com.br\/jornal\/wp-content\/uploads\/2026\/03\/d1.jpg\",\"articleSection\":[\"Cotidiano\"],\"inLanguage\":\"pt-BR\"},{\"@type\":\"WebPage\",\"@id\":\"https:\/\/www.osantarritense.com.br\/jornal\/diesel-mais-caro-a-partir-de-sabado-petrobras-confirma-reajuste\/\",\"url\":\"https:\/\/www.osantarritense.com.br\/jornal\/diesel-mais-caro-a-partir-de-sabado-petrobras-confirma-reajuste\/\",\"name\":\"Diesel mais caro a partir de s\u00e1bado; Petrobras confirma reajuste - O Santarritense\",\"isPartOf\":{\"@id\":\"https:\/\/www.osantarritense.com.br\/jornal\/#website\"},\"primaryImageOfPage\":{\"@id\":\"https:\/\/www.osantarritense.com.br\/jornal\/diesel-mais-caro-a-partir-de-sabado-petrobras-confirma-reajuste\/#primaryimage\"},\"image\":{\"@id\":\"https:\/\/www.osantarritense.com.br\/jornal\/diesel-mais-caro-a-partir-de-sabado-petrobras-confirma-reajuste\/#primaryimage\"},\"thumbnailUrl\":\"https:\/\/www.osantarritense.com.br\/jornal\/wp-content\/uploads\/2026\/03\/d1.jpg\",\"datePublished\":\"2026-03-13T15:46:30+00:00\",\"breadcrumb\":{\"@id\":\"https:\/\/www.osantarritense.com.br\/jornal\/diesel-mais-caro-a-partir-de-sabado-petrobras-confirma-reajuste\/#breadcrumb\"},\"inLanguage\":\"pt-BR\",\"potentialAction\":[{\"@type\":\"ReadAction\",\"target\":[\"https:\/\/www.osantarritense.com.br\/jornal\/diesel-mais-caro-a-partir-de-sabado-petrobras-confirma-reajuste\/\"]}]},{\"@type\":\"ImageObject\",\"inLanguage\":\"pt-BR\",\"@id\":\"https:\/\/www.osantarritense.com.br\/jornal\/diesel-mais-caro-a-partir-de-sabado-petrobras-confirma-reajuste\/#primaryimage\",\"url\":\"https:\/\/www.osantarritense.com.br\/jornal\/wp-content\/uploads\/2026\/03\/d1.jpg\",\"contentUrl\":\"https:\/\/www.osantarritense.com.br\/jornal\/wp-content\/uploads\/2026\/03\/d1.jpg\",\"width\":1279,\"height\":868},{\"@type\":\"BreadcrumbList\",\"@id\":\"https:\/\/www.osantarritense.com.br\/jornal\/diesel-mais-caro-a-partir-de-sabado-petrobras-confirma-reajuste\/#breadcrumb\",\"itemListElement\":[{\"@type\":\"ListItem\",\"position\":1,\"name\":\"In\u00edcio\",\"item\":\"https:\/\/www.osantarritense.com.br\/jornal\/\"},{\"@type\":\"ListItem\",\"position\":2,\"name\":\"Diesel mais caro a partir de s\u00e1bado; Petrobras confirma reajuste\"}]},{\"@type\":\"WebSite\",\"@id\":\"https:\/\/www.osantarritense.com.br\/jornal\/#website\",\"url\":\"https:\/\/www.osantarritense.com.br\/jornal\/\",\"name\":\"O Santarritense\",\"description\":\"Jornal\",\"publisher\":{\"@id\":\"https:\/\/www.osantarritense.com.br\/jornal\/#\/schema\/person\/e126b4df363ecdbcf21dc50a978dd9b8\"},\"potentialAction\":[{\"@type\":\"SearchAction\",\"target\":{\"@type\":\"EntryPoint\",\"urlTemplate\":\"https:\/\/www.osantarritense.com.br\/jornal\/?s={search_term_string}\"},\"query-input\":{\"@type\":\"PropertyValueSpecification\",\"valueRequired\":true,\"valueName\":\"search_term_string\"}}],\"inLanguage\":\"pt-BR\"},{\"@type\":[\"Person\",\"Organization\"],\"@id\":\"https:\/\/www.osantarritense.com.br\/jornal\/#\/schema\/person\/e126b4df363ecdbcf21dc50a978dd9b8\",\"name\":\"Reda\u00e7\u00e3o\",\"image\":{\"@type\":\"ImageObject\",\"inLanguage\":\"pt-BR\",\"@id\":\"https:\/\/www.osantarritense.com.br\/jornal\/#\/schema\/person\/image\/\",\"url\":\"https:\/\/www.osantarritense.com.br\/jornal\/wp-content\/uploads\/2026\/02\/cropped-logosantarritense.jpg\",\"contentUrl\":\"https:\/\/www.osantarritense.com.br\/jornal\/wp-content\/uploads\/2026\/02\/cropped-logosantarritense.jpg\",\"width\":1221,\"height\":251,\"caption\":\"Reda\u00e7\u00e3o\"},\"logo\":{\"@id\":\"https:\/\/www.osantarritense.com.br\/jornal\/#\/schema\/person\/image\/\"},\"sameAs\":[\"https:\/\/www.osantarritense.com.br\/jornal\"],\"url\":\"https:\/\/www.osantarritense.com.br\/jornal\/author\/admin\/\"}]}<\/script>\n<!-- \/ Yoast SEO plugin. -->","yoast_head_json":{"title":"Diesel mais caro a partir de s\u00e1bado; Petrobras confirma reajuste - O Santarritense","robots":{"index":"index","follow":"follow","max-snippet":"max-snippet:-1","max-image-preview":"max-image-preview:large","max-video-preview":"max-video-preview:-1"},"canonical":"https:\/\/www.osantarritense.com.br\/jornal\/diesel-mais-caro-a-partir-de-sabado-petrobras-confirma-reajuste\/","og_locale":"pt_BR","og_type":"article","og_title":"Diesel mais caro a partir de s\u00e1bado; Petrobras confirma reajuste - O Santarritense","og_description":"A Petrobras anunciou nesta sexta-feira (13) um reajuste de 11,6% no pre\u00e7o do diesel, que passar\u00e1 a custar R$ 3,65&hellip;","og_url":"https:\/\/www.osantarritense.com.br\/jornal\/diesel-mais-caro-a-partir-de-sabado-petrobras-confirma-reajuste\/","og_site_name":"O Santarritense","article_published_time":"2026-03-13T15:46:30+00:00","og_image":[{"width":1279,"height":868,"url":"https:\/\/www.osantarritense.com.br\/jornal\/wp-content\/uploads\/2026\/03\/d1.jpg","type":"image\/jpeg"}],"author":"Reda\u00e7\u00e3o","twitter_card":"summary_large_image","twitter_misc":{"Escrito por":"Reda\u00e7\u00e3o","Est. tempo de leitura":"3 minutos"},"schema":{"@context":"https:\/\/schema.org","@graph":[{"@type":"Article","@id":"https:\/\/www.osantarritense.com.br\/jornal\/diesel-mais-caro-a-partir-de-sabado-petrobras-confirma-reajuste\/#article","isPartOf":{"@id":"https:\/\/www.osantarritense.com.br\/jornal\/diesel-mais-caro-a-partir-de-sabado-petrobras-confirma-reajuste\/"},"author":{"name":"Reda\u00e7\u00e3o","@id":"https:\/\/www.osantarritense.com.br\/jornal\/#\/schema\/person\/e126b4df363ecdbcf21dc50a978dd9b8"},"headline":"Diesel mais caro a partir de s\u00e1bado; Petrobras confirma reajuste","datePublished":"2026-03-13T15:46:30+00:00","mainEntityOfPage":{"@id":"https:\/\/www.osantarritense.com.br\/jornal\/diesel-mais-caro-a-partir-de-sabado-petrobras-confirma-reajuste\/"},"wordCount":418,"publisher":{"@id":"https:\/\/www.osantarritense.com.br\/jornal\/#\/schema\/person\/e126b4df363ecdbcf21dc50a978dd9b8"},"image":{"@id":"https:\/\/www.osantarritense.com.br\/jornal\/diesel-mais-caro-a-partir-de-sabado-petrobras-confirma-reajuste\/#primaryimage"},"thumbnailUrl":"https:\/\/www.osantarritense.com.br\/jornal\/wp-content\/uploads\/2026\/03\/d1.jpg","articleSection":["Cotidiano"],"inLanguage":"pt-BR"},{"@type":"WebPage","@id":"https:\/\/www.osantarritense.com.br\/jornal\/diesel-mais-caro-a-partir-de-sabado-petrobras-confirma-reajuste\/","url":"https:\/\/www.osantarritense.com.br\/jornal\/diesel-mais-caro-a-partir-de-sabado-petrobras-confirma-reajuste\/","name":"Diesel mais caro a partir de s\u00e1bado; Petrobras confirma reajuste - O Santarritense","isPartOf":{"@id":"https:\/\/www.osantarritense.com.br\/jornal\/#website"},"primaryImageOfPage":{"@id":"https:\/\/www.osantarritense.com.br\/jornal\/diesel-mais-caro-a-partir-de-sabado-petrobras-confirma-reajuste\/#primaryimage"},"image":{"@id":"https:\/\/www.osantarritense.com.br\/jornal\/diesel-mais-caro-a-partir-de-sabado-petrobras-confirma-reajuste\/#primaryimage"},"thumbnailUrl":"https:\/\/www.osantarritense.com.br\/jornal\/wp-content\/uploads\/2026\/03\/d1.jpg","datePublished":"2026-03-13T15:46:30+00:00","breadcrumb":{"@id":"https:\/\/www.osantarritense.com.br\/jornal\/diesel-mais-caro-a-partir-de-sabado-petrobras-confirma-reajuste\/#breadcrumb"},"inLanguage":"pt-BR","potentialAction":[{"@type":"ReadAction","target":["https:\/\/www.osantarritense.com.br\/jornal\/diesel-mais-caro-a-partir-de-sabado-petrobras-confirma-reajuste\/"]}]},{"@type":"ImageObject","inLanguage":"pt-BR","@id":"https:\/\/www.osantarritense.com.br\/jornal\/diesel-mais-caro-a-partir-de-sabado-petrobras-confirma-reajuste\/#primaryimage","url":"https:\/\/www.osantarritense.com.br\/jornal\/wp-content\/uploads\/2026\/03\/d1.jpg","contentUrl":"https:\/\/www.osantarritense.com.br\/jornal\/wp-content\/uploads\/2026\/03\/d1.jpg","width":1279,"height":868},{"@type":"BreadcrumbList","@id":"https:\/\/www.osantarritense.com.br\/jornal\/diesel-mais-caro-a-partir-de-sabado-petrobras-confirma-reajuste\/#breadcrumb","itemListElement":[{"@type":"ListItem","position":1,"name":"In\u00edcio","item":"https:\/\/www.osantarritense.com.br\/jornal\/"},{"@type":"ListItem","position":2,"name":"Diesel mais caro a partir de s\u00e1bado; Petrobras confirma reajuste"}]},{"@type":"WebSite","@id":"https:\/\/www.osantarritense.com.br\/jornal\/#website","url":"https:\/\/www.osantarritense.com.br\/jornal\/","name":"O Santarritense","description":"Jornal","publisher":{"@id":"https:\/\/www.osantarritense.com.br\/jornal\/#\/schema\/person\/e126b4df363ecdbcf21dc50a978dd9b8"},"potentialAction":[{"@type":"SearchAction","target":{"@type":"EntryPoint","urlTemplate":"https:\/\/www.osantarritense.com.br\/jornal\/?s={search_term_string}"},"query-input":{"@type":"PropertyValueSpecification","valueRequired":true,"valueName":"search_term_string"}}],"inLanguage":"pt-BR"},{"@type":["Person","Organization"],"@id":"https:\/\/www.osantarritense.com.br\/jornal\/#\/schema\/person\/e126b4df363ecdbcf21dc50a978dd9b8","name":"Reda\u00e7\u00e3o","image":{"@type":"ImageObject","inLanguage":"pt-BR","@id":"https:\/\/www.osantarritense.com.br\/jornal\/#\/schema\/person\/image\/","url":"https:\/\/www.osantarritense.com.br\/jornal\/wp-content\/uploads\/2026\/02\/cropped-logosantarritense.jpg","contentUrl":"https:\/\/www.osantarritense.com.br\/jornal\/wp-content\/uploads\/2026\/02\/cropped-logosantarritense.jpg","width":1221,"height":251,"caption":"Reda\u00e7\u00e3o"},"logo":{"@id":"https:\/\/www.osantarritense.com.br\/jornal\/#\/schema\/person\/image\/"},"sameAs":["https:\/\/www.osantarritense.com.br\/jornal"],"url":"https:\/\/www.osantarritense.com.br\/jornal\/author\/admin\/"}]}},"_links":{"self":[{"href":"https:\/\/www.osantarritense.com.br\/jornal\/wp-json\/wp\/v2\/posts\/633","targetHints":{"allow":["GET"]}}],"collection":[{"href":"https:\/\/www.osantarritense.com.br\/jornal\/wp-json\/wp\/v2\/posts"}],"about":[{"href":"https:\/\/www.osantarritense.com.br\/jornal\/wp-json\/wp\/v2\/types\/post"}],"author":[{"embeddable":true,"href":"https:\/\/www.osantarritense.com.br\/jornal\/wp-json\/wp\/v2\/users\/1"}],"replies":[{"embeddable":true,"href":"https:\/\/www.osantarritense.com.br\/jornal\/wp-json\/wp\/v2\/comments?post=633"}],"version-history":[{"count":1,"href":"https:\/\/www.osantarritense.com.br\/jornal\/wp-json\/wp\/v2\/posts\/633\/revisions"}],"predecessor-version":[{"id":635,"href":"https:\/\/www.osantarritense.com.br\/jornal\/wp-json\/wp\/v2\/posts\/633\/revisions\/635"}],"wp:featuredmedia":[{"embeddable":true,"href":"https:\/\/www.osantarritense.com.br\/jornal\/wp-json\/wp\/v2\/media\/634"}],"wp:attachment":[{"href":"https:\/\/www.osantarritense.com.br\/jornal\/wp-json\/wp\/v2\/media?parent=633"}],"wp:term":[{"taxonomy":"category","embeddable":true,"href":"https:\/\/www.osantarritense.com.br\/jornal\/wp-json\/wp\/v2\/categories?post=633"},{"taxonomy":"post_tag","embeddable":true,"href":"https:\/\/www.osantarritense.com.br\/jornal\/wp-json\/wp\/v2\/tags?post=633"}],"curies":[{"name":"wp","href":"https:\/\/api.w.org\/{rel}","templated":true}]}}