{"id":626,"date":"2026-03-13T14:43:15","date_gmt":"2026-03-13T14:43:15","guid":{"rendered":"https:\/\/www.osantarritense.com.br\/jornal\/?p=626"},"modified":"2026-03-13T14:43:15","modified_gmt":"2026-03-13T14:43:15","slug":"empresarios-se-unem-para-fortalecer-o-turismo-em-santa-rita-do-passa-quatro","status":"publish","type":"post","link":"https:\/\/www.osantarritense.com.br\/jornal\/empresarios-se-unem-para-fortalecer-o-turismo-em-santa-rita-do-passa-quatro\/","title":{"rendered":"Empres\u00e1rios se unem para fortalecer o turismo em Santa Rita do Passa Quatro"},"content":{"rendered":"<p><span style=\"font-family: tahoma, arial, helvetica, sans-serif;\">Mais de\u00a0<strong>30 empres\u00e1rios e lideran\u00e7as da iniciativa privada ligados ao turismo de Santa Rita do Passa Quatro<\/strong>\u00a0participaram, na noite da \u00faltima segunda-feira (9), de um encontro voltado \u00e0\u00a0<strong>articula\u00e7\u00e3o e fortalecimento do setor tur\u00edstico no munic\u00edpio<\/strong>. A reuni\u00e3o foi realizada no\u00a0<strong>S\u00edtio Santa \u00c2ngela<\/strong>\u00a0e marcou o\u00a0<strong>primeiro encontro do chamado \u201ctrade tur\u00edstico\u201d da cidade<\/strong>.<\/span><\/p>\n<p><span style=\"font-family: tahoma, arial, helvetica, sans-serif;\">\ud83d\udcf1 <em>Siga o O Santarritense no <a href=\"https:\/\/www.instagram.com\/osantarritense\/\">Instagram\u00a0<\/a><\/em><\/span><\/p>\n<p><span style=\"font-family: tahoma, arial, helvetica, sans-serif;\">O evento foi promovido pela\u00a0<strong>Coaliz\u00e3o Empresarial do Turismo de Santa Rita do Passa Quatro<\/strong>\u00a0e reuniu empreendedores de diferentes segmentos ligados direta ou indiretamente ao turismo, como\u00a0<strong>gastronomia, produ\u00e7\u00e3o artesanal, turismo rural, turismo de aventura, com\u00e9rcio, servi\u00e7os e experi\u00eancias voltadas aos visitantes<\/strong>.<\/span><\/p>\n<figure id=\"attachment_628\" aria-describedby=\"caption-attachment-628\" style=\"width: 1006px\" class=\"wp-caption alignnone\"><img loading=\"lazy\" decoding=\"async\" class=\"wp-image-628 size-full\" src=\"https:\/\/www.osantarritense.com.br\/jornal\/wp-content\/uploads\/2026\/03\/a4.jpg\" alt=\"\" width=\"1006\" height=\"696\" srcset=\"https:\/\/www.osantarritense.com.br\/jornal\/wp-content\/uploads\/2026\/03\/a4.jpg 1006w, https:\/\/www.osantarritense.com.br\/jornal\/wp-content\/uploads\/2026\/03\/a4-300x208.jpg 300w, https:\/\/www.osantarritense.com.br\/jornal\/wp-content\/uploads\/2026\/03\/a4-768x531.jpg 768w\" sizes=\"auto, (max-width: 1006px) 100vw, 1006px\" \/><figcaption id=\"caption-attachment-628\" class=\"wp-caption-text\"><span style=\"font-size: 10pt;\"><em>Foto: Divulga\u00e7\u00e3o<\/em><\/span><\/figcaption><\/figure>\n<p><span style=\"font-family: tahoma, arial, helvetica, sans-serif;\">Durante o encontro, os participantes tiveram a oportunidade de\u00a0<strong>apresentar seus neg\u00f3cios, trocar experi\u00eancias e discutir estrat\u00e9gias para integrar o setor<\/strong>, al\u00e9m de buscar caminhos para\u00a0<strong>estimular parcerias e desenvolver a\u00e7\u00f5es que ampliem o potencial tur\u00edstico da cidade<\/strong>.<\/span><\/p>\n<p><span style=\"font-family: tahoma, arial, helvetica, sans-serif;\">A proposta \u00e9\u00a0<strong>organizar e fortalecer o chamado \u201ctrade tur\u00edstico\u201d<\/strong>, termo utilizado para definir o conjunto de empresas, profissionais e institui\u00e7\u00f5es que comp\u00f5em\u00a0<strong>a cadeia produtiva do turismo<\/strong>.<\/span><\/p>\n<p><span style=\"font-family: tahoma, arial, helvetica, sans-serif;\">Entre os participantes estavam representantes da\u00a0<strong>Associa\u00e7\u00e3o dos Produtores Artesanais e Artes\u00e3os Santarritense<\/strong>, da\u00a0<strong>Casa do Doce \u2013 Vila Artesanal<\/strong>, al\u00e9m de diversos empreendedores locais que atuam na\u00a0<strong>valoriza\u00e7\u00e3o da cultura, da gastronomia e das experi\u00eancias oferecidas aos visitantes<\/strong>.<\/span><\/p>\n<figure id=\"attachment_629\" aria-describedby=\"caption-attachment-629\" style=\"width: 960px\" class=\"wp-caption alignnone\"><img loading=\"lazy\" decoding=\"async\" class=\"wp-image-629 size-full\" src=\"https:\/\/www.osantarritense.com.br\/jornal\/wp-content\/uploads\/2026\/03\/a3.jpg\" alt=\"\" width=\"960\" height=\"684\" srcset=\"https:\/\/www.osantarritense.com.br\/jornal\/wp-content\/uploads\/2026\/03\/a3.jpg 960w, https:\/\/www.osantarritense.com.br\/jornal\/wp-content\/uploads\/2026\/03\/a3-300x214.jpg 300w, https:\/\/www.osantarritense.com.br\/jornal\/wp-content\/uploads\/2026\/03\/a3-768x547.jpg 768w\" sizes=\"auto, (max-width: 960px) 100vw, 960px\" \/><figcaption id=\"caption-attachment-629\" class=\"wp-caption-text\"><span style=\"font-size: 10pt;\"><em>Foto: Divulga\u00e7\u00e3o<\/em><\/span><\/figcaption><\/figure>\n<p><span style=\"font-family: tahoma, arial, helvetica, sans-serif;\">Segundo os organizadores, a iniciativa nasce a partir da\u00a0<strong>mobiliza\u00e7\u00e3o de empres\u00e1rios que acreditam na for\u00e7a da coopera\u00e7\u00e3o entre a iniciativa privada<\/strong>\u00a0para transformar o potencial tur\u00edstico j\u00e1 existente em\u00a0<strong>um destino cada vez mais estruturado e atrativo<\/strong>.<\/span><\/p>\n<blockquote><p><em><span style=\"font-family: tahoma, arial, helvetica, sans-serif;\"><strong>\u201cSanta Rita do Passa Quatro j\u00e1 tem um grande potencial tur\u00edstico. O que estamos fazendo agora \u00e9 unir as lideran\u00e7as da iniciativa privada ligadas ao turismo para transformar esse potencial em um destino cada vez mais estruturado. Quando os empres\u00e1rios se conectam, surgem novas ideias, parcerias e oportunidades que fortalecem toda a cidade.\u201d<\/strong><\/span><\/em><br \/>\n<em><span style=\"font-family: tahoma, arial, helvetica, sans-serif;\">\u2014\u00a0<strong>Adriano Penha Rosa Junior<\/strong>, empres\u00e1rio e integrante da Coaliz\u00e3o Empresarial do Turismo de Santa Rita do Passa Quatro.<\/span><\/em><\/p><\/blockquote>\n<p><span style=\"font-family: tahoma, arial, helvetica, sans-serif;\">Novos encontros j\u00e1 est\u00e3o previstos para os pr\u00f3ximos meses. A expectativa do grupo \u00e9\u00a0<strong>dar continuidade \u00e0s discuss\u00f5es e construir a\u00e7\u00f5es coletivas que contribuam para o fortalecimento do turismo e o desenvolvimento econ\u00f4mico de Santa Rita do Passa Quatro<\/strong>.<\/span><\/p>\n<figure id=\"attachment_630\" aria-describedby=\"caption-attachment-630\" style=\"width: 1282px\" class=\"wp-caption alignnone\"><img loading=\"lazy\" decoding=\"async\" class=\"wp-image-630 size-full\" src=\"https:\/\/www.osantarritense.com.br\/jornal\/wp-content\/uploads\/2026\/03\/a5.jpg\" alt=\"\" width=\"1282\" height=\"941\" srcset=\"https:\/\/www.osantarritense.com.br\/jornal\/wp-content\/uploads\/2026\/03\/a5.jpg 1282w, https:\/\/www.osantarritense.com.br\/jornal\/wp-content\/uploads\/2026\/03\/a5-300x220.jpg 300w, https:\/\/www.osantarritense.com.br\/jornal\/wp-content\/uploads\/2026\/03\/a5-1024x752.jpg 1024w, https:\/\/www.osantarritense.com.br\/jornal\/wp-content\/uploads\/2026\/03\/a5-768x564.jpg 768w\" sizes=\"auto, (max-width: 1282px) 100vw, 1282px\" \/><figcaption id=\"caption-attachment-630\" class=\"wp-caption-text\"><span style=\"font-size: 10pt;\"><em>Foto: Divulga\u00e7\u00e3o<\/em><\/span><\/figcaption><\/figure>\n<p style=\"text-align: left;\" data-start=\"778\" data-end=\"1029\" data-is-last-node=\"\" data-is-only-node=\"\"><span style=\"font-family: tahoma, arial, helvetica, sans-serif;\">\u270d\ufe0f <em data-start=\"1160\" data-end=\"1198\" data-is-last-node=\"\">Da reda\u00e7\u00e3o: <a href=\"https:\/\/www.facebook.com\/jornalistatonioliveiraon\/\"><strong>Jornalista Toni Oliveira<\/strong><\/a><\/em><\/span><\/p>\n<p style=\"text-align: left;\"><span style=\"font-family: tahoma, arial, helvetica, sans-serif;\"><em>( Fica proibida a reprodu\u00e7\u00e3o total ou parcial, c\u00f3pia ou distribui\u00e7\u00e3o do conte\u00fado, sem autoriza\u00e7\u00e3o expressa por parte do <strong>jornal O Santarritense<\/strong>)<\/em><\/span><\/p>\n","protected":false},"excerpt":{"rendered":"<p>Mais de\u00a030 empres\u00e1rios e lideran\u00e7as da iniciativa privada ligados ao turismo de Santa Rita do Passa Quatro\u00a0participaram, na noite da&hellip;<\/p>\n","protected":false},"author":1,"featured_media":627,"comment_status":"closed","ping_status":"closed","sticky":false,"template":"","format":"standard","meta":{"footnotes":""},"categories":[3],"tags":[],"class_list":["post-626","post","type-post","status-publish","format-standard","has-post-thumbnail","hentry","category-cidade"],"yoast_head":"<!-- This site is optimized with the Yoast SEO plugin v26.8 - https:\/\/yoast.com\/product\/yoast-seo-wordpress\/ -->\n<title>Empres\u00e1rios se unem para fortalecer o turismo em Santa Rita do Passa Quatro - O Santarritense<\/title>\n<meta name=\"robots\" content=\"index, follow, max-snippet:-1, max-image-preview:large, max-video-preview:-1\" \/>\n<link rel=\"canonical\" href=\"https:\/\/www.osantarritense.com.br\/jornal\/empresarios-se-unem-para-fortalecer-o-turismo-em-santa-rita-do-passa-quatro\/\" \/>\n<meta property=\"og:locale\" content=\"pt_BR\" \/>\n<meta property=\"og:type\" content=\"article\" \/>\n<meta property=\"og:title\" content=\"Empres\u00e1rios se unem para fortalecer o turismo em Santa Rita do Passa Quatro - O Santarritense\" \/>\n<meta property=\"og:description\" content=\"Mais de\u00a030 empres\u00e1rios e lideran\u00e7as da iniciativa privada ligados ao turismo de Santa Rita do Passa Quatro\u00a0participaram, na noite da&hellip;\" \/>\n<meta property=\"og:url\" content=\"https:\/\/www.osantarritense.com.br\/jornal\/empresarios-se-unem-para-fortalecer-o-turismo-em-santa-rita-do-passa-quatro\/\" \/>\n<meta property=\"og:site_name\" content=\"O Santarritense\" \/>\n<meta property=\"article:published_time\" content=\"2026-03-13T14:43:15+00:00\" \/>\n<meta property=\"og:image\" content=\"https:\/\/www.osantarritense.com.br\/jornal\/wp-content\/uploads\/2026\/03\/a1.jpg\" \/>\n\t<meta property=\"og:image:width\" content=\"960\" \/>\n\t<meta property=\"og:image:height\" content=\"676\" \/>\n\t<meta property=\"og:image:type\" content=\"image\/jpeg\" \/>\n<meta name=\"author\" content=\"Reda\u00e7\u00e3o\" \/>\n<meta name=\"twitter:card\" content=\"summary_large_image\" \/>\n<meta name=\"twitter:label1\" content=\"Escrito por\" \/>\n\t<meta name=\"twitter:data1\" content=\"Reda\u00e7\u00e3o\" \/>\n\t<meta name=\"twitter:label2\" content=\"Est. tempo de leitura\" \/>\n\t<meta name=\"twitter:data2\" content=\"3 minutos\" \/>\n<script type=\"application\/ld+json\" class=\"yoast-schema-graph\">{\"@context\":\"https:\/\/schema.org\",\"@graph\":[{\"@type\":\"Article\",\"@id\":\"https:\/\/www.osantarritense.com.br\/jornal\/empresarios-se-unem-para-fortalecer-o-turismo-em-santa-rita-do-passa-quatro\/#article\",\"isPartOf\":{\"@id\":\"https:\/\/www.osantarritense.com.br\/jornal\/empresarios-se-unem-para-fortalecer-o-turismo-em-santa-rita-do-passa-quatro\/\"},\"author\":{\"name\":\"Reda\u00e7\u00e3o\",\"@id\":\"https:\/\/www.osantarritense.com.br\/jornal\/#\/schema\/person\/e126b4df363ecdbcf21dc50a978dd9b8\"},\"headline\":\"Empres\u00e1rios se unem para fortalecer o turismo em Santa Rita do Passa Quatro\",\"datePublished\":\"2026-03-13T14:43:15+00:00\",\"mainEntityOfPage\":{\"@id\":\"https:\/\/www.osantarritense.com.br\/jornal\/empresarios-se-unem-para-fortalecer-o-turismo-em-santa-rita-do-passa-quatro\/\"},\"wordCount\":470,\"publisher\":{\"@id\":\"https:\/\/www.osantarritense.com.br\/jornal\/#\/schema\/person\/e126b4df363ecdbcf21dc50a978dd9b8\"},\"image\":{\"@id\":\"https:\/\/www.osantarritense.com.br\/jornal\/empresarios-se-unem-para-fortalecer-o-turismo-em-santa-rita-do-passa-quatro\/#primaryimage\"},\"thumbnailUrl\":\"https:\/\/www.osantarritense.com.br\/jornal\/wp-content\/uploads\/2026\/03\/a1.jpg\",\"articleSection\":[\"Cidade\"],\"inLanguage\":\"pt-BR\"},{\"@type\":\"WebPage\",\"@id\":\"https:\/\/www.osantarritense.com.br\/jornal\/empresarios-se-unem-para-fortalecer-o-turismo-em-santa-rita-do-passa-quatro\/\",\"url\":\"https:\/\/www.osantarritense.com.br\/jornal\/empresarios-se-unem-para-fortalecer-o-turismo-em-santa-rita-do-passa-quatro\/\",\"name\":\"Empres\u00e1rios se unem para fortalecer o turismo em Santa Rita do Passa Quatro - O Santarritense\",\"isPartOf\":{\"@id\":\"https:\/\/www.osantarritense.com.br\/jornal\/#website\"},\"primaryImageOfPage\":{\"@id\":\"https:\/\/www.osantarritense.com.br\/jornal\/empresarios-se-unem-para-fortalecer-o-turismo-em-santa-rita-do-passa-quatro\/#primaryimage\"},\"image\":{\"@id\":\"https:\/\/www.osantarritense.com.br\/jornal\/empresarios-se-unem-para-fortalecer-o-turismo-em-santa-rita-do-passa-quatro\/#primaryimage\"},\"thumbnailUrl\":\"https:\/\/www.osantarritense.com.br\/jornal\/wp-content\/uploads\/2026\/03\/a1.jpg\",\"datePublished\":\"2026-03-13T14:43:15+00:00\",\"breadcrumb\":{\"@id\":\"https:\/\/www.osantarritense.com.br\/jornal\/empresarios-se-unem-para-fortalecer-o-turismo-em-santa-rita-do-passa-quatro\/#breadcrumb\"},\"inLanguage\":\"pt-BR\",\"potentialAction\":[{\"@type\":\"ReadAction\",\"target\":[\"https:\/\/www.osantarritense.com.br\/jornal\/empresarios-se-unem-para-fortalecer-o-turismo-em-santa-rita-do-passa-quatro\/\"]}]},{\"@type\":\"ImageObject\",\"inLanguage\":\"pt-BR\",\"@id\":\"https:\/\/www.osantarritense.com.br\/jornal\/empresarios-se-unem-para-fortalecer-o-turismo-em-santa-rita-do-passa-quatro\/#primaryimage\",\"url\":\"https:\/\/www.osantarritense.com.br\/jornal\/wp-content\/uploads\/2026\/03\/a1.jpg\",\"contentUrl\":\"https:\/\/www.osantarritense.com.br\/jornal\/wp-content\/uploads\/2026\/03\/a1.jpg\",\"width\":960,\"height\":676},{\"@type\":\"BreadcrumbList\",\"@id\":\"https:\/\/www.osantarritense.com.br\/jornal\/empresarios-se-unem-para-fortalecer-o-turismo-em-santa-rita-do-passa-quatro\/#breadcrumb\",\"itemListElement\":[{\"@type\":\"ListItem\",\"position\":1,\"name\":\"In\u00edcio\",\"item\":\"https:\/\/www.osantarritense.com.br\/jornal\/\"},{\"@type\":\"ListItem\",\"position\":2,\"name\":\"Empres\u00e1rios se unem para fortalecer o turismo em Santa Rita do Passa Quatro\"}]},{\"@type\":\"WebSite\",\"@id\":\"https:\/\/www.osantarritense.com.br\/jornal\/#website\",\"url\":\"https:\/\/www.osantarritense.com.br\/jornal\/\",\"name\":\"O Santarritense\",\"description\":\"Jornal\",\"publisher\":{\"@id\":\"https:\/\/www.osantarritense.com.br\/jornal\/#\/schema\/person\/e126b4df363ecdbcf21dc50a978dd9b8\"},\"potentialAction\":[{\"@type\":\"SearchAction\",\"target\":{\"@type\":\"EntryPoint\",\"urlTemplate\":\"https:\/\/www.osantarritense.com.br\/jornal\/?s={search_term_string}\"},\"query-input\":{\"@type\":\"PropertyValueSpecification\",\"valueRequired\":true,\"valueName\":\"search_term_string\"}}],\"inLanguage\":\"pt-BR\"},{\"@type\":[\"Person\",\"Organization\"],\"@id\":\"https:\/\/www.osantarritense.com.br\/jornal\/#\/schema\/person\/e126b4df363ecdbcf21dc50a978dd9b8\",\"name\":\"Reda\u00e7\u00e3o\",\"image\":{\"@type\":\"ImageObject\",\"inLanguage\":\"pt-BR\",\"@id\":\"https:\/\/www.osantarritense.com.br\/jornal\/#\/schema\/person\/image\/\",\"url\":\"https:\/\/www.osantarritense.com.br\/jornal\/wp-content\/uploads\/2026\/02\/cropped-logosantarritense.jpg\",\"contentUrl\":\"https:\/\/www.osantarritense.com.br\/jornal\/wp-content\/uploads\/2026\/02\/cropped-logosantarritense.jpg\",\"width\":1221,\"height\":251,\"caption\":\"Reda\u00e7\u00e3o\"},\"logo\":{\"@id\":\"https:\/\/www.osantarritense.com.br\/jornal\/#\/schema\/person\/image\/\"},\"sameAs\":[\"https:\/\/www.osantarritense.com.br\/jornal\"],\"url\":\"https:\/\/www.osantarritense.com.br\/jornal\/author\/admin\/\"}]}<\/script>\n<!-- \/ Yoast SEO plugin. -->","yoast_head_json":{"title":"Empres\u00e1rios se unem para fortalecer o turismo em Santa Rita do Passa Quatro - O Santarritense","robots":{"index":"index","follow":"follow","max-snippet":"max-snippet:-1","max-image-preview":"max-image-preview:large","max-video-preview":"max-video-preview:-1"},"canonical":"https:\/\/www.osantarritense.com.br\/jornal\/empresarios-se-unem-para-fortalecer-o-turismo-em-santa-rita-do-passa-quatro\/","og_locale":"pt_BR","og_type":"article","og_title":"Empres\u00e1rios se unem para fortalecer o turismo em Santa Rita do Passa Quatro - O Santarritense","og_description":"Mais de\u00a030 empres\u00e1rios e lideran\u00e7as da iniciativa privada ligados ao turismo de Santa Rita do Passa Quatro\u00a0participaram, na noite da&hellip;","og_url":"https:\/\/www.osantarritense.com.br\/jornal\/empresarios-se-unem-para-fortalecer-o-turismo-em-santa-rita-do-passa-quatro\/","og_site_name":"O Santarritense","article_published_time":"2026-03-13T14:43:15+00:00","og_image":[{"width":960,"height":676,"url":"https:\/\/www.osantarritense.com.br\/jornal\/wp-content\/uploads\/2026\/03\/a1.jpg","type":"image\/jpeg"}],"author":"Reda\u00e7\u00e3o","twitter_card":"summary_large_image","twitter_misc":{"Escrito por":"Reda\u00e7\u00e3o","Est. tempo de leitura":"3 minutos"},"schema":{"@context":"https:\/\/schema.org","@graph":[{"@type":"Article","@id":"https:\/\/www.osantarritense.com.br\/jornal\/empresarios-se-unem-para-fortalecer-o-turismo-em-santa-rita-do-passa-quatro\/#article","isPartOf":{"@id":"https:\/\/www.osantarritense.com.br\/jornal\/empresarios-se-unem-para-fortalecer-o-turismo-em-santa-rita-do-passa-quatro\/"},"author":{"name":"Reda\u00e7\u00e3o","@id":"https:\/\/www.osantarritense.com.br\/jornal\/#\/schema\/person\/e126b4df363ecdbcf21dc50a978dd9b8"},"headline":"Empres\u00e1rios se unem para fortalecer o turismo em Santa Rita do Passa Quatro","datePublished":"2026-03-13T14:43:15+00:00","mainEntityOfPage":{"@id":"https:\/\/www.osantarritense.com.br\/jornal\/empresarios-se-unem-para-fortalecer-o-turismo-em-santa-rita-do-passa-quatro\/"},"wordCount":470,"publisher":{"@id":"https:\/\/www.osantarritense.com.br\/jornal\/#\/schema\/person\/e126b4df363ecdbcf21dc50a978dd9b8"},"image":{"@id":"https:\/\/www.osantarritense.com.br\/jornal\/empresarios-se-unem-para-fortalecer-o-turismo-em-santa-rita-do-passa-quatro\/#primaryimage"},"thumbnailUrl":"https:\/\/www.osantarritense.com.br\/jornal\/wp-content\/uploads\/2026\/03\/a1.jpg","articleSection":["Cidade"],"inLanguage":"pt-BR"},{"@type":"WebPage","@id":"https:\/\/www.osantarritense.com.br\/jornal\/empresarios-se-unem-para-fortalecer-o-turismo-em-santa-rita-do-passa-quatro\/","url":"https:\/\/www.osantarritense.com.br\/jornal\/empresarios-se-unem-para-fortalecer-o-turismo-em-santa-rita-do-passa-quatro\/","name":"Empres\u00e1rios se unem para fortalecer o turismo em Santa Rita do Passa Quatro - O Santarritense","isPartOf":{"@id":"https:\/\/www.osantarritense.com.br\/jornal\/#website"},"primaryImageOfPage":{"@id":"https:\/\/www.osantarritense.com.br\/jornal\/empresarios-se-unem-para-fortalecer-o-turismo-em-santa-rita-do-passa-quatro\/#primaryimage"},"image":{"@id":"https:\/\/www.osantarritense.com.br\/jornal\/empresarios-se-unem-para-fortalecer-o-turismo-em-santa-rita-do-passa-quatro\/#primaryimage"},"thumbnailUrl":"https:\/\/www.osantarritense.com.br\/jornal\/wp-content\/uploads\/2026\/03\/a1.jpg","datePublished":"2026-03-13T14:43:15+00:00","breadcrumb":{"@id":"https:\/\/www.osantarritense.com.br\/jornal\/empresarios-se-unem-para-fortalecer-o-turismo-em-santa-rita-do-passa-quatro\/#breadcrumb"},"inLanguage":"pt-BR","potentialAction":[{"@type":"ReadAction","target":["https:\/\/www.osantarritense.com.br\/jornal\/empresarios-se-unem-para-fortalecer-o-turismo-em-santa-rita-do-passa-quatro\/"]}]},{"@type":"ImageObject","inLanguage":"pt-BR","@id":"https:\/\/www.osantarritense.com.br\/jornal\/empresarios-se-unem-para-fortalecer-o-turismo-em-santa-rita-do-passa-quatro\/#primaryimage","url":"https:\/\/www.osantarritense.com.br\/jornal\/wp-content\/uploads\/2026\/03\/a1.jpg","contentUrl":"https:\/\/www.osantarritense.com.br\/jornal\/wp-content\/uploads\/2026\/03\/a1.jpg","width":960,"height":676},{"@type":"BreadcrumbList","@id":"https:\/\/www.osantarritense.com.br\/jornal\/empresarios-se-unem-para-fortalecer-o-turismo-em-santa-rita-do-passa-quatro\/#breadcrumb","itemListElement":[{"@type":"ListItem","position":1,"name":"In\u00edcio","item":"https:\/\/www.osantarritense.com.br\/jornal\/"},{"@type":"ListItem","position":2,"name":"Empres\u00e1rios se unem para fortalecer o turismo em Santa Rita do Passa Quatro"}]},{"@type":"WebSite","@id":"https:\/\/www.osantarritense.com.br\/jornal\/#website","url":"https:\/\/www.osantarritense.com.br\/jornal\/","name":"O Santarritense","description":"Jornal","publisher":{"@id":"https:\/\/www.osantarritense.com.br\/jornal\/#\/schema\/person\/e126b4df363ecdbcf21dc50a978dd9b8"},"potentialAction":[{"@type":"SearchAction","target":{"@type":"EntryPoint","urlTemplate":"https:\/\/www.osantarritense.com.br\/jornal\/?s={search_term_string}"},"query-input":{"@type":"PropertyValueSpecification","valueRequired":true,"valueName":"search_term_string"}}],"inLanguage":"pt-BR"},{"@type":["Person","Organization"],"@id":"https:\/\/www.osantarritense.com.br\/jornal\/#\/schema\/person\/e126b4df363ecdbcf21dc50a978dd9b8","name":"Reda\u00e7\u00e3o","image":{"@type":"ImageObject","inLanguage":"pt-BR","@id":"https:\/\/www.osantarritense.com.br\/jornal\/#\/schema\/person\/image\/","url":"https:\/\/www.osantarritense.com.br\/jornal\/wp-content\/uploads\/2026\/02\/cropped-logosantarritense.jpg","contentUrl":"https:\/\/www.osantarritense.com.br\/jornal\/wp-content\/uploads\/2026\/02\/cropped-logosantarritense.jpg","width":1221,"height":251,"caption":"Reda\u00e7\u00e3o"},"logo":{"@id":"https:\/\/www.osantarritense.com.br\/jornal\/#\/schema\/person\/image\/"},"sameAs":["https:\/\/www.osantarritense.com.br\/jornal"],"url":"https:\/\/www.osantarritense.com.br\/jornal\/author\/admin\/"}]}},"_links":{"self":[{"href":"https:\/\/www.osantarritense.com.br\/jornal\/wp-json\/wp\/v2\/posts\/626","targetHints":{"allow":["GET"]}}],"collection":[{"href":"https:\/\/www.osantarritense.com.br\/jornal\/wp-json\/wp\/v2\/posts"}],"about":[{"href":"https:\/\/www.osantarritense.com.br\/jornal\/wp-json\/wp\/v2\/types\/post"}],"author":[{"embeddable":true,"href":"https:\/\/www.osantarritense.com.br\/jornal\/wp-json\/wp\/v2\/users\/1"}],"replies":[{"embeddable":true,"href":"https:\/\/www.osantarritense.com.br\/jornal\/wp-json\/wp\/v2\/comments?post=626"}],"version-history":[{"count":1,"href":"https:\/\/www.osantarritense.com.br\/jornal\/wp-json\/wp\/v2\/posts\/626\/revisions"}],"predecessor-version":[{"id":631,"href":"https:\/\/www.osantarritense.com.br\/jornal\/wp-json\/wp\/v2\/posts\/626\/revisions\/631"}],"wp:featuredmedia":[{"embeddable":true,"href":"https:\/\/www.osantarritense.com.br\/jornal\/wp-json\/wp\/v2\/media\/627"}],"wp:attachment":[{"href":"https:\/\/www.osantarritense.com.br\/jornal\/wp-json\/wp\/v2\/media?parent=626"}],"wp:term":[{"taxonomy":"category","embeddable":true,"href":"https:\/\/www.osantarritense.com.br\/jornal\/wp-json\/wp\/v2\/categories?post=626"},{"taxonomy":"post_tag","embeddable":true,"href":"https:\/\/www.osantarritense.com.br\/jornal\/wp-json\/wp\/v2\/tags?post=626"}],"curies":[{"name":"wp","href":"https:\/\/api.w.org\/{rel}","templated":true}]}}