{"id":615,"date":"2026-03-13T12:22:44","date_gmt":"2026-03-13T12:22:44","guid":{"rendered":"https:\/\/www.osantarritense.com.br\/jornal\/?p=615"},"modified":"2026-03-13T12:27:46","modified_gmt":"2026-03-13T12:27:46","slug":"usina-santa-rita-promove-cafe-da-manha-em-homenagem-ao-dia-internacional-da-mulher","status":"publish","type":"post","link":"https:\/\/www.osantarritense.com.br\/jornal\/usina-santa-rita-promove-cafe-da-manha-em-homenagem-ao-dia-internacional-da-mulher\/","title":{"rendered":"Usina Santa Rita promove caf\u00e9 da manh\u00e3 em homenagem ao Dia Internacional da Mulher"},"content":{"rendered":"<div class=\"flex flex-col text-sm pb-25\">\n<article class=\"text-token-text-primary w-full focus:outline-none [--shadow-height:45px] has-data-writing-block:pointer-events-none has-data-writing-block:-mt-(--shadow-height) has-data-writing-block:pt-(--shadow-height) [&amp;:has([data-writing-block])&gt;*]:pointer-events-auto scroll-mt-[calc(var(--header-height)+min(200px,max(70px,20svh)))]\" dir=\"auto\" tabindex=\"-1\" data-turn-id=\"request-69b2b86a-4ed8-8327-8d0f-800114abc7f3-2\" data-testid=\"conversation-turn-36\" data-scroll-anchor=\"true\" data-turn=\"assistant\">\n<div class=\"text-base my-auto mx-auto pb-10 [--thread-content-margin:var(--thread-content-margin-xs,calc(var(--spacing)*4))] @w-sm\/main:[--thread-content-margin:var(--thread-content-margin-sm,calc(var(--spacing)*6))] @w-lg\/main:[--thread-content-margin:var(--thread-content-margin-lg,calc(var(--spacing)*16))] px-(--thread-content-margin)\">\n<div class=\"[--thread-content-max-width:40rem] @w-lg\/main:[--thread-content-max-width:48rem] mx-auto max-w-(--thread-content-max-width) flex-1 group\/turn-messages focus-visible:outline-hidden relative flex w-full min-w-0 flex-col agent-turn\" tabindex=\"-1\">\n<div class=\"flex max-w-full flex-col gap-4 grow\">\n<div class=\"min-h-8 text-message relative flex w-full flex-col items-end gap-2 text-start break-words whitespace-normal [.text-message+&amp;]:mt-1\" dir=\"auto\" data-message-author-role=\"assistant\" data-message-id=\"44dc9bf8-eec4-4b41-a7db-cfb481162e4c\" data-message-model-slug=\"gpt-5-3\">\n<div class=\"flex w-full flex-col gap-1 empty:hidden\">\n<div class=\"markdown prose dark:prose-invert w-full wrap-break-word light markdown-new-styling\">\n<p data-start=\"88\" data-end=\"407\"><span style=\"font-family: tahoma, arial, helvetica, sans-serif;\"><strong data-start=\"88\" data-end=\"136\">Em celebra\u00e7\u00e3o ao Dia Internacional da Mulher<\/strong>, comemorado em 8 de mar\u00e7o, a <strong data-start=\"166\" data-end=\"186\">Usina Santa Rita<\/strong> promoveu, na \u00faltima semana, um <strong data-start=\"218\" data-end=\"281\">caf\u00e9 da manh\u00e3 especial dedicado \u00e0s colaboradoras da empresa<\/strong>. A iniciativa reuniu funcion\u00e1rias em um momento de confraterniza\u00e7\u00e3o e reconhecimento pelo trabalho desenvolvido no dia a dia.<\/span><\/p>\n<p data-start=\"88\" data-end=\"407\"><span style=\"font-family: tahoma, arial, helvetica, sans-serif;\">\ud83d\udcf1 <em>Siga o O Santarritense no <a href=\"https:\/\/www.instagram.com\/osantarritense\/\">Instagram\u00a0<\/a><\/em><\/span><\/p>\n<p data-start=\"409\" data-end=\"600\"><span style=\"font-family: tahoma, arial, helvetica, sans-serif;\">A manh\u00e3 foi marcada por <strong data-start=\"433\" data-end=\"476\">um ambiente de integra\u00e7\u00e3o e valoriza\u00e7\u00e3o<\/strong>, com mesa preparada para recepcionar as participantes e promover um espa\u00e7o de conversa, troca de experi\u00eancias e celebra\u00e7\u00e3o.<\/span><\/p>\n<p data-start=\"602\" data-end=\"822\"><span style=\"font-family: tahoma, arial, helvetica, sans-serif;\">Segundo a empresa, o encontro teve como objetivo <strong data-start=\"651\" data-end=\"780\">homenagear as mulheres que fazem parte da equipe e contribuem diretamente para o funcionamento e o crescimento da organiza\u00e7\u00e3o<\/strong>, atuando em diferentes setores e fun\u00e7\u00f5es.<\/span><\/p>\n<figure id=\"attachment_617\" aria-describedby=\"caption-attachment-617\" style=\"width: 2560px\" class=\"wp-caption alignnone\"><img loading=\"lazy\" decoding=\"async\" class=\"wp-image-617 size-full\" src=\"https:\/\/www.osantarritense.com.br\/jornal\/wp-content\/uploads\/2026\/03\/IMG_5875-scaled.jpg\" alt=\"\" width=\"2560\" height=\"1920\" srcset=\"https:\/\/www.osantarritense.com.br\/jornal\/wp-content\/uploads\/2026\/03\/IMG_5875-scaled.jpg 2560w, https:\/\/www.osantarritense.com.br\/jornal\/wp-content\/uploads\/2026\/03\/IMG_5875-300x225.jpg 300w, https:\/\/www.osantarritense.com.br\/jornal\/wp-content\/uploads\/2026\/03\/IMG_5875-1024x768.jpg 1024w, https:\/\/www.osantarritense.com.br\/jornal\/wp-content\/uploads\/2026\/03\/IMG_5875-768x576.jpg 768w, https:\/\/www.osantarritense.com.br\/jornal\/wp-content\/uploads\/2026\/03\/IMG_5875-1536x1152.jpg 1536w, https:\/\/www.osantarritense.com.br\/jornal\/wp-content\/uploads\/2026\/03\/IMG_5875-2048x1536.jpg 2048w\" sizes=\"auto, (max-width: 2560px) 100vw, 2560px\" \/><figcaption id=\"caption-attachment-617\" class=\"wp-caption-text\"><span style=\"font-size: 10pt;\"><em>Foto: Divulga\u00e7\u00e3o<\/em><\/span><\/figcaption><\/figure>\n<p data-start=\"824\" data-end=\"993\"><span style=\"font-family: tahoma, arial, helvetica, sans-serif;\">Durante o evento, foi destacado o papel das colaboradoras, reconhecendo <strong data-start=\"896\" data-end=\"992\">a dedica\u00e7\u00e3o, o profissionalismo e a import\u00e2ncia da presen\u00e7a feminina no ambiente de trabalho<\/strong>.<\/span><\/p>\n<p data-start=\"995\" data-end=\"1183\" data-is-last-node=\"\" data-is-only-node=\"\"><span style=\"font-family: tahoma, arial, helvetica, sans-serif;\">A a\u00e7\u00e3o tamb\u00e9m buscou refor\u00e7ar <strong data-start=\"1025\" data-end=\"1086\">o respeito e a valoriza\u00e7\u00e3o das mulheres dentro da empresa<\/strong>, destacando a contribui\u00e7\u00e3o de cada profissional na constru\u00e7\u00e3o da trajet\u00f3ria da Usina Santa Rita.<\/span><\/p>\n<figure id=\"attachment_618\" aria-describedby=\"caption-attachment-618\" style=\"width: 1000px\" class=\"wp-caption alignnone\"><img loading=\"lazy\" decoding=\"async\" class=\"wp-image-618 size-full\" src=\"https:\/\/www.osantarritense.com.br\/jornal\/wp-content\/uploads\/2026\/03\/IMG_5851.jpg\" alt=\"\" width=\"1000\" height=\"805\" srcset=\"https:\/\/www.osantarritense.com.br\/jornal\/wp-content\/uploads\/2026\/03\/IMG_5851.jpg 1000w, https:\/\/www.osantarritense.com.br\/jornal\/wp-content\/uploads\/2026\/03\/IMG_5851-300x242.jpg 300w, https:\/\/www.osantarritense.com.br\/jornal\/wp-content\/uploads\/2026\/03\/IMG_5851-768x618.jpg 768w\" sizes=\"auto, (max-width: 1000px) 100vw, 1000px\" \/><figcaption id=\"caption-attachment-618\" class=\"wp-caption-text\"><span style=\"font-size: 10pt;\"><em>Foto: Divulga\u00e7\u00e3o<\/em><\/span><\/figcaption><\/figure>\n<figure id=\"attachment_619\" aria-describedby=\"caption-attachment-619\" style=\"width: 1000px\" class=\"wp-caption alignnone\"><img loading=\"lazy\" decoding=\"async\" class=\"wp-image-619 size-full\" src=\"https:\/\/www.osantarritense.com.br\/jornal\/wp-content\/uploads\/2026\/03\/IMG_5852.jpg\" alt=\"\" width=\"1000\" height=\"659\" srcset=\"https:\/\/www.osantarritense.com.br\/jornal\/wp-content\/uploads\/2026\/03\/IMG_5852.jpg 1000w, https:\/\/www.osantarritense.com.br\/jornal\/wp-content\/uploads\/2026\/03\/IMG_5852-300x198.jpg 300w, https:\/\/www.osantarritense.com.br\/jornal\/wp-content\/uploads\/2026\/03\/IMG_5852-768x506.jpg 768w\" sizes=\"auto, (max-width: 1000px) 100vw, 1000px\" \/><figcaption id=\"caption-attachment-619\" class=\"wp-caption-text\"><em><span style=\"font-size: 10pt;\">Foto: Divulga\u00e7\u00e3o<\/span><\/em><\/figcaption><\/figure>\n<figure id=\"attachment_621\" aria-describedby=\"caption-attachment-621\" style=\"width: 1000px\" class=\"wp-caption alignleft\"><img loading=\"lazy\" decoding=\"async\" class=\"wp-image-621 size-full\" src=\"https:\/\/www.osantarritense.com.br\/jornal\/wp-content\/uploads\/2026\/03\/IMG_5873.jpg\" alt=\"\" width=\"1000\" height=\"765\" srcset=\"https:\/\/www.osantarritense.com.br\/jornal\/wp-content\/uploads\/2026\/03\/IMG_5873.jpg 1000w, https:\/\/www.osantarritense.com.br\/jornal\/wp-content\/uploads\/2026\/03\/IMG_5873-300x230.jpg 300w, https:\/\/www.osantarritense.com.br\/jornal\/wp-content\/uploads\/2026\/03\/IMG_5873-768x588.jpg 768w\" sizes=\"auto, (max-width: 1000px) 100vw, 1000px\" \/><figcaption id=\"caption-attachment-621\" class=\"wp-caption-text\"><em><span style=\"font-size: 10pt;\">Foto: Divulga\u00e7\u00e3o\u00a0 \u00a0<\/span><\/em><\/figcaption><\/figure>\n<figure id=\"attachment_620\" aria-describedby=\"caption-attachment-620\" style=\"width: 1000px\" class=\"wp-caption alignnone\"><img loading=\"lazy\" decoding=\"async\" class=\"wp-image-620 size-full\" src=\"https:\/\/www.osantarritense.com.br\/jornal\/wp-content\/uploads\/2026\/03\/IMG_5864.jpg\" alt=\"\" width=\"1000\" height=\"773\" srcset=\"https:\/\/www.osantarritense.com.br\/jornal\/wp-content\/uploads\/2026\/03\/IMG_5864.jpg 1000w, https:\/\/www.osantarritense.com.br\/jornal\/wp-content\/uploads\/2026\/03\/IMG_5864-300x232.jpg 300w, https:\/\/www.osantarritense.com.br\/jornal\/wp-content\/uploads\/2026\/03\/IMG_5864-768x594.jpg 768w\" sizes=\"auto, (max-width: 1000px) 100vw, 1000px\" \/><figcaption id=\"caption-attachment-620\" class=\"wp-caption-text\"><span style=\"font-size: 10pt;\"><em>Foto: Divulga\u00e7\u00e3o<\/em><\/span><\/figcaption><\/figure>\n<p style=\"text-align: left;\" data-start=\"778\" data-end=\"1029\" data-is-last-node=\"\" data-is-only-node=\"\"><span style=\"font-family: tahoma, arial, helvetica, sans-serif;\">\u270d\ufe0f <em data-start=\"1160\" data-end=\"1198\" data-is-last-node=\"\">Da reda\u00e7\u00e3o: <a href=\"https:\/\/www.facebook.com\/jornalistatonioliveiraon\/\"><strong>Jornalista Toni Oliveira<\/strong><\/a><\/em><\/span><\/p>\n<p style=\"text-align: left;\"><span style=\"font-family: tahoma, arial, helvetica, sans-serif;\"><em>( Fica proibida a reprodu\u00e7\u00e3o total ou parcial, c\u00f3pia ou distribui\u00e7\u00e3o do conte\u00fado, sem autoriza\u00e7\u00e3o expressa por parte do <strong>jornal O Santarritense<\/strong>)<\/em><\/span><\/p>\n<p><em><span style=\"font-size: 10pt;\">\u00a0 \u00a0 \u00a0 \u00a0 \u00a0 \u00a0 \u00a0 \u00a0 \u00a0 \u00a0 \u00a0 \u00a0 \u00a0 \u00a0 \u00a0 \u00a0 \u00a0 \u00a0 \u00a0 \u00a0 \u00a0 \u00a0 \u00a0 \u00a0 \u00a0 \u00a0 \u00a0 \u00a0 \u00a0 \u00a0 \u00a0 \u00a0 \u00a0 \u00a0 \u00a0 \u00a0 \u00a0 \u00a0 \u00a0 \u00a0 \u00a0 \u00a0 \u00a0 \u00a0 \u00a0 \u00a0 \u00a0 \u00a0 \u00a0 \u00a0 \u00a0 \u00a0 \u00a0 \u00a0 \u00a0 \u00a0 \u00a0 \u00a0 \u00a0 \u00a0 \u00a0 \u00a0 \u00a0 \u00a0 \u00a0 \u00a0 \u00a0 \u00a0 \u00a0 \u00a0 \u00a0 \u00a0 \u00a0 \u00a0 \u00a0 \u00a0 \u00a0 \u00a0 \u00a0 \u00a0 \u00a0 \u00a0 \u00a0 \u00a0 \u00a0 \u00a0 \u00a0 \u00a0 \u00a0 \u00a0 \u00a0 \u00a0 \u00a0 \u00a0 \u00a0 \u00a0 \u00a0 \u00a0 \u00a0 \u00a0 \u00a0 \u00a0 \u00a0 \u00a0 \u00a0 \u00a0 \u00a0 \u00a0 \u00a0 \u00a0 \u00a0 \u00a0 \u00a0 \u00a0 \u00a0 \u00a0 \u00a0 \u00a0 \u00a0 \u00a0 \u00a0 \u00a0 \u00a0 \u00a0 \u00a0 \u00a0 \u00a0 \u00a0 \u00a0 \u00a0 \u00a0 \u00a0 \u00a0 \u00a0 \u00a0 \u00a0\u00a0<\/span><\/em><\/div>\n<\/div>\n<\/div>\n<\/div>\n<\/div>\n<\/div>\n<\/article>\n<\/div>\n","protected":false},"excerpt":{"rendered":"<p>Em celebra\u00e7\u00e3o ao Dia Internacional da Mulher, comemorado em 8 de mar\u00e7o, a Usina Santa Rita promoveu, na \u00faltima semana,&hellip;<\/p>\n","protected":false},"author":1,"featured_media":616,"comment_status":"closed","ping_status":"closed","sticky":false,"template":"","format":"standard","meta":{"footnotes":""},"categories":[5],"tags":[],"class_list":["post-615","post","type-post","status-publish","format-standard","has-post-thumbnail","hentry","category-cotidiano"],"yoast_head":"<!-- This site is optimized with the Yoast SEO plugin v26.8 - https:\/\/yoast.com\/product\/yoast-seo-wordpress\/ -->\n<title>Usina Santa Rita promove caf\u00e9 da manh\u00e3 em homenagem ao Dia Internacional da Mulher - O Santarritense<\/title>\n<meta name=\"robots\" content=\"index, follow, max-snippet:-1, max-image-preview:large, max-video-preview:-1\" \/>\n<link rel=\"canonical\" href=\"https:\/\/www.osantarritense.com.br\/jornal\/usina-santa-rita-promove-cafe-da-manha-em-homenagem-ao-dia-internacional-da-mulher\/\" \/>\n<meta property=\"og:locale\" content=\"pt_BR\" \/>\n<meta property=\"og:type\" content=\"article\" \/>\n<meta property=\"og:title\" content=\"Usina Santa Rita promove caf\u00e9 da manh\u00e3 em homenagem ao Dia Internacional da Mulher - O Santarritense\" \/>\n<meta property=\"og:description\" content=\"Em celebra\u00e7\u00e3o ao Dia Internacional da Mulher, comemorado em 8 de mar\u00e7o, a Usina Santa Rita promoveu, na \u00faltima semana,&hellip;\" \/>\n<meta property=\"og:url\" content=\"https:\/\/www.osantarritense.com.br\/jornal\/usina-santa-rita-promove-cafe-da-manha-em-homenagem-ao-dia-internacional-da-mulher\/\" \/>\n<meta property=\"og:site_name\" content=\"O Santarritense\" \/>\n<meta property=\"article:published_time\" content=\"2026-03-13T12:22:44+00:00\" \/>\n<meta property=\"article:modified_time\" content=\"2026-03-13T12:27:46+00:00\" \/>\n<meta property=\"og:image\" content=\"https:\/\/www.osantarritense.com.br\/jornal\/wp-content\/uploads\/2026\/03\/IMG_5859.jpg\" \/>\n\t<meta property=\"og:image:width\" content=\"1000\" \/>\n\t<meta property=\"og:image:height\" content=\"688\" \/>\n\t<meta property=\"og:image:type\" content=\"image\/jpeg\" \/>\n<meta name=\"author\" content=\"Reda\u00e7\u00e3o\" \/>\n<meta name=\"twitter:card\" content=\"summary_large_image\" \/>\n<meta name=\"twitter:label1\" content=\"Escrito por\" \/>\n\t<meta name=\"twitter:data1\" content=\"Reda\u00e7\u00e3o\" \/>\n\t<meta name=\"twitter:label2\" content=\"Est. tempo de leitura\" \/>\n\t<meta name=\"twitter:data2\" content=\"3 minutos\" \/>\n<script type=\"application\/ld+json\" class=\"yoast-schema-graph\">{\"@context\":\"https:\/\/schema.org\",\"@graph\":[{\"@type\":\"Article\",\"@id\":\"https:\/\/www.osantarritense.com.br\/jornal\/usina-santa-rita-promove-cafe-da-manha-em-homenagem-ao-dia-internacional-da-mulher\/#article\",\"isPartOf\":{\"@id\":\"https:\/\/www.osantarritense.com.br\/jornal\/usina-santa-rita-promove-cafe-da-manha-em-homenagem-ao-dia-internacional-da-mulher\/\"},\"author\":{\"name\":\"Reda\u00e7\u00e3o\",\"@id\":\"https:\/\/www.osantarritense.com.br\/jornal\/#\/schema\/person\/e126b4df363ecdbcf21dc50a978dd9b8\"},\"headline\":\"Usina Santa Rita promove caf\u00e9 da manh\u00e3 em homenagem ao Dia Internacional da Mulher\",\"datePublished\":\"2026-03-13T12:22:44+00:00\",\"dateModified\":\"2026-03-13T12:27:46+00:00\",\"mainEntityOfPage\":{\"@id\":\"https:\/\/www.osantarritense.com.br\/jornal\/usina-santa-rita-promove-cafe-da-manha-em-homenagem-ao-dia-internacional-da-mulher\/\"},\"wordCount\":285,\"publisher\":{\"@id\":\"https:\/\/www.osantarritense.com.br\/jornal\/#\/schema\/person\/e126b4df363ecdbcf21dc50a978dd9b8\"},\"image\":{\"@id\":\"https:\/\/www.osantarritense.com.br\/jornal\/usina-santa-rita-promove-cafe-da-manha-em-homenagem-ao-dia-internacional-da-mulher\/#primaryimage\"},\"thumbnailUrl\":\"https:\/\/www.osantarritense.com.br\/jornal\/wp-content\/uploads\/2026\/03\/IMG_5859.jpg\",\"articleSection\":[\"Cotidiano\"],\"inLanguage\":\"pt-BR\"},{\"@type\":\"WebPage\",\"@id\":\"https:\/\/www.osantarritense.com.br\/jornal\/usina-santa-rita-promove-cafe-da-manha-em-homenagem-ao-dia-internacional-da-mulher\/\",\"url\":\"https:\/\/www.osantarritense.com.br\/jornal\/usina-santa-rita-promove-cafe-da-manha-em-homenagem-ao-dia-internacional-da-mulher\/\",\"name\":\"Usina Santa Rita promove caf\u00e9 da manh\u00e3 em homenagem ao Dia Internacional da Mulher - O Santarritense\",\"isPartOf\":{\"@id\":\"https:\/\/www.osantarritense.com.br\/jornal\/#website\"},\"primaryImageOfPage\":{\"@id\":\"https:\/\/www.osantarritense.com.br\/jornal\/usina-santa-rita-promove-cafe-da-manha-em-homenagem-ao-dia-internacional-da-mulher\/#primaryimage\"},\"image\":{\"@id\":\"https:\/\/www.osantarritense.com.br\/jornal\/usina-santa-rita-promove-cafe-da-manha-em-homenagem-ao-dia-internacional-da-mulher\/#primaryimage\"},\"thumbnailUrl\":\"https:\/\/www.osantarritense.com.br\/jornal\/wp-content\/uploads\/2026\/03\/IMG_5859.jpg\",\"datePublished\":\"2026-03-13T12:22:44+00:00\",\"dateModified\":\"2026-03-13T12:27:46+00:00\",\"breadcrumb\":{\"@id\":\"https:\/\/www.osantarritense.com.br\/jornal\/usina-santa-rita-promove-cafe-da-manha-em-homenagem-ao-dia-internacional-da-mulher\/#breadcrumb\"},\"inLanguage\":\"pt-BR\",\"potentialAction\":[{\"@type\":\"ReadAction\",\"target\":[\"https:\/\/www.osantarritense.com.br\/jornal\/usina-santa-rita-promove-cafe-da-manha-em-homenagem-ao-dia-internacional-da-mulher\/\"]}]},{\"@type\":\"ImageObject\",\"inLanguage\":\"pt-BR\",\"@id\":\"https:\/\/www.osantarritense.com.br\/jornal\/usina-santa-rita-promove-cafe-da-manha-em-homenagem-ao-dia-internacional-da-mulher\/#primaryimage\",\"url\":\"https:\/\/www.osantarritense.com.br\/jornal\/wp-content\/uploads\/2026\/03\/IMG_5859.jpg\",\"contentUrl\":\"https:\/\/www.osantarritense.com.br\/jornal\/wp-content\/uploads\/2026\/03\/IMG_5859.jpg\",\"width\":1000,\"height\":688},{\"@type\":\"BreadcrumbList\",\"@id\":\"https:\/\/www.osantarritense.com.br\/jornal\/usina-santa-rita-promove-cafe-da-manha-em-homenagem-ao-dia-internacional-da-mulher\/#breadcrumb\",\"itemListElement\":[{\"@type\":\"ListItem\",\"position\":1,\"name\":\"In\u00edcio\",\"item\":\"https:\/\/www.osantarritense.com.br\/jornal\/\"},{\"@type\":\"ListItem\",\"position\":2,\"name\":\"Usina Santa Rita promove caf\u00e9 da manh\u00e3 em homenagem ao Dia Internacional da Mulher\"}]},{\"@type\":\"WebSite\",\"@id\":\"https:\/\/www.osantarritense.com.br\/jornal\/#website\",\"url\":\"https:\/\/www.osantarritense.com.br\/jornal\/\",\"name\":\"O Santarritense\",\"description\":\"Jornal\",\"publisher\":{\"@id\":\"https:\/\/www.osantarritense.com.br\/jornal\/#\/schema\/person\/e126b4df363ecdbcf21dc50a978dd9b8\"},\"potentialAction\":[{\"@type\":\"SearchAction\",\"target\":{\"@type\":\"EntryPoint\",\"urlTemplate\":\"https:\/\/www.osantarritense.com.br\/jornal\/?s={search_term_string}\"},\"query-input\":{\"@type\":\"PropertyValueSpecification\",\"valueRequired\":true,\"valueName\":\"search_term_string\"}}],\"inLanguage\":\"pt-BR\"},{\"@type\":[\"Person\",\"Organization\"],\"@id\":\"https:\/\/www.osantarritense.com.br\/jornal\/#\/schema\/person\/e126b4df363ecdbcf21dc50a978dd9b8\",\"name\":\"Reda\u00e7\u00e3o\",\"image\":{\"@type\":\"ImageObject\",\"inLanguage\":\"pt-BR\",\"@id\":\"https:\/\/www.osantarritense.com.br\/jornal\/#\/schema\/person\/image\/\",\"url\":\"https:\/\/www.osantarritense.com.br\/jornal\/wp-content\/uploads\/2026\/02\/cropped-logosantarritense.jpg\",\"contentUrl\":\"https:\/\/www.osantarritense.com.br\/jornal\/wp-content\/uploads\/2026\/02\/cropped-logosantarritense.jpg\",\"width\":1221,\"height\":251,\"caption\":\"Reda\u00e7\u00e3o\"},\"logo\":{\"@id\":\"https:\/\/www.osantarritense.com.br\/jornal\/#\/schema\/person\/image\/\"},\"sameAs\":[\"https:\/\/www.osantarritense.com.br\/jornal\"],\"url\":\"https:\/\/www.osantarritense.com.br\/jornal\/author\/admin\/\"}]}<\/script>\n<!-- \/ Yoast SEO plugin. -->","yoast_head_json":{"title":"Usina Santa Rita promove caf\u00e9 da manh\u00e3 em homenagem ao Dia Internacional da Mulher - O Santarritense","robots":{"index":"index","follow":"follow","max-snippet":"max-snippet:-1","max-image-preview":"max-image-preview:large","max-video-preview":"max-video-preview:-1"},"canonical":"https:\/\/www.osantarritense.com.br\/jornal\/usina-santa-rita-promove-cafe-da-manha-em-homenagem-ao-dia-internacional-da-mulher\/","og_locale":"pt_BR","og_type":"article","og_title":"Usina Santa Rita promove caf\u00e9 da manh\u00e3 em homenagem ao Dia Internacional da Mulher - O Santarritense","og_description":"Em celebra\u00e7\u00e3o ao Dia Internacional da Mulher, comemorado em 8 de mar\u00e7o, a Usina Santa Rita promoveu, na \u00faltima semana,&hellip;","og_url":"https:\/\/www.osantarritense.com.br\/jornal\/usina-santa-rita-promove-cafe-da-manha-em-homenagem-ao-dia-internacional-da-mulher\/","og_site_name":"O Santarritense","article_published_time":"2026-03-13T12:22:44+00:00","article_modified_time":"2026-03-13T12:27:46+00:00","og_image":[{"width":1000,"height":688,"url":"https:\/\/www.osantarritense.com.br\/jornal\/wp-content\/uploads\/2026\/03\/IMG_5859.jpg","type":"image\/jpeg"}],"author":"Reda\u00e7\u00e3o","twitter_card":"summary_large_image","twitter_misc":{"Escrito por":"Reda\u00e7\u00e3o","Est. tempo de leitura":"3 minutos"},"schema":{"@context":"https:\/\/schema.org","@graph":[{"@type":"Article","@id":"https:\/\/www.osantarritense.com.br\/jornal\/usina-santa-rita-promove-cafe-da-manha-em-homenagem-ao-dia-internacional-da-mulher\/#article","isPartOf":{"@id":"https:\/\/www.osantarritense.com.br\/jornal\/usina-santa-rita-promove-cafe-da-manha-em-homenagem-ao-dia-internacional-da-mulher\/"},"author":{"name":"Reda\u00e7\u00e3o","@id":"https:\/\/www.osantarritense.com.br\/jornal\/#\/schema\/person\/e126b4df363ecdbcf21dc50a978dd9b8"},"headline":"Usina Santa Rita promove caf\u00e9 da manh\u00e3 em homenagem ao Dia Internacional da Mulher","datePublished":"2026-03-13T12:22:44+00:00","dateModified":"2026-03-13T12:27:46+00:00","mainEntityOfPage":{"@id":"https:\/\/www.osantarritense.com.br\/jornal\/usina-santa-rita-promove-cafe-da-manha-em-homenagem-ao-dia-internacional-da-mulher\/"},"wordCount":285,"publisher":{"@id":"https:\/\/www.osantarritense.com.br\/jornal\/#\/schema\/person\/e126b4df363ecdbcf21dc50a978dd9b8"},"image":{"@id":"https:\/\/www.osantarritense.com.br\/jornal\/usina-santa-rita-promove-cafe-da-manha-em-homenagem-ao-dia-internacional-da-mulher\/#primaryimage"},"thumbnailUrl":"https:\/\/www.osantarritense.com.br\/jornal\/wp-content\/uploads\/2026\/03\/IMG_5859.jpg","articleSection":["Cotidiano"],"inLanguage":"pt-BR"},{"@type":"WebPage","@id":"https:\/\/www.osantarritense.com.br\/jornal\/usina-santa-rita-promove-cafe-da-manha-em-homenagem-ao-dia-internacional-da-mulher\/","url":"https:\/\/www.osantarritense.com.br\/jornal\/usina-santa-rita-promove-cafe-da-manha-em-homenagem-ao-dia-internacional-da-mulher\/","name":"Usina Santa Rita promove caf\u00e9 da manh\u00e3 em homenagem ao Dia Internacional da Mulher - O Santarritense","isPartOf":{"@id":"https:\/\/www.osantarritense.com.br\/jornal\/#website"},"primaryImageOfPage":{"@id":"https:\/\/www.osantarritense.com.br\/jornal\/usina-santa-rita-promove-cafe-da-manha-em-homenagem-ao-dia-internacional-da-mulher\/#primaryimage"},"image":{"@id":"https:\/\/www.osantarritense.com.br\/jornal\/usina-santa-rita-promove-cafe-da-manha-em-homenagem-ao-dia-internacional-da-mulher\/#primaryimage"},"thumbnailUrl":"https:\/\/www.osantarritense.com.br\/jornal\/wp-content\/uploads\/2026\/03\/IMG_5859.jpg","datePublished":"2026-03-13T12:22:44+00:00","dateModified":"2026-03-13T12:27:46+00:00","breadcrumb":{"@id":"https:\/\/www.osantarritense.com.br\/jornal\/usina-santa-rita-promove-cafe-da-manha-em-homenagem-ao-dia-internacional-da-mulher\/#breadcrumb"},"inLanguage":"pt-BR","potentialAction":[{"@type":"ReadAction","target":["https:\/\/www.osantarritense.com.br\/jornal\/usina-santa-rita-promove-cafe-da-manha-em-homenagem-ao-dia-internacional-da-mulher\/"]}]},{"@type":"ImageObject","inLanguage":"pt-BR","@id":"https:\/\/www.osantarritense.com.br\/jornal\/usina-santa-rita-promove-cafe-da-manha-em-homenagem-ao-dia-internacional-da-mulher\/#primaryimage","url":"https:\/\/www.osantarritense.com.br\/jornal\/wp-content\/uploads\/2026\/03\/IMG_5859.jpg","contentUrl":"https:\/\/www.osantarritense.com.br\/jornal\/wp-content\/uploads\/2026\/03\/IMG_5859.jpg","width":1000,"height":688},{"@type":"BreadcrumbList","@id":"https:\/\/www.osantarritense.com.br\/jornal\/usina-santa-rita-promove-cafe-da-manha-em-homenagem-ao-dia-internacional-da-mulher\/#breadcrumb","itemListElement":[{"@type":"ListItem","position":1,"name":"In\u00edcio","item":"https:\/\/www.osantarritense.com.br\/jornal\/"},{"@type":"ListItem","position":2,"name":"Usina Santa Rita promove caf\u00e9 da manh\u00e3 em homenagem ao Dia Internacional da Mulher"}]},{"@type":"WebSite","@id":"https:\/\/www.osantarritense.com.br\/jornal\/#website","url":"https:\/\/www.osantarritense.com.br\/jornal\/","name":"O Santarritense","description":"Jornal","publisher":{"@id":"https:\/\/www.osantarritense.com.br\/jornal\/#\/schema\/person\/e126b4df363ecdbcf21dc50a978dd9b8"},"potentialAction":[{"@type":"SearchAction","target":{"@type":"EntryPoint","urlTemplate":"https:\/\/www.osantarritense.com.br\/jornal\/?s={search_term_string}"},"query-input":{"@type":"PropertyValueSpecification","valueRequired":true,"valueName":"search_term_string"}}],"inLanguage":"pt-BR"},{"@type":["Person","Organization"],"@id":"https:\/\/www.osantarritense.com.br\/jornal\/#\/schema\/person\/e126b4df363ecdbcf21dc50a978dd9b8","name":"Reda\u00e7\u00e3o","image":{"@type":"ImageObject","inLanguage":"pt-BR","@id":"https:\/\/www.osantarritense.com.br\/jornal\/#\/schema\/person\/image\/","url":"https:\/\/www.osantarritense.com.br\/jornal\/wp-content\/uploads\/2026\/02\/cropped-logosantarritense.jpg","contentUrl":"https:\/\/www.osantarritense.com.br\/jornal\/wp-content\/uploads\/2026\/02\/cropped-logosantarritense.jpg","width":1221,"height":251,"caption":"Reda\u00e7\u00e3o"},"logo":{"@id":"https:\/\/www.osantarritense.com.br\/jornal\/#\/schema\/person\/image\/"},"sameAs":["https:\/\/www.osantarritense.com.br\/jornal"],"url":"https:\/\/www.osantarritense.com.br\/jornal\/author\/admin\/"}]}},"_links":{"self":[{"href":"https:\/\/www.osantarritense.com.br\/jornal\/wp-json\/wp\/v2\/posts\/615","targetHints":{"allow":["GET"]}}],"collection":[{"href":"https:\/\/www.osantarritense.com.br\/jornal\/wp-json\/wp\/v2\/posts"}],"about":[{"href":"https:\/\/www.osantarritense.com.br\/jornal\/wp-json\/wp\/v2\/types\/post"}],"author":[{"embeddable":true,"href":"https:\/\/www.osantarritense.com.br\/jornal\/wp-json\/wp\/v2\/users\/1"}],"replies":[{"embeddable":true,"href":"https:\/\/www.osantarritense.com.br\/jornal\/wp-json\/wp\/v2\/comments?post=615"}],"version-history":[{"count":3,"href":"https:\/\/www.osantarritense.com.br\/jornal\/wp-json\/wp\/v2\/posts\/615\/revisions"}],"predecessor-version":[{"id":625,"href":"https:\/\/www.osantarritense.com.br\/jornal\/wp-json\/wp\/v2\/posts\/615\/revisions\/625"}],"wp:featuredmedia":[{"embeddable":true,"href":"https:\/\/www.osantarritense.com.br\/jornal\/wp-json\/wp\/v2\/media\/616"}],"wp:attachment":[{"href":"https:\/\/www.osantarritense.com.br\/jornal\/wp-json\/wp\/v2\/media?parent=615"}],"wp:term":[{"taxonomy":"category","embeddable":true,"href":"https:\/\/www.osantarritense.com.br\/jornal\/wp-json\/wp\/v2\/categories?post=615"},{"taxonomy":"post_tag","embeddable":true,"href":"https:\/\/www.osantarritense.com.br\/jornal\/wp-json\/wp\/v2\/tags?post=615"}],"curies":[{"name":"wp","href":"https:\/\/api.w.org\/{rel}","templated":true}]}}