{"id":612,"date":"2026-03-12T18:52:52","date_gmt":"2026-03-12T18:52:52","guid":{"rendered":"https:\/\/www.osantarritense.com.br\/jornal\/?p=612"},"modified":"2026-03-12T18:52:52","modified_gmt":"2026-03-12T18:52:52","slug":"nova-regra-do-detran-sp-permite-tirar-duas-categorias-de-habilitacao-no-mesmo-dia","status":"publish","type":"post","link":"https:\/\/www.osantarritense.com.br\/jornal\/nova-regra-do-detran-sp-permite-tirar-duas-categorias-de-habilitacao-no-mesmo-dia\/","title":{"rendered":"Nova regra do Detran-SP permite tirar duas categorias de habilita\u00e7\u00e3o no mesmo dia"},"content":{"rendered":"<p data-start=\"114\" data-end=\"472\"><span style=\"font-family: tahoma, arial, helvetica, sans-serif;\">O <strong data-start=\"116\" data-end=\"178\">Departamento Estadual de Tr\u00e2nsito de S\u00e3o Paulo (Detran-SP)<\/strong> adotou novas medidas para <strong data-start=\"205\" data-end=\"250\">facilitar o acesso \u00e0 primeira habilita\u00e7\u00e3o<\/strong> no estado. Entre as mudan\u00e7as, os candidatos agora <strong data-start=\"301\" data-end=\"367\">podem realizar a prova pr\u00e1tica de duas categorias no mesmo dia<\/strong>, medida que busca agilizar o processo para quem pretende tirar a Carteira Nacional de Habilita\u00e7\u00e3o (CNH).<\/span><\/p>\n<p data-start=\"474\" data-end=\"665\"><span style=\"font-family: tahoma, arial, helvetica, sans-serif;\">De acordo com o \u00f3rg\u00e3o, a novidade permite que o candidato <strong data-start=\"532\" data-end=\"607\">fa\u00e7a os exames pr\u00e1ticos de duas categorias de habilita\u00e7\u00e3o na mesma data<\/strong>, reduzindo o tempo de espera entre as etapas do processo.<\/span><\/p>\n<p data-start=\"474\" data-end=\"665\"><span style=\"font-family: tahoma, arial, helvetica, sans-serif;\">\ud83d\udcf1 <em>Siga o O Santarritense no <a href=\"https:\/\/www.instagram.com\/osantarritense\/\">Instagram\u00a0<\/a><\/em><\/span><\/p>\n<p data-start=\"667\" data-end=\"863\"><span style=\"font-family: tahoma, arial, helvetica, sans-serif;\">Outra mudan\u00e7a anunciada pelo Detran-SP \u00e9 que <strong data-start=\"712\" data-end=\"777\">os candidatos poder\u00e3o agendar o exame pr\u00e1tico em outra cidade<\/strong>, caso n\u00e3o haja vaga dispon\u00edvel no munic\u00edpio onde residem <strong data-start=\"835\" data-end=\"862\">no prazo de at\u00e9 15 dias<\/strong>.<\/span><\/p>\n<p data-start=\"865\" data-end=\"1057\"><span style=\"font-family: tahoma, arial, helvetica, sans-serif;\">Nesses casos, quando o agendamento ocorrer em outro munic\u00edpio por falta de vagas, <strong data-start=\"947\" data-end=\"1056\">a autoescola ser\u00e1 respons\u00e1vel por disponibilizar um ve\u00edculo para transportar o aluno at\u00e9 o local da prova<\/strong>.<\/span><\/p>\n<h3 data-section-id=\"1riy66j\" data-start=\"1059\" data-end=\"1101\"><span style=\"font-family: tahoma, arial, helvetica, sans-serif;\">Medida tamb\u00e9m beneficia candidatos PCD<\/span><\/h3>\n<p data-start=\"1103\" data-end=\"1361\"><span style=\"font-family: tahoma, arial, helvetica, sans-serif;\">O Detran-SP tamb\u00e9m anunciou uma medida voltada aos <strong data-start=\"1154\" data-end=\"1190\">candidatos com defici\u00eancia (PCD)<\/strong>. A partir de agora, esses candidatos <strong data-start=\"1228\" data-end=\"1332\">passam a contar com o uso de um tablet para o registro dos resultados da Junta M\u00e9dica Especial (JMR)<\/strong> e tamb\u00e9m da prova realizada.<\/span><\/p>\n<p data-start=\"1363\" data-end=\"1523\"><span style=\"font-family: tahoma, arial, helvetica, sans-serif;\">Segundo o \u00f3rg\u00e3o, a utiliza\u00e7\u00e3o do equipamento <strong data-start=\"1408\" data-end=\"1478\">deve trazer mais agilidade e seguran\u00e7a no registro das informa\u00e7\u00f5es<\/strong>, al\u00e9m de modernizar o processo de avalia\u00e7\u00e3o.<\/span><\/p>\n<p data-start=\"1525\" data-end=\"1686\" data-is-last-node=\"\" data-is-only-node=\"\"><span style=\"font-family: tahoma, arial, helvetica, sans-serif;\">As mudan\u00e7as fazem parte de <strong data-start=\"1552\" data-end=\"1685\">a\u00e7\u00f5es do Detran-SP para simplificar e tornar mais eficiente o processo de obten\u00e7\u00e3o da primeira habilita\u00e7\u00e3o no estado de S\u00e3o Paulo<\/strong>.<\/span><\/p>\n<div id=\"63534-16\" class=\"outbrain-tm\">\n<p data-start=\"778\" data-end=\"1029\" data-is-last-node=\"\" data-is-only-node=\"\"><span style=\"font-family: tahoma, arial, helvetica, sans-serif;\">\u270d\ufe0f <em data-start=\"1160\" data-end=\"1198\" data-is-last-node=\"\">Da reda\u00e7\u00e3o: <a href=\"https:\/\/www.facebook.com\/jornalistatonioliveiraon\/\"><strong>Jornalista Toni Oliveira<\/strong><\/a><\/em><\/span><\/p>\n<p><span style=\"font-family: tahoma, arial, helvetica, sans-serif;\"><em>( Fica proibida a reprodu\u00e7\u00e3o total ou parcial, c\u00f3pia ou distribui\u00e7\u00e3o do conte\u00fado, sem autoriza\u00e7\u00e3o expressa por parte do <strong>jornal O Santarritense<\/strong>)<\/em><\/span><\/p>\n<\/div>\n","protected":false},"excerpt":{"rendered":"<p>O Departamento Estadual de Tr\u00e2nsito de S\u00e3o Paulo (Detran-SP) adotou novas medidas para facilitar o acesso \u00e0 primeira habilita\u00e7\u00e3o no&hellip;<\/p>\n","protected":false},"author":1,"featured_media":613,"comment_status":"closed","ping_status":"closed","sticky":false,"template":"","format":"standard","meta":{"footnotes":""},"categories":[1],"tags":[],"class_list":["post-612","post","type-post","status-publish","format-standard","has-post-thumbnail","hentry","category-uncategorized"],"yoast_head":"<!-- This site is optimized with the Yoast SEO plugin v26.8 - https:\/\/yoast.com\/product\/yoast-seo-wordpress\/ -->\n<title>Nova regra do Detran-SP permite tirar duas categorias de habilita\u00e7\u00e3o no mesmo dia - O Santarritense<\/title>\n<meta name=\"robots\" content=\"index, follow, max-snippet:-1, max-image-preview:large, max-video-preview:-1\" \/>\n<link rel=\"canonical\" href=\"https:\/\/www.osantarritense.com.br\/jornal\/nova-regra-do-detran-sp-permite-tirar-duas-categorias-de-habilitacao-no-mesmo-dia\/\" \/>\n<meta property=\"og:locale\" content=\"pt_BR\" \/>\n<meta property=\"og:type\" content=\"article\" \/>\n<meta property=\"og:title\" content=\"Nova regra do Detran-SP permite tirar duas categorias de habilita\u00e7\u00e3o no mesmo dia - O Santarritense\" \/>\n<meta property=\"og:description\" content=\"O Departamento Estadual de Tr\u00e2nsito de S\u00e3o Paulo (Detran-SP) adotou novas medidas para facilitar o acesso \u00e0 primeira habilita\u00e7\u00e3o no&hellip;\" \/>\n<meta property=\"og:url\" content=\"https:\/\/www.osantarritense.com.br\/jornal\/nova-regra-do-detran-sp-permite-tirar-duas-categorias-de-habilitacao-no-mesmo-dia\/\" \/>\n<meta property=\"og:site_name\" content=\"O Santarritense\" \/>\n<meta property=\"article:published_time\" content=\"2026-03-12T18:52:52+00:00\" \/>\n<meta property=\"og:image\" content=\"https:\/\/www.osantarritense.com.br\/jornal\/wp-content\/uploads\/2026\/03\/woman-learning-drive-car-going-reverse.jpg\" \/>\n\t<meta property=\"og:image:width\" content=\"1000\" \/>\n\t<meta property=\"og:image:height\" content=\"667\" \/>\n\t<meta property=\"og:image:type\" content=\"image\/jpeg\" \/>\n<meta name=\"author\" content=\"Reda\u00e7\u00e3o\" \/>\n<meta name=\"twitter:card\" content=\"summary_large_image\" \/>\n<meta name=\"twitter:label1\" content=\"Escrito por\" \/>\n\t<meta name=\"twitter:data1\" content=\"Reda\u00e7\u00e3o\" \/>\n\t<meta name=\"twitter:label2\" content=\"Est. tempo de leitura\" \/>\n\t<meta name=\"twitter:data2\" content=\"2 minutos\" \/>\n<script type=\"application\/ld+json\" class=\"yoast-schema-graph\">{\"@context\":\"https:\/\/schema.org\",\"@graph\":[{\"@type\":\"Article\",\"@id\":\"https:\/\/www.osantarritense.com.br\/jornal\/nova-regra-do-detran-sp-permite-tirar-duas-categorias-de-habilitacao-no-mesmo-dia\/#article\",\"isPartOf\":{\"@id\":\"https:\/\/www.osantarritense.com.br\/jornal\/nova-regra-do-detran-sp-permite-tirar-duas-categorias-de-habilitacao-no-mesmo-dia\/\"},\"author\":{\"name\":\"Reda\u00e7\u00e3o\",\"@id\":\"https:\/\/www.osantarritense.com.br\/jornal\/#\/schema\/person\/e126b4df363ecdbcf21dc50a978dd9b8\"},\"headline\":\"Nova regra do Detran-SP permite tirar duas categorias de habilita\u00e7\u00e3o no mesmo dia\",\"datePublished\":\"2026-03-12T18:52:52+00:00\",\"mainEntityOfPage\":{\"@id\":\"https:\/\/www.osantarritense.com.br\/jornal\/nova-regra-do-detran-sp-permite-tirar-duas-categorias-de-habilitacao-no-mesmo-dia\/\"},\"wordCount\":330,\"publisher\":{\"@id\":\"https:\/\/www.osantarritense.com.br\/jornal\/#\/schema\/person\/e126b4df363ecdbcf21dc50a978dd9b8\"},\"image\":{\"@id\":\"https:\/\/www.osantarritense.com.br\/jornal\/nova-regra-do-detran-sp-permite-tirar-duas-categorias-de-habilitacao-no-mesmo-dia\/#primaryimage\"},\"thumbnailUrl\":\"https:\/\/www.osantarritense.com.br\/jornal\/wp-content\/uploads\/2026\/03\/woman-learning-drive-car-going-reverse.jpg\",\"articleSection\":[\"Uncategorized\"],\"inLanguage\":\"pt-BR\"},{\"@type\":\"WebPage\",\"@id\":\"https:\/\/www.osantarritense.com.br\/jornal\/nova-regra-do-detran-sp-permite-tirar-duas-categorias-de-habilitacao-no-mesmo-dia\/\",\"url\":\"https:\/\/www.osantarritense.com.br\/jornal\/nova-regra-do-detran-sp-permite-tirar-duas-categorias-de-habilitacao-no-mesmo-dia\/\",\"name\":\"Nova regra do Detran-SP permite tirar duas categorias de habilita\u00e7\u00e3o no mesmo dia - O Santarritense\",\"isPartOf\":{\"@id\":\"https:\/\/www.osantarritense.com.br\/jornal\/#website\"},\"primaryImageOfPage\":{\"@id\":\"https:\/\/www.osantarritense.com.br\/jornal\/nova-regra-do-detran-sp-permite-tirar-duas-categorias-de-habilitacao-no-mesmo-dia\/#primaryimage\"},\"image\":{\"@id\":\"https:\/\/www.osantarritense.com.br\/jornal\/nova-regra-do-detran-sp-permite-tirar-duas-categorias-de-habilitacao-no-mesmo-dia\/#primaryimage\"},\"thumbnailUrl\":\"https:\/\/www.osantarritense.com.br\/jornal\/wp-content\/uploads\/2026\/03\/woman-learning-drive-car-going-reverse.jpg\",\"datePublished\":\"2026-03-12T18:52:52+00:00\",\"breadcrumb\":{\"@id\":\"https:\/\/www.osantarritense.com.br\/jornal\/nova-regra-do-detran-sp-permite-tirar-duas-categorias-de-habilitacao-no-mesmo-dia\/#breadcrumb\"},\"inLanguage\":\"pt-BR\",\"potentialAction\":[{\"@type\":\"ReadAction\",\"target\":[\"https:\/\/www.osantarritense.com.br\/jornal\/nova-regra-do-detran-sp-permite-tirar-duas-categorias-de-habilitacao-no-mesmo-dia\/\"]}]},{\"@type\":\"ImageObject\",\"inLanguage\":\"pt-BR\",\"@id\":\"https:\/\/www.osantarritense.com.br\/jornal\/nova-regra-do-detran-sp-permite-tirar-duas-categorias-de-habilitacao-no-mesmo-dia\/#primaryimage\",\"url\":\"https:\/\/www.osantarritense.com.br\/jornal\/wp-content\/uploads\/2026\/03\/woman-learning-drive-car-going-reverse.jpg\",\"contentUrl\":\"https:\/\/www.osantarritense.com.br\/jornal\/wp-content\/uploads\/2026\/03\/woman-learning-drive-car-going-reverse.jpg\",\"width\":1000,\"height\":667,\"caption\":\"Woman learning to drive a car and going reverse.\"},{\"@type\":\"BreadcrumbList\",\"@id\":\"https:\/\/www.osantarritense.com.br\/jornal\/nova-regra-do-detran-sp-permite-tirar-duas-categorias-de-habilitacao-no-mesmo-dia\/#breadcrumb\",\"itemListElement\":[{\"@type\":\"ListItem\",\"position\":1,\"name\":\"In\u00edcio\",\"item\":\"https:\/\/www.osantarritense.com.br\/jornal\/\"},{\"@type\":\"ListItem\",\"position\":2,\"name\":\"Nova regra do Detran-SP permite tirar duas categorias de habilita\u00e7\u00e3o no mesmo dia\"}]},{\"@type\":\"WebSite\",\"@id\":\"https:\/\/www.osantarritense.com.br\/jornal\/#website\",\"url\":\"https:\/\/www.osantarritense.com.br\/jornal\/\",\"name\":\"O Santarritense\",\"description\":\"Jornal\",\"publisher\":{\"@id\":\"https:\/\/www.osantarritense.com.br\/jornal\/#\/schema\/person\/e126b4df363ecdbcf21dc50a978dd9b8\"},\"potentialAction\":[{\"@type\":\"SearchAction\",\"target\":{\"@type\":\"EntryPoint\",\"urlTemplate\":\"https:\/\/www.osantarritense.com.br\/jornal\/?s={search_term_string}\"},\"query-input\":{\"@type\":\"PropertyValueSpecification\",\"valueRequired\":true,\"valueName\":\"search_term_string\"}}],\"inLanguage\":\"pt-BR\"},{\"@type\":[\"Person\",\"Organization\"],\"@id\":\"https:\/\/www.osantarritense.com.br\/jornal\/#\/schema\/person\/e126b4df363ecdbcf21dc50a978dd9b8\",\"name\":\"Reda\u00e7\u00e3o\",\"image\":{\"@type\":\"ImageObject\",\"inLanguage\":\"pt-BR\",\"@id\":\"https:\/\/www.osantarritense.com.br\/jornal\/#\/schema\/person\/image\/\",\"url\":\"https:\/\/www.osantarritense.com.br\/jornal\/wp-content\/uploads\/2026\/02\/cropped-logosantarritense.jpg\",\"contentUrl\":\"https:\/\/www.osantarritense.com.br\/jornal\/wp-content\/uploads\/2026\/02\/cropped-logosantarritense.jpg\",\"width\":1221,\"height\":251,\"caption\":\"Reda\u00e7\u00e3o\"},\"logo\":{\"@id\":\"https:\/\/www.osantarritense.com.br\/jornal\/#\/schema\/person\/image\/\"},\"sameAs\":[\"https:\/\/www.osantarritense.com.br\/jornal\"],\"url\":\"https:\/\/www.osantarritense.com.br\/jornal\/author\/admin\/\"}]}<\/script>\n<!-- \/ Yoast SEO plugin. -->","yoast_head_json":{"title":"Nova regra do Detran-SP permite tirar duas categorias de habilita\u00e7\u00e3o no mesmo dia - O Santarritense","robots":{"index":"index","follow":"follow","max-snippet":"max-snippet:-1","max-image-preview":"max-image-preview:large","max-video-preview":"max-video-preview:-1"},"canonical":"https:\/\/www.osantarritense.com.br\/jornal\/nova-regra-do-detran-sp-permite-tirar-duas-categorias-de-habilitacao-no-mesmo-dia\/","og_locale":"pt_BR","og_type":"article","og_title":"Nova regra do Detran-SP permite tirar duas categorias de habilita\u00e7\u00e3o no mesmo dia - O Santarritense","og_description":"O Departamento Estadual de Tr\u00e2nsito de S\u00e3o Paulo (Detran-SP) adotou novas medidas para facilitar o acesso \u00e0 primeira habilita\u00e7\u00e3o no&hellip;","og_url":"https:\/\/www.osantarritense.com.br\/jornal\/nova-regra-do-detran-sp-permite-tirar-duas-categorias-de-habilitacao-no-mesmo-dia\/","og_site_name":"O Santarritense","article_published_time":"2026-03-12T18:52:52+00:00","og_image":[{"width":1000,"height":667,"url":"https:\/\/www.osantarritense.com.br\/jornal\/wp-content\/uploads\/2026\/03\/woman-learning-drive-car-going-reverse.jpg","type":"image\/jpeg"}],"author":"Reda\u00e7\u00e3o","twitter_card":"summary_large_image","twitter_misc":{"Escrito por":"Reda\u00e7\u00e3o","Est. tempo de leitura":"2 minutos"},"schema":{"@context":"https:\/\/schema.org","@graph":[{"@type":"Article","@id":"https:\/\/www.osantarritense.com.br\/jornal\/nova-regra-do-detran-sp-permite-tirar-duas-categorias-de-habilitacao-no-mesmo-dia\/#article","isPartOf":{"@id":"https:\/\/www.osantarritense.com.br\/jornal\/nova-regra-do-detran-sp-permite-tirar-duas-categorias-de-habilitacao-no-mesmo-dia\/"},"author":{"name":"Reda\u00e7\u00e3o","@id":"https:\/\/www.osantarritense.com.br\/jornal\/#\/schema\/person\/e126b4df363ecdbcf21dc50a978dd9b8"},"headline":"Nova regra do Detran-SP permite tirar duas categorias de habilita\u00e7\u00e3o no mesmo dia","datePublished":"2026-03-12T18:52:52+00:00","mainEntityOfPage":{"@id":"https:\/\/www.osantarritense.com.br\/jornal\/nova-regra-do-detran-sp-permite-tirar-duas-categorias-de-habilitacao-no-mesmo-dia\/"},"wordCount":330,"publisher":{"@id":"https:\/\/www.osantarritense.com.br\/jornal\/#\/schema\/person\/e126b4df363ecdbcf21dc50a978dd9b8"},"image":{"@id":"https:\/\/www.osantarritense.com.br\/jornal\/nova-regra-do-detran-sp-permite-tirar-duas-categorias-de-habilitacao-no-mesmo-dia\/#primaryimage"},"thumbnailUrl":"https:\/\/www.osantarritense.com.br\/jornal\/wp-content\/uploads\/2026\/03\/woman-learning-drive-car-going-reverse.jpg","articleSection":["Uncategorized"],"inLanguage":"pt-BR"},{"@type":"WebPage","@id":"https:\/\/www.osantarritense.com.br\/jornal\/nova-regra-do-detran-sp-permite-tirar-duas-categorias-de-habilitacao-no-mesmo-dia\/","url":"https:\/\/www.osantarritense.com.br\/jornal\/nova-regra-do-detran-sp-permite-tirar-duas-categorias-de-habilitacao-no-mesmo-dia\/","name":"Nova regra do Detran-SP permite tirar duas categorias de habilita\u00e7\u00e3o no mesmo dia - O Santarritense","isPartOf":{"@id":"https:\/\/www.osantarritense.com.br\/jornal\/#website"},"primaryImageOfPage":{"@id":"https:\/\/www.osantarritense.com.br\/jornal\/nova-regra-do-detran-sp-permite-tirar-duas-categorias-de-habilitacao-no-mesmo-dia\/#primaryimage"},"image":{"@id":"https:\/\/www.osantarritense.com.br\/jornal\/nova-regra-do-detran-sp-permite-tirar-duas-categorias-de-habilitacao-no-mesmo-dia\/#primaryimage"},"thumbnailUrl":"https:\/\/www.osantarritense.com.br\/jornal\/wp-content\/uploads\/2026\/03\/woman-learning-drive-car-going-reverse.jpg","datePublished":"2026-03-12T18:52:52+00:00","breadcrumb":{"@id":"https:\/\/www.osantarritense.com.br\/jornal\/nova-regra-do-detran-sp-permite-tirar-duas-categorias-de-habilitacao-no-mesmo-dia\/#breadcrumb"},"inLanguage":"pt-BR","potentialAction":[{"@type":"ReadAction","target":["https:\/\/www.osantarritense.com.br\/jornal\/nova-regra-do-detran-sp-permite-tirar-duas-categorias-de-habilitacao-no-mesmo-dia\/"]}]},{"@type":"ImageObject","inLanguage":"pt-BR","@id":"https:\/\/www.osantarritense.com.br\/jornal\/nova-regra-do-detran-sp-permite-tirar-duas-categorias-de-habilitacao-no-mesmo-dia\/#primaryimage","url":"https:\/\/www.osantarritense.com.br\/jornal\/wp-content\/uploads\/2026\/03\/woman-learning-drive-car-going-reverse.jpg","contentUrl":"https:\/\/www.osantarritense.com.br\/jornal\/wp-content\/uploads\/2026\/03\/woman-learning-drive-car-going-reverse.jpg","width":1000,"height":667,"caption":"Woman learning to drive a car and going reverse."},{"@type":"BreadcrumbList","@id":"https:\/\/www.osantarritense.com.br\/jornal\/nova-regra-do-detran-sp-permite-tirar-duas-categorias-de-habilitacao-no-mesmo-dia\/#breadcrumb","itemListElement":[{"@type":"ListItem","position":1,"name":"In\u00edcio","item":"https:\/\/www.osantarritense.com.br\/jornal\/"},{"@type":"ListItem","position":2,"name":"Nova regra do Detran-SP permite tirar duas categorias de habilita\u00e7\u00e3o no mesmo dia"}]},{"@type":"WebSite","@id":"https:\/\/www.osantarritense.com.br\/jornal\/#website","url":"https:\/\/www.osantarritense.com.br\/jornal\/","name":"O Santarritense","description":"Jornal","publisher":{"@id":"https:\/\/www.osantarritense.com.br\/jornal\/#\/schema\/person\/e126b4df363ecdbcf21dc50a978dd9b8"},"potentialAction":[{"@type":"SearchAction","target":{"@type":"EntryPoint","urlTemplate":"https:\/\/www.osantarritense.com.br\/jornal\/?s={search_term_string}"},"query-input":{"@type":"PropertyValueSpecification","valueRequired":true,"valueName":"search_term_string"}}],"inLanguage":"pt-BR"},{"@type":["Person","Organization"],"@id":"https:\/\/www.osantarritense.com.br\/jornal\/#\/schema\/person\/e126b4df363ecdbcf21dc50a978dd9b8","name":"Reda\u00e7\u00e3o","image":{"@type":"ImageObject","inLanguage":"pt-BR","@id":"https:\/\/www.osantarritense.com.br\/jornal\/#\/schema\/person\/image\/","url":"https:\/\/www.osantarritense.com.br\/jornal\/wp-content\/uploads\/2026\/02\/cropped-logosantarritense.jpg","contentUrl":"https:\/\/www.osantarritense.com.br\/jornal\/wp-content\/uploads\/2026\/02\/cropped-logosantarritense.jpg","width":1221,"height":251,"caption":"Reda\u00e7\u00e3o"},"logo":{"@id":"https:\/\/www.osantarritense.com.br\/jornal\/#\/schema\/person\/image\/"},"sameAs":["https:\/\/www.osantarritense.com.br\/jornal"],"url":"https:\/\/www.osantarritense.com.br\/jornal\/author\/admin\/"}]}},"_links":{"self":[{"href":"https:\/\/www.osantarritense.com.br\/jornal\/wp-json\/wp\/v2\/posts\/612","targetHints":{"allow":["GET"]}}],"collection":[{"href":"https:\/\/www.osantarritense.com.br\/jornal\/wp-json\/wp\/v2\/posts"}],"about":[{"href":"https:\/\/www.osantarritense.com.br\/jornal\/wp-json\/wp\/v2\/types\/post"}],"author":[{"embeddable":true,"href":"https:\/\/www.osantarritense.com.br\/jornal\/wp-json\/wp\/v2\/users\/1"}],"replies":[{"embeddable":true,"href":"https:\/\/www.osantarritense.com.br\/jornal\/wp-json\/wp\/v2\/comments?post=612"}],"version-history":[{"count":1,"href":"https:\/\/www.osantarritense.com.br\/jornal\/wp-json\/wp\/v2\/posts\/612\/revisions"}],"predecessor-version":[{"id":614,"href":"https:\/\/www.osantarritense.com.br\/jornal\/wp-json\/wp\/v2\/posts\/612\/revisions\/614"}],"wp:featuredmedia":[{"embeddable":true,"href":"https:\/\/www.osantarritense.com.br\/jornal\/wp-json\/wp\/v2\/media\/613"}],"wp:attachment":[{"href":"https:\/\/www.osantarritense.com.br\/jornal\/wp-json\/wp\/v2\/media?parent=612"}],"wp:term":[{"taxonomy":"category","embeddable":true,"href":"https:\/\/www.osantarritense.com.br\/jornal\/wp-json\/wp\/v2\/categories?post=612"},{"taxonomy":"post_tag","embeddable":true,"href":"https:\/\/www.osantarritense.com.br\/jornal\/wp-json\/wp\/v2\/tags?post=612"}],"curies":[{"name":"wp","href":"https:\/\/api.w.org\/{rel}","templated":true}]}}