{"id":606,"date":"2026-03-12T15:57:15","date_gmt":"2026-03-12T15:57:15","guid":{"rendered":"https:\/\/www.osantarritense.com.br\/jornal\/?p=606"},"modified":"2026-03-12T16:27:45","modified_gmt":"2026-03-12T16:27:45","slug":"santa-rita-realiza-1a-edicao-do-troca-verde-e-incentiva-coleta-seletiva","status":"publish","type":"post","link":"https:\/\/www.osantarritense.com.br\/jornal\/santa-rita-realiza-1a-edicao-do-troca-verde-e-incentiva-coleta-seletiva\/","title":{"rendered":"Santa Rita realiza 1\u00aa edi\u00e7\u00e3o do Troca Verde e incentiva coleta seletiva"},"content":{"rendered":"<div class=\"flex flex-col text-sm pb-25\">\n<article class=\"text-token-text-primary w-full focus:outline-none [--shadow-height:45px] has-data-writing-block:pointer-events-none has-data-writing-block:-mt-(--shadow-height) has-data-writing-block:pt-(--shadow-height) [&amp;:has([data-writing-block])&gt;*]:pointer-events-auto scroll-mt-[calc(var(--header-height)+min(200px,max(70px,20svh)))]\" dir=\"auto\" tabindex=\"-1\" data-turn-id=\"request-WEB:1ad41148-5238-41f6-b012-c92b173a2ade-21\" data-testid=\"conversation-turn-24\" data-scroll-anchor=\"true\" data-turn=\"assistant\">\n<div class=\"text-base my-auto mx-auto pb-10 [--thread-content-margin:var(--thread-content-margin-xs,calc(var(--spacing)*4))] @w-sm\/main:[--thread-content-margin:var(--thread-content-margin-sm,calc(var(--spacing)*6))] @w-lg\/main:[--thread-content-margin:var(--thread-content-margin-lg,calc(var(--spacing)*16))] px-(--thread-content-margin)\">\n<div class=\"[--thread-content-max-width:40rem] @w-lg\/main:[--thread-content-max-width:48rem] mx-auto max-w-(--thread-content-max-width) flex-1 group\/turn-messages focus-visible:outline-hidden relative flex w-full min-w-0 flex-col agent-turn\" tabindex=\"-1\">\n<div class=\"flex max-w-full flex-col gap-4 grow\">\n<div class=\"min-h-8 text-message relative flex w-full flex-col items-end gap-2 text-start break-words whitespace-normal [.text-message+&amp;]:mt-1\" dir=\"auto\" data-message-author-role=\"assistant\" data-message-id=\"fb761757-35c6-456c-84bb-48e54a12ea77\" data-message-model-slug=\"gpt-5-3\">\n<div class=\"flex w-full flex-col gap-1 empty:hidden\">\n<div class=\"markdown prose dark:prose-invert w-full wrap-break-word light markdown-new-styling\">\n<p data-start=\"114\" data-end=\"383\"><span style=\"font-family: tahoma, arial, helvetica, sans-serif;\"><strong data-start=\"114\" data-end=\"148\">Nesta \u00faltima quarta-feira (11)<\/strong>, a Prefeitura de <strong data-start=\"166\" data-end=\"196\">Santa Rita do Passa Quatro<\/strong> promoveu a <strong data-start=\"208\" data-end=\"251\">primeira edi\u00e7\u00e3o do programa Troca Verde<\/strong>, iniciativa voltada ao <strong data-start=\"275\" data-end=\"382\">incentivo da coleta seletiva, \u00e0 conscientiza\u00e7\u00e3o ambiental e \u00e0 promo\u00e7\u00e3o da sustentabilidade no munic\u00edpio<\/strong>.<\/span><\/p>\n<p data-start=\"114\" data-end=\"383\"><span style=\"font-family: tahoma, arial, helvetica, sans-serif;\">\ud83d\udcf1 <em>Siga o O Santarritense no <a href=\"https:\/\/www.instagram.com\/osantarritense\/\">Instagram\u00a0<\/a><\/em><\/span><\/p>\n<p data-start=\"385\" data-end=\"733\"><span style=\"font-family: tahoma, arial, helvetica, sans-serif;\">A a\u00e7\u00e3o foi realizada no <strong data-start=\"409\" data-end=\"463\">Departamento de Agricultura e Meio Ambiente (DAMA)<\/strong> e contou com a participa\u00e7\u00e3o de moradores que levaram <strong data-start=\"517\" data-end=\"576\">materiais recicl\u00e1veis limpos para troca por hortifrutis<\/strong>, como frutas, verduras e legumes. A proposta \u00e9 <strong data-start=\"624\" data-end=\"732\">estimular a destina\u00e7\u00e3o correta dos res\u00edduos e, ao mesmo tempo, contribuir com a alimenta\u00e7\u00e3o das fam\u00edlias<\/strong>.<\/span><\/p>\n<figure id=\"attachment_608\" aria-describedby=\"caption-attachment-608\" style=\"width: 1066px\" class=\"wp-caption alignnone\"><img loading=\"lazy\" decoding=\"async\" class=\"wp-image-608 size-full\" src=\"https:\/\/www.osantarritense.com.br\/jornal\/wp-content\/uploads\/2026\/03\/fbff6a93-1692-4379-9cf4-32f6b9e5a4a5.jpg\" alt=\"\" width=\"1066\" height=\"1600\" srcset=\"https:\/\/www.osantarritense.com.br\/jornal\/wp-content\/uploads\/2026\/03\/fbff6a93-1692-4379-9cf4-32f6b9e5a4a5.jpg 1066w, https:\/\/www.osantarritense.com.br\/jornal\/wp-content\/uploads\/2026\/03\/fbff6a93-1692-4379-9cf4-32f6b9e5a4a5-200x300.jpg 200w, https:\/\/www.osantarritense.com.br\/jornal\/wp-content\/uploads\/2026\/03\/fbff6a93-1692-4379-9cf4-32f6b9e5a4a5-682x1024.jpg 682w, https:\/\/www.osantarritense.com.br\/jornal\/wp-content\/uploads\/2026\/03\/fbff6a93-1692-4379-9cf4-32f6b9e5a4a5-768x1153.jpg 768w, https:\/\/www.osantarritense.com.br\/jornal\/wp-content\/uploads\/2026\/03\/fbff6a93-1692-4379-9cf4-32f6b9e5a4a5-1023x1536.jpg 1023w\" sizes=\"auto, (max-width: 1066px) 100vw, 1066px\" \/><figcaption id=\"caption-attachment-608\" class=\"wp-caption-text\"><span style=\"font-size: 10pt;\"><em> Foto: SECOM\/Prefeitura <\/em><\/span><\/figcaption><\/figure>\n<p data-start=\"735\" data-end=\"931\"><span style=\"font-family: tahoma, arial, helvetica, sans-serif;\">O evento contou com a presen\u00e7a do <strong data-start=\"769\" data-end=\"795\">prefeito Marcelo Sim\u00e3o<\/strong>, do <strong data-start=\"800\" data-end=\"851\">presidente da C\u00e2mara Municipal, vereador Verdun<\/strong>, e do <strong data-start=\"858\" data-end=\"930\">diretor do Departamento de Agricultura e Meio Ambiente, Arthur Roque<\/strong>.<\/span><\/p>\n<p data-start=\"933\" data-end=\"1180\"><span style=\"font-family: tahoma, arial, helvetica, sans-serif;\">De acordo com a administra\u00e7\u00e3o municipal, o projeto surgiu a partir de <strong data-start=\"1003\" data-end=\"1075\">uma indica\u00e7\u00e3o apresentada pelo presidente da C\u00e2mara, vereador Verdun<\/strong>, com apoio dos demais vereadores, e foi organizado pelo <strong data-start=\"1132\" data-end=\"1179\">Departamento de Agricultura e Meio Ambiente<\/strong>.<\/span><\/p>\n<figure id=\"attachment_610\" aria-describedby=\"caption-attachment-610\" style=\"width: 1600px\" class=\"wp-caption alignnone\"><img loading=\"lazy\" decoding=\"async\" class=\"wp-image-610 size-full\" src=\"https:\/\/www.osantarritense.com.br\/jornal\/wp-content\/uploads\/2026\/03\/140f87be-8e88-440c-836c-ab532e805f69.jpg\" alt=\"\" width=\"1600\" height=\"1066\" srcset=\"https:\/\/www.osantarritense.com.br\/jornal\/wp-content\/uploads\/2026\/03\/140f87be-8e88-440c-836c-ab532e805f69.jpg 1600w, https:\/\/www.osantarritense.com.br\/jornal\/wp-content\/uploads\/2026\/03\/140f87be-8e88-440c-836c-ab532e805f69-300x200.jpg 300w, https:\/\/www.osantarritense.com.br\/jornal\/wp-content\/uploads\/2026\/03\/140f87be-8e88-440c-836c-ab532e805f69-1024x682.jpg 1024w, https:\/\/www.osantarritense.com.br\/jornal\/wp-content\/uploads\/2026\/03\/140f87be-8e88-440c-836c-ab532e805f69-768x512.jpg 768w, https:\/\/www.osantarritense.com.br\/jornal\/wp-content\/uploads\/2026\/03\/140f87be-8e88-440c-836c-ab532e805f69-1536x1023.jpg 1536w\" sizes=\"auto, (max-width: 1600px) 100vw, 1600px\" \/><figcaption id=\"caption-attachment-610\" class=\"wp-caption-text\"><span style=\"font-size: 10pt;\"><em> Foto: SECOM\/Prefeitura <\/em><\/span><\/figcaption><\/figure>\n<p data-start=\"1182\" data-end=\"1409\"><span style=\"font-family: tahoma, arial, helvetica, sans-serif;\">A iniciativa busca <strong data-start=\"1201\" data-end=\"1288\">fortalecer a educa\u00e7\u00e3o ambiental e incentivar h\u00e1bitos sustent\u00e1veis entre a popula\u00e7\u00e3o<\/strong>, promovendo a\u00e7\u00f5es que contribuam para a preserva\u00e7\u00e3o do meio ambiente e para o reaproveitamento de materiais recicl\u00e1veis.<\/span><\/p>\n<p data-start=\"1411\" data-end=\"1637\" data-is-last-node=\"\" data-is-only-node=\"\"><span style=\"font-family: tahoma, arial, helvetica, sans-serif;\">Segundo a prefeitura, <strong data-start=\"1433\" data-end=\"1511\">novas edi\u00e7\u00f5es do programa Troca Verde devem ser realizadas ao longo do ano<\/strong>, com divulga\u00e7\u00e3o pr\u00e9via nos canais oficiais do munic\u00edpio, ampliando a participa\u00e7\u00e3o da popula\u00e7\u00e3o nas a\u00e7\u00f5es de sustentabilidade.<\/span><\/p>\n<p data-start=\"778\" data-end=\"1029\" data-is-last-node=\"\" data-is-only-node=\"\"><span style=\"font-family: tahoma, arial, helvetica, sans-serif;\">\u270d\ufe0f <em data-start=\"1160\" data-end=\"1198\" data-is-last-node=\"\">Da reda\u00e7\u00e3o: <a href=\"https:\/\/www.facebook.com\/jornalistatonioliveiraon\/\"><strong>Jornalista Toni Oliveira<\/strong><\/a><\/em><\/span><\/p>\n<p><span style=\"font-family: tahoma, arial, helvetica, sans-serif;\"><em>( Fica proibida a reprodu\u00e7\u00e3o total ou parcial, c\u00f3pia ou distribui\u00e7\u00e3o do conte\u00fado, sem autoriza\u00e7\u00e3o expressa por parte do <strong>jornal O Santarritense<\/strong>)<\/em><\/span><\/p>\n<\/div>\n<\/div>\n<\/div>\n<\/div>\n<\/div>\n<\/div>\n<\/article>\n<\/div>\n","protected":false},"excerpt":{"rendered":"<p>Nesta \u00faltima quarta-feira (11), a Prefeitura de Santa Rita do Passa Quatro promoveu a primeira edi\u00e7\u00e3o do programa Troca Verde,&hellip;<\/p>\n","protected":false},"author":1,"featured_media":607,"comment_status":"closed","ping_status":"closed","sticky":false,"template":"","format":"standard","meta":{"footnotes":""},"categories":[3],"tags":[],"class_list":["post-606","post","type-post","status-publish","format-standard","has-post-thumbnail","hentry","category-cidade"],"yoast_head":"<!-- This site is optimized with the Yoast SEO plugin v26.8 - https:\/\/yoast.com\/product\/yoast-seo-wordpress\/ -->\n<title>Santa Rita realiza 1\u00aa edi\u00e7\u00e3o do Troca Verde e incentiva coleta seletiva - O Santarritense<\/title>\n<meta name=\"robots\" content=\"index, follow, max-snippet:-1, max-image-preview:large, max-video-preview:-1\" \/>\n<link rel=\"canonical\" href=\"https:\/\/www.osantarritense.com.br\/jornal\/santa-rita-realiza-1a-edicao-do-troca-verde-e-incentiva-coleta-seletiva\/\" \/>\n<meta property=\"og:locale\" content=\"pt_BR\" \/>\n<meta property=\"og:type\" content=\"article\" \/>\n<meta property=\"og:title\" content=\"Santa Rita realiza 1\u00aa edi\u00e7\u00e3o do Troca Verde e incentiva coleta seletiva - O Santarritense\" \/>\n<meta property=\"og:description\" content=\"Nesta \u00faltima quarta-feira (11), a Prefeitura de Santa Rita do Passa Quatro promoveu a primeira edi\u00e7\u00e3o do programa Troca Verde,&hellip;\" \/>\n<meta property=\"og:url\" content=\"https:\/\/www.osantarritense.com.br\/jornal\/santa-rita-realiza-1a-edicao-do-troca-verde-e-incentiva-coleta-seletiva\/\" \/>\n<meta property=\"og:site_name\" content=\"O Santarritense\" \/>\n<meta property=\"article:published_time\" content=\"2026-03-12T15:57:15+00:00\" \/>\n<meta property=\"article:modified_time\" content=\"2026-03-12T16:27:45+00:00\" \/>\n<meta property=\"og:image\" content=\"https:\/\/www.osantarritense.com.br\/jornal\/wp-content\/uploads\/2026\/03\/dabc2ce9-9686-439d-84b7-885cf9dd7f1b.jpg\" \/>\n\t<meta property=\"og:image:width\" content=\"1600\" \/>\n\t<meta property=\"og:image:height\" content=\"1066\" \/>\n\t<meta property=\"og:image:type\" content=\"image\/jpeg\" \/>\n<meta name=\"author\" content=\"Reda\u00e7\u00e3o\" \/>\n<meta name=\"twitter:card\" content=\"summary_large_image\" \/>\n<meta name=\"twitter:label1\" content=\"Escrito por\" \/>\n\t<meta name=\"twitter:data1\" content=\"Reda\u00e7\u00e3o\" \/>\n\t<meta name=\"twitter:label2\" content=\"Est. tempo de leitura\" \/>\n\t<meta name=\"twitter:data2\" content=\"3 minutos\" \/>\n<script type=\"application\/ld+json\" class=\"yoast-schema-graph\">{\"@context\":\"https:\/\/schema.org\",\"@graph\":[{\"@type\":\"Article\",\"@id\":\"https:\/\/www.osantarritense.com.br\/jornal\/santa-rita-realiza-1a-edicao-do-troca-verde-e-incentiva-coleta-seletiva\/#article\",\"isPartOf\":{\"@id\":\"https:\/\/www.osantarritense.com.br\/jornal\/santa-rita-realiza-1a-edicao-do-troca-verde-e-incentiva-coleta-seletiva\/\"},\"author\":{\"name\":\"Reda\u00e7\u00e3o\",\"@id\":\"https:\/\/www.osantarritense.com.br\/jornal\/#\/schema\/person\/e126b4df363ecdbcf21dc50a978dd9b8\"},\"headline\":\"Santa Rita realiza 1\u00aa edi\u00e7\u00e3o do Troca Verde e incentiva coleta seletiva\",\"datePublished\":\"2026-03-12T15:57:15+00:00\",\"dateModified\":\"2026-03-12T16:27:45+00:00\",\"mainEntityOfPage\":{\"@id\":\"https:\/\/www.osantarritense.com.br\/jornal\/santa-rita-realiza-1a-edicao-do-troca-verde-e-incentiva-coleta-seletiva\/\"},\"wordCount\":315,\"publisher\":{\"@id\":\"https:\/\/www.osantarritense.com.br\/jornal\/#\/schema\/person\/e126b4df363ecdbcf21dc50a978dd9b8\"},\"image\":{\"@id\":\"https:\/\/www.osantarritense.com.br\/jornal\/santa-rita-realiza-1a-edicao-do-troca-verde-e-incentiva-coleta-seletiva\/#primaryimage\"},\"thumbnailUrl\":\"https:\/\/www.osantarritense.com.br\/jornal\/wp-content\/uploads\/2026\/03\/dabc2ce9-9686-439d-84b7-885cf9dd7f1b.jpg\",\"articleSection\":[\"Cidade\"],\"inLanguage\":\"pt-BR\"},{\"@type\":\"WebPage\",\"@id\":\"https:\/\/www.osantarritense.com.br\/jornal\/santa-rita-realiza-1a-edicao-do-troca-verde-e-incentiva-coleta-seletiva\/\",\"url\":\"https:\/\/www.osantarritense.com.br\/jornal\/santa-rita-realiza-1a-edicao-do-troca-verde-e-incentiva-coleta-seletiva\/\",\"name\":\"Santa Rita realiza 1\u00aa edi\u00e7\u00e3o do Troca Verde e incentiva coleta seletiva - O Santarritense\",\"isPartOf\":{\"@id\":\"https:\/\/www.osantarritense.com.br\/jornal\/#website\"},\"primaryImageOfPage\":{\"@id\":\"https:\/\/www.osantarritense.com.br\/jornal\/santa-rita-realiza-1a-edicao-do-troca-verde-e-incentiva-coleta-seletiva\/#primaryimage\"},\"image\":{\"@id\":\"https:\/\/www.osantarritense.com.br\/jornal\/santa-rita-realiza-1a-edicao-do-troca-verde-e-incentiva-coleta-seletiva\/#primaryimage\"},\"thumbnailUrl\":\"https:\/\/www.osantarritense.com.br\/jornal\/wp-content\/uploads\/2026\/03\/dabc2ce9-9686-439d-84b7-885cf9dd7f1b.jpg\",\"datePublished\":\"2026-03-12T15:57:15+00:00\",\"dateModified\":\"2026-03-12T16:27:45+00:00\",\"breadcrumb\":{\"@id\":\"https:\/\/www.osantarritense.com.br\/jornal\/santa-rita-realiza-1a-edicao-do-troca-verde-e-incentiva-coleta-seletiva\/#breadcrumb\"},\"inLanguage\":\"pt-BR\",\"potentialAction\":[{\"@type\":\"ReadAction\",\"target\":[\"https:\/\/www.osantarritense.com.br\/jornal\/santa-rita-realiza-1a-edicao-do-troca-verde-e-incentiva-coleta-seletiva\/\"]}]},{\"@type\":\"ImageObject\",\"inLanguage\":\"pt-BR\",\"@id\":\"https:\/\/www.osantarritense.com.br\/jornal\/santa-rita-realiza-1a-edicao-do-troca-verde-e-incentiva-coleta-seletiva\/#primaryimage\",\"url\":\"https:\/\/www.osantarritense.com.br\/jornal\/wp-content\/uploads\/2026\/03\/dabc2ce9-9686-439d-84b7-885cf9dd7f1b.jpg\",\"contentUrl\":\"https:\/\/www.osantarritense.com.br\/jornal\/wp-content\/uploads\/2026\/03\/dabc2ce9-9686-439d-84b7-885cf9dd7f1b.jpg\",\"width\":1600,\"height\":1066},{\"@type\":\"BreadcrumbList\",\"@id\":\"https:\/\/www.osantarritense.com.br\/jornal\/santa-rita-realiza-1a-edicao-do-troca-verde-e-incentiva-coleta-seletiva\/#breadcrumb\",\"itemListElement\":[{\"@type\":\"ListItem\",\"position\":1,\"name\":\"In\u00edcio\",\"item\":\"https:\/\/www.osantarritense.com.br\/jornal\/\"},{\"@type\":\"ListItem\",\"position\":2,\"name\":\"Santa Rita realiza 1\u00aa edi\u00e7\u00e3o do Troca Verde e incentiva coleta seletiva\"}]},{\"@type\":\"WebSite\",\"@id\":\"https:\/\/www.osantarritense.com.br\/jornal\/#website\",\"url\":\"https:\/\/www.osantarritense.com.br\/jornal\/\",\"name\":\"O Santarritense\",\"description\":\"Jornal\",\"publisher\":{\"@id\":\"https:\/\/www.osantarritense.com.br\/jornal\/#\/schema\/person\/e126b4df363ecdbcf21dc50a978dd9b8\"},\"potentialAction\":[{\"@type\":\"SearchAction\",\"target\":{\"@type\":\"EntryPoint\",\"urlTemplate\":\"https:\/\/www.osantarritense.com.br\/jornal\/?s={search_term_string}\"},\"query-input\":{\"@type\":\"PropertyValueSpecification\",\"valueRequired\":true,\"valueName\":\"search_term_string\"}}],\"inLanguage\":\"pt-BR\"},{\"@type\":[\"Person\",\"Organization\"],\"@id\":\"https:\/\/www.osantarritense.com.br\/jornal\/#\/schema\/person\/e126b4df363ecdbcf21dc50a978dd9b8\",\"name\":\"Reda\u00e7\u00e3o\",\"image\":{\"@type\":\"ImageObject\",\"inLanguage\":\"pt-BR\",\"@id\":\"https:\/\/www.osantarritense.com.br\/jornal\/#\/schema\/person\/image\/\",\"url\":\"https:\/\/www.osantarritense.com.br\/jornal\/wp-content\/uploads\/2026\/02\/cropped-logosantarritense.jpg\",\"contentUrl\":\"https:\/\/www.osantarritense.com.br\/jornal\/wp-content\/uploads\/2026\/02\/cropped-logosantarritense.jpg\",\"width\":1221,\"height\":251,\"caption\":\"Reda\u00e7\u00e3o\"},\"logo\":{\"@id\":\"https:\/\/www.osantarritense.com.br\/jornal\/#\/schema\/person\/image\/\"},\"sameAs\":[\"https:\/\/www.osantarritense.com.br\/jornal\"],\"url\":\"https:\/\/www.osantarritense.com.br\/jornal\/author\/admin\/\"}]}<\/script>\n<!-- \/ Yoast SEO plugin. -->","yoast_head_json":{"title":"Santa Rita realiza 1\u00aa edi\u00e7\u00e3o do Troca Verde e incentiva coleta seletiva - O Santarritense","robots":{"index":"index","follow":"follow","max-snippet":"max-snippet:-1","max-image-preview":"max-image-preview:large","max-video-preview":"max-video-preview:-1"},"canonical":"https:\/\/www.osantarritense.com.br\/jornal\/santa-rita-realiza-1a-edicao-do-troca-verde-e-incentiva-coleta-seletiva\/","og_locale":"pt_BR","og_type":"article","og_title":"Santa Rita realiza 1\u00aa edi\u00e7\u00e3o do Troca Verde e incentiva coleta seletiva - O Santarritense","og_description":"Nesta \u00faltima quarta-feira (11), a Prefeitura de Santa Rita do Passa Quatro promoveu a primeira edi\u00e7\u00e3o do programa Troca Verde,&hellip;","og_url":"https:\/\/www.osantarritense.com.br\/jornal\/santa-rita-realiza-1a-edicao-do-troca-verde-e-incentiva-coleta-seletiva\/","og_site_name":"O Santarritense","article_published_time":"2026-03-12T15:57:15+00:00","article_modified_time":"2026-03-12T16:27:45+00:00","og_image":[{"width":1600,"height":1066,"url":"https:\/\/www.osantarritense.com.br\/jornal\/wp-content\/uploads\/2026\/03\/dabc2ce9-9686-439d-84b7-885cf9dd7f1b.jpg","type":"image\/jpeg"}],"author":"Reda\u00e7\u00e3o","twitter_card":"summary_large_image","twitter_misc":{"Escrito por":"Reda\u00e7\u00e3o","Est. tempo de leitura":"3 minutos"},"schema":{"@context":"https:\/\/schema.org","@graph":[{"@type":"Article","@id":"https:\/\/www.osantarritense.com.br\/jornal\/santa-rita-realiza-1a-edicao-do-troca-verde-e-incentiva-coleta-seletiva\/#article","isPartOf":{"@id":"https:\/\/www.osantarritense.com.br\/jornal\/santa-rita-realiza-1a-edicao-do-troca-verde-e-incentiva-coleta-seletiva\/"},"author":{"name":"Reda\u00e7\u00e3o","@id":"https:\/\/www.osantarritense.com.br\/jornal\/#\/schema\/person\/e126b4df363ecdbcf21dc50a978dd9b8"},"headline":"Santa Rita realiza 1\u00aa edi\u00e7\u00e3o do Troca Verde e incentiva coleta seletiva","datePublished":"2026-03-12T15:57:15+00:00","dateModified":"2026-03-12T16:27:45+00:00","mainEntityOfPage":{"@id":"https:\/\/www.osantarritense.com.br\/jornal\/santa-rita-realiza-1a-edicao-do-troca-verde-e-incentiva-coleta-seletiva\/"},"wordCount":315,"publisher":{"@id":"https:\/\/www.osantarritense.com.br\/jornal\/#\/schema\/person\/e126b4df363ecdbcf21dc50a978dd9b8"},"image":{"@id":"https:\/\/www.osantarritense.com.br\/jornal\/santa-rita-realiza-1a-edicao-do-troca-verde-e-incentiva-coleta-seletiva\/#primaryimage"},"thumbnailUrl":"https:\/\/www.osantarritense.com.br\/jornal\/wp-content\/uploads\/2026\/03\/dabc2ce9-9686-439d-84b7-885cf9dd7f1b.jpg","articleSection":["Cidade"],"inLanguage":"pt-BR"},{"@type":"WebPage","@id":"https:\/\/www.osantarritense.com.br\/jornal\/santa-rita-realiza-1a-edicao-do-troca-verde-e-incentiva-coleta-seletiva\/","url":"https:\/\/www.osantarritense.com.br\/jornal\/santa-rita-realiza-1a-edicao-do-troca-verde-e-incentiva-coleta-seletiva\/","name":"Santa Rita realiza 1\u00aa edi\u00e7\u00e3o do Troca Verde e incentiva coleta seletiva - O Santarritense","isPartOf":{"@id":"https:\/\/www.osantarritense.com.br\/jornal\/#website"},"primaryImageOfPage":{"@id":"https:\/\/www.osantarritense.com.br\/jornal\/santa-rita-realiza-1a-edicao-do-troca-verde-e-incentiva-coleta-seletiva\/#primaryimage"},"image":{"@id":"https:\/\/www.osantarritense.com.br\/jornal\/santa-rita-realiza-1a-edicao-do-troca-verde-e-incentiva-coleta-seletiva\/#primaryimage"},"thumbnailUrl":"https:\/\/www.osantarritense.com.br\/jornal\/wp-content\/uploads\/2026\/03\/dabc2ce9-9686-439d-84b7-885cf9dd7f1b.jpg","datePublished":"2026-03-12T15:57:15+00:00","dateModified":"2026-03-12T16:27:45+00:00","breadcrumb":{"@id":"https:\/\/www.osantarritense.com.br\/jornal\/santa-rita-realiza-1a-edicao-do-troca-verde-e-incentiva-coleta-seletiva\/#breadcrumb"},"inLanguage":"pt-BR","potentialAction":[{"@type":"ReadAction","target":["https:\/\/www.osantarritense.com.br\/jornal\/santa-rita-realiza-1a-edicao-do-troca-verde-e-incentiva-coleta-seletiva\/"]}]},{"@type":"ImageObject","inLanguage":"pt-BR","@id":"https:\/\/www.osantarritense.com.br\/jornal\/santa-rita-realiza-1a-edicao-do-troca-verde-e-incentiva-coleta-seletiva\/#primaryimage","url":"https:\/\/www.osantarritense.com.br\/jornal\/wp-content\/uploads\/2026\/03\/dabc2ce9-9686-439d-84b7-885cf9dd7f1b.jpg","contentUrl":"https:\/\/www.osantarritense.com.br\/jornal\/wp-content\/uploads\/2026\/03\/dabc2ce9-9686-439d-84b7-885cf9dd7f1b.jpg","width":1600,"height":1066},{"@type":"BreadcrumbList","@id":"https:\/\/www.osantarritense.com.br\/jornal\/santa-rita-realiza-1a-edicao-do-troca-verde-e-incentiva-coleta-seletiva\/#breadcrumb","itemListElement":[{"@type":"ListItem","position":1,"name":"In\u00edcio","item":"https:\/\/www.osantarritense.com.br\/jornal\/"},{"@type":"ListItem","position":2,"name":"Santa Rita realiza 1\u00aa edi\u00e7\u00e3o do Troca Verde e incentiva coleta seletiva"}]},{"@type":"WebSite","@id":"https:\/\/www.osantarritense.com.br\/jornal\/#website","url":"https:\/\/www.osantarritense.com.br\/jornal\/","name":"O Santarritense","description":"Jornal","publisher":{"@id":"https:\/\/www.osantarritense.com.br\/jornal\/#\/schema\/person\/e126b4df363ecdbcf21dc50a978dd9b8"},"potentialAction":[{"@type":"SearchAction","target":{"@type":"EntryPoint","urlTemplate":"https:\/\/www.osantarritense.com.br\/jornal\/?s={search_term_string}"},"query-input":{"@type":"PropertyValueSpecification","valueRequired":true,"valueName":"search_term_string"}}],"inLanguage":"pt-BR"},{"@type":["Person","Organization"],"@id":"https:\/\/www.osantarritense.com.br\/jornal\/#\/schema\/person\/e126b4df363ecdbcf21dc50a978dd9b8","name":"Reda\u00e7\u00e3o","image":{"@type":"ImageObject","inLanguage":"pt-BR","@id":"https:\/\/www.osantarritense.com.br\/jornal\/#\/schema\/person\/image\/","url":"https:\/\/www.osantarritense.com.br\/jornal\/wp-content\/uploads\/2026\/02\/cropped-logosantarritense.jpg","contentUrl":"https:\/\/www.osantarritense.com.br\/jornal\/wp-content\/uploads\/2026\/02\/cropped-logosantarritense.jpg","width":1221,"height":251,"caption":"Reda\u00e7\u00e3o"},"logo":{"@id":"https:\/\/www.osantarritense.com.br\/jornal\/#\/schema\/person\/image\/"},"sameAs":["https:\/\/www.osantarritense.com.br\/jornal"],"url":"https:\/\/www.osantarritense.com.br\/jornal\/author\/admin\/"}]}},"_links":{"self":[{"href":"https:\/\/www.osantarritense.com.br\/jornal\/wp-json\/wp\/v2\/posts\/606","targetHints":{"allow":["GET"]}}],"collection":[{"href":"https:\/\/www.osantarritense.com.br\/jornal\/wp-json\/wp\/v2\/posts"}],"about":[{"href":"https:\/\/www.osantarritense.com.br\/jornal\/wp-json\/wp\/v2\/types\/post"}],"author":[{"embeddable":true,"href":"https:\/\/www.osantarritense.com.br\/jornal\/wp-json\/wp\/v2\/users\/1"}],"replies":[{"embeddable":true,"href":"https:\/\/www.osantarritense.com.br\/jornal\/wp-json\/wp\/v2\/comments?post=606"}],"version-history":[{"count":3,"href":"https:\/\/www.osantarritense.com.br\/jornal\/wp-json\/wp\/v2\/posts\/606\/revisions"}],"predecessor-version":[{"id":624,"href":"https:\/\/www.osantarritense.com.br\/jornal\/wp-json\/wp\/v2\/posts\/606\/revisions\/624"}],"wp:featuredmedia":[{"embeddable":true,"href":"https:\/\/www.osantarritense.com.br\/jornal\/wp-json\/wp\/v2\/media\/607"}],"wp:attachment":[{"href":"https:\/\/www.osantarritense.com.br\/jornal\/wp-json\/wp\/v2\/media?parent=606"}],"wp:term":[{"taxonomy":"category","embeddable":true,"href":"https:\/\/www.osantarritense.com.br\/jornal\/wp-json\/wp\/v2\/categories?post=606"},{"taxonomy":"post_tag","embeddable":true,"href":"https:\/\/www.osantarritense.com.br\/jornal\/wp-json\/wp\/v2\/tags?post=606"}],"curies":[{"name":"wp","href":"https:\/\/api.w.org\/{rel}","templated":true}]}}