{"id":603,"date":"2026-03-12T14:25:35","date_gmt":"2026-03-12T14:25:35","guid":{"rendered":"https:\/\/www.osantarritense.com.br\/jornal\/?p=603"},"modified":"2026-03-12T14:25:35","modified_gmt":"2026-03-12T14:25:35","slug":"tambau-entra-na-mira-de-operacao-contra-fabrica-ilegal-de-armas-em-impressoras-3d","status":"publish","type":"post","link":"https:\/\/www.osantarritense.com.br\/jornal\/tambau-entra-na-mira-de-operacao-contra-fabrica-ilegal-de-armas-em-impressoras-3d\/","title":{"rendered":"Tamba\u00fa entra na mira de opera\u00e7\u00e3o contra f\u00e1brica ilegal de armas em impressoras 3D"},"content":{"rendered":"<p data-start=\"139\" data-end=\"509\"><span style=\"font-family: tahoma, arial, helvetica, sans-serif;\">Uma opera\u00e7\u00e3o conjunta da <strong data-start=\"158\" data-end=\"177\">Pol\u00edcia Militar<\/strong> e do <strong data-start=\"183\" data-end=\"228\">Minist\u00e9rio P\u00fablico do Estado de S\u00e3o Paulo<\/strong>, por meio do <strong data-start=\"242\" data-end=\"310\">Grupo de Atua\u00e7\u00e3o Especial de Combate ao Crime Organizado (Gaeco)<\/strong>, resultou na <strong data-start=\"324\" data-end=\"502\">pris\u00e3o de dois homens e uma mulher suspeitos de integrar uma organiza\u00e7\u00e3o criminosa especializada na fabrica\u00e7\u00e3o e comercializa\u00e7\u00e3o ilegal de armas produzidas com impressoras 3D<\/strong>.<\/span><\/p>\n<p data-start=\"139\" data-end=\"509\"><span style=\"font-family: tahoma, arial, helvetica, sans-serif;\">\ud83d\udcf1 <em>Siga o O Santarritense no <a href=\"https:\/\/www.instagram.com\/osantarritense\/\">Instagram\u00a0<\/a><\/em><\/span><\/p>\n<p data-start=\"505\" data-end=\"800\"><span style=\"font-family: tahoma, arial, helvetica, sans-serif;\">A a\u00e7\u00e3o, batizada de <strong data-start=\"525\" data-end=\"553\">\u201cOpera\u00e7\u00e3o Arma Fantasma\u201d<\/strong>, foi realizada <strong data-start=\"569\" data-end=\"596\">nesta quinta-feira (12)<\/strong> e teve mandados de <strong data-start=\"616\" data-end=\"698\">pris\u00e3o e de busca e apreens\u00e3o cumpridos em v\u00e1rias cidades do interior paulista<\/strong>, incluindo <strong data-start=\"710\" data-end=\"725\">Tamba\u00fa (SP)<\/strong>, al\u00e9m de <strong data-start=\"735\" data-end=\"754\">Piracicaba (SP)<\/strong>, <strong data-start=\"756\" data-end=\"779\">Rio das Pedras (SP)<\/strong> e <strong data-start=\"782\" data-end=\"799\">Saltinho (SP)<\/strong>.<\/span><\/p>\n<figure id=\"attachment_15797\" aria-describedby=\"caption-attachment-15797\" style=\"width: 1200px\" class=\"wp-caption alignnone\"><img loading=\"lazy\" decoding=\"async\" class=\"wp-image-15797 size-full\" src=\"https:\/\/www.omovimento.com.br\/jornal\/wp-content\/uploads\/2026\/03\/58e254b6-6743-4024-8b62-ff33f6022098.jpg\" alt=\"\" width=\"1200\" height=\"1214\" \/><figcaption id=\"caption-attachment-15797\" class=\"wp-caption-text\"><span style=\"font-size: 10pt;\"><em>Foto: Divulga\u00e7\u00e3o\/Baep<\/em><\/span><\/figcaption><\/figure>\n<p data-start=\"808\" data-end=\"1083\"><span style=\"font-family: tahoma, arial, helvetica, sans-serif;\">De acordo com as autoridades, a opera\u00e7\u00e3o foi conduzida por policiais do <strong data-start=\"874\" data-end=\"927\">10\u00ba Batalh\u00e3o de A\u00e7\u00f5es Especiais de Pol\u00edcia (Baep)<\/strong> em conjunto com promotores do Gaeco, ap\u00f3s <strong data-start=\"970\" data-end=\"1106\">investiga\u00e7\u00f5es que apontaram a atua\u00e7\u00e3o do grupo na produ\u00e7\u00e3o e venda clandestina de armamentos, especialmente no interior de S\u00e3o Paulo<\/strong>.<\/span><\/p>\n<p data-start=\"1109\" data-end=\"1376\"><span style=\"font-family: tahoma, arial, helvetica, sans-serif;\">Segundo a Pol\u00edcia Militar, os investigados utilizavam <strong data-start=\"1163\" data-end=\"1246\">impressoras 3D para fabricar armas e tamb\u00e9m acess\u00f3rios utilizados em armamentos<\/strong>, tecnologia que permite produzir pe\u00e7as com relativa facilidade e que <strong data-start=\"1316\" data-end=\"1375\">pode acabar abastecendo atividades criminosas na regi\u00e3o<\/strong>.<\/span><\/p>\n<p data-start=\"1378\" data-end=\"1641\"><span style=\"font-family: tahoma, arial, helvetica, sans-serif;\">Durante a opera\u00e7\u00e3o, al\u00e9m das pris\u00f5es, as equipes tamb\u00e9m cumpriram <strong data-start=\"1444\" data-end=\"1553\">mandados de busca com o objetivo de localizar e apreender equipamentos utilizados na fabrica\u00e7\u00e3o das armas<\/strong>, al\u00e9m de outros materiais que possam servir como prova para o avan\u00e7o das investiga\u00e7\u00f5es.<\/span><\/p>\n<blockquote data-start=\"1643\" data-end=\"1926\">\n<p data-start=\"1645\" data-end=\"1926\"><span style=\"font-family: tahoma, arial, helvetica, sans-serif;\"><strong data-start=\"1645\" data-end=\"1926\">\u201cO objetivo \u00e9 prender os respons\u00e1veis pela fabrica\u00e7\u00e3o, bem como apreender os equipamentos utilizados na produ\u00e7\u00e3o das armas. Tamb\u00e9m coletar novas provas, contribuindo para o avan\u00e7o das investiga\u00e7\u00f5es e para a responsabiliza\u00e7\u00e3o dos envolvidos\u201d, informou a Pol\u00edcia Militar em nota.<\/strong><\/span><\/p>\n<\/blockquote>\n<figure id=\"attachment_15798\" aria-describedby=\"caption-attachment-15798\" style=\"width: 1600px\" class=\"wp-caption alignnone\"><img loading=\"lazy\" decoding=\"async\" class=\"wp-image-15798 size-full\" src=\"https:\/\/www.omovimento.com.br\/jornal\/wp-content\/uploads\/2026\/03\/c3b789ec-c80c-42d3-ba51-e3be36d7d4e5.jpg\" alt=\"\" width=\"1600\" height=\"1200\" \/><figcaption id=\"caption-attachment-15798\" class=\"wp-caption-text\"><span style=\"font-size: 10pt;\"><em>Foto: Divulga\u00e7\u00e3o\/Baep<\/em><\/span><\/figcaption><\/figure>\n<h3 data-section-id=\"184ctqc\" data-start=\"1928\" data-end=\"1981\"><span style=\"font-family: tahoma, arial, helvetica, sans-serif;\">Armas podem ter sido vendidas para v\u00e1rios estados<\/span><\/h3>\n<p data-start=\"1983\" data-end=\"2277\"><span style=\"font-family: tahoma, arial, helvetica, sans-serif;\">A <strong data-start=\"1985\" data-end=\"2127\">apura\u00e7\u00e3o das autoridades indica que o material produzido pelo grupo foi negociado com dezenas de compradores em diferentes estados do pa\u00eds<\/strong>. Agora, a pol\u00edcia trabalha para identificar quem adquiriu os armamentos e <strong data-start=\"2202\" data-end=\"2276\">se as armas estavam sendo utilizadas para abastecer o crime organizado<\/strong>.<\/span><\/p>\n<p data-start=\"2279\" data-end=\"2489\"><span style=\"font-family: tahoma, arial, helvetica, sans-serif;\">Entre as linhas de investiga\u00e7\u00e3o est\u00e1 a possibilidade de que o armamento clandestino <strong data-start=\"2363\" data-end=\"2442\">tenha sido utilizado por grupos ligados ao tr\u00e1fico de drogas e at\u00e9 mil\u00edcias<\/strong>, ampliando o alcance da organiza\u00e7\u00e3o criminosa.<\/span><\/p>\n<p data-start=\"2491\" data-end=\"2706\"><span style=\"font-family: tahoma, arial, helvetica, sans-serif;\">Os suspeitos presos na opera\u00e7\u00e3o <strong data-start=\"2523\" data-end=\"2636\">podem responder por crimes como organiza\u00e7\u00e3o criminosa, lavagem de dinheiro e com\u00e9rcio ilegal de armas de fogo<\/strong>, al\u00e9m de outras acusa\u00e7\u00f5es que podem surgir no decorrer das apura\u00e7\u00f5es.<\/span><\/p>\n<p data-start=\"2708\" data-end=\"2948\" data-is-last-node=\"\" data-is-only-node=\"\"><span style=\"font-family: tahoma, arial, helvetica, sans-serif;\">As investiga\u00e7\u00f5es continuam para <strong data-start=\"2740\" data-end=\"2878\">identificar outros integrantes do esquema, poss\u00edveis compradores e o destino final das armas produzidas com tecnologia de impress\u00e3o 3D<\/strong>. Novas fases da opera\u00e7\u00e3o <strong data-start=\"2904\" data-end=\"2947\">n\u00e3o est\u00e3o descartadas pelas autoridades<\/strong>.<\/span><\/p>\n<p data-start=\"1999\" data-end=\"2142\"><span style=\"font-family: tahoma, arial, helvetica, sans-serif;\">A investiga\u00e7\u00e3o continua para <strong data-start=\"2028\" data-end=\"2139\">identificar poss\u00edveis compradores das armas e verificar se o armamento j\u00e1 foi utilizado em crimes na regi\u00e3o<\/strong>.<\/span><\/p>\n<p data-start=\"1999\" data-end=\"2142\"><span style=\"font-size: 14pt;\"><strong>V\u00cdDEO:\u00a0<\/strong><\/span><\/p>\n<div style=\"width: 478px;\" class=\"wp-video\"><video class=\"wp-video-shortcode\" id=\"video-603-1\" width=\"478\" height=\"850\" preload=\"metadata\" controls=\"controls\"><source type=\"video\/mp4\" src=\"https:\/\/www.omovimento.com.br\/jornal\/wp-content\/uploads\/2026\/03\/WhatsApp-Video-2026-03-12-at-09.53.21.mp4?_=1\" \/><a href=\"https:\/\/www.omovimento.com.br\/jornal\/wp-content\/uploads\/2026\/03\/WhatsApp-Video-2026-03-12-at-09.53.21.mp4\">https:\/\/www.omovimento.com.br\/jornal\/wp-content\/uploads\/2026\/03\/WhatsApp-Video-2026-03-12-at-09.53.21.mp4<\/a><\/video><\/div>\n<div id=\"63534-16\" class=\"outbrain-tm\">\n<p data-start=\"778\" data-end=\"1029\" data-is-last-node=\"\" data-is-only-node=\"\"><span style=\"font-family: tahoma, arial, helvetica, sans-serif;\">\u270d\ufe0f <em data-start=\"1160\" data-end=\"1198\" data-is-last-node=\"\">Da reda\u00e7\u00e3o: <a href=\"https:\/\/www.facebook.com\/jornalistatonioliveiraon\/\"><strong>Jornalista Toni Oliveira<\/strong><\/a><\/em><\/span><\/p>\n<p><span style=\"font-family: tahoma, arial, helvetica, sans-serif;\"><em>( Fica proibida a reprodu\u00e7\u00e3o total ou parcial, c\u00f3pia ou distribui\u00e7\u00e3o do conte\u00fado, sem autoriza\u00e7\u00e3o expressa por parte do <strong>jornal O Santarritense<\/strong>)<\/em><\/span><\/p>\n<\/div>\n","protected":false},"excerpt":{"rendered":"<p>Uma opera\u00e7\u00e3o conjunta da Pol\u00edcia Militar e do Minist\u00e9rio P\u00fablico do Estado de S\u00e3o Paulo, por meio do Grupo de&hellip;<\/p>\n","protected":false},"author":1,"featured_media":604,"comment_status":"closed","ping_status":"closed","sticky":false,"template":"","format":"standard","meta":{"footnotes":""},"categories":[5],"tags":[],"class_list":["post-603","post","type-post","status-publish","format-standard","has-post-thumbnail","hentry","category-cotidiano"],"yoast_head":"<!-- This site is optimized with the Yoast SEO plugin v26.8 - https:\/\/yoast.com\/product\/yoast-seo-wordpress\/ -->\n<title>Tamba\u00fa entra na mira de opera\u00e7\u00e3o contra f\u00e1brica ilegal de armas em impressoras 3D - O Santarritense<\/title>\n<meta name=\"robots\" content=\"index, follow, max-snippet:-1, max-image-preview:large, max-video-preview:-1\" \/>\n<link rel=\"canonical\" href=\"https:\/\/www.osantarritense.com.br\/jornal\/tambau-entra-na-mira-de-operacao-contra-fabrica-ilegal-de-armas-em-impressoras-3d\/\" \/>\n<meta property=\"og:locale\" content=\"pt_BR\" \/>\n<meta property=\"og:type\" content=\"article\" \/>\n<meta property=\"og:title\" content=\"Tamba\u00fa entra na mira de opera\u00e7\u00e3o contra f\u00e1brica ilegal de armas em impressoras 3D - O Santarritense\" \/>\n<meta property=\"og:description\" content=\"Uma opera\u00e7\u00e3o conjunta da Pol\u00edcia Militar e do Minist\u00e9rio P\u00fablico do Estado de S\u00e3o Paulo, por meio do Grupo de&hellip;\" \/>\n<meta property=\"og:url\" content=\"https:\/\/www.osantarritense.com.br\/jornal\/tambau-entra-na-mira-de-operacao-contra-fabrica-ilegal-de-armas-em-impressoras-3d\/\" \/>\n<meta property=\"og:site_name\" content=\"O Santarritense\" \/>\n<meta property=\"article:published_time\" content=\"2026-03-12T14:25:35+00:00\" \/>\n<meta property=\"og:image\" content=\"https:\/\/www.osantarritense.com.br\/jornal\/wp-content\/uploads\/2026\/03\/4d6df2f2-fc28-4701-9373-8ce52e242339.jpg\" \/>\n\t<meta property=\"og:image:width\" content=\"1600\" \/>\n\t<meta property=\"og:image:height\" content=\"1200\" \/>\n\t<meta property=\"og:image:type\" content=\"image\/jpeg\" \/>\n<meta name=\"author\" content=\"Reda\u00e7\u00e3o\" \/>\n<meta name=\"twitter:card\" content=\"summary_large_image\" \/>\n<meta name=\"twitter:label1\" content=\"Escrito por\" \/>\n\t<meta name=\"twitter:data1\" content=\"Reda\u00e7\u00e3o\" \/>\n\t<meta name=\"twitter:label2\" content=\"Est. tempo de leitura\" \/>\n\t<meta name=\"twitter:data2\" content=\"4 minutos\" \/>\n<script type=\"application\/ld+json\" class=\"yoast-schema-graph\">{\"@context\":\"https:\/\/schema.org\",\"@graph\":[{\"@type\":\"Article\",\"@id\":\"https:\/\/www.osantarritense.com.br\/jornal\/tambau-entra-na-mira-de-operacao-contra-fabrica-ilegal-de-armas-em-impressoras-3d\/#article\",\"isPartOf\":{\"@id\":\"https:\/\/www.osantarritense.com.br\/jornal\/tambau-entra-na-mira-de-operacao-contra-fabrica-ilegal-de-armas-em-impressoras-3d\/\"},\"author\":{\"name\":\"Reda\u00e7\u00e3o\",\"@id\":\"https:\/\/www.osantarritense.com.br\/jornal\/#\/schema\/person\/e126b4df363ecdbcf21dc50a978dd9b8\"},\"headline\":\"Tamba\u00fa entra na mira de opera\u00e7\u00e3o contra f\u00e1brica ilegal de armas em impressoras 3D\",\"datePublished\":\"2026-03-12T14:25:35+00:00\",\"mainEntityOfPage\":{\"@id\":\"https:\/\/www.osantarritense.com.br\/jornal\/tambau-entra-na-mira-de-operacao-contra-fabrica-ilegal-de-armas-em-impressoras-3d\/\"},\"wordCount\":592,\"publisher\":{\"@id\":\"https:\/\/www.osantarritense.com.br\/jornal\/#\/schema\/person\/e126b4df363ecdbcf21dc50a978dd9b8\"},\"image\":{\"@id\":\"https:\/\/www.osantarritense.com.br\/jornal\/tambau-entra-na-mira-de-operacao-contra-fabrica-ilegal-de-armas-em-impressoras-3d\/#primaryimage\"},\"thumbnailUrl\":\"https:\/\/www.osantarritense.com.br\/jornal\/wp-content\/uploads\/2026\/03\/4d6df2f2-fc28-4701-9373-8ce52e242339.jpg\",\"articleSection\":[\"Cotidiano\"],\"inLanguage\":\"pt-BR\"},{\"@type\":\"WebPage\",\"@id\":\"https:\/\/www.osantarritense.com.br\/jornal\/tambau-entra-na-mira-de-operacao-contra-fabrica-ilegal-de-armas-em-impressoras-3d\/\",\"url\":\"https:\/\/www.osantarritense.com.br\/jornal\/tambau-entra-na-mira-de-operacao-contra-fabrica-ilegal-de-armas-em-impressoras-3d\/\",\"name\":\"Tamba\u00fa entra na mira de opera\u00e7\u00e3o contra f\u00e1brica ilegal de armas em impressoras 3D - O Santarritense\",\"isPartOf\":{\"@id\":\"https:\/\/www.osantarritense.com.br\/jornal\/#website\"},\"primaryImageOfPage\":{\"@id\":\"https:\/\/www.osantarritense.com.br\/jornal\/tambau-entra-na-mira-de-operacao-contra-fabrica-ilegal-de-armas-em-impressoras-3d\/#primaryimage\"},\"image\":{\"@id\":\"https:\/\/www.osantarritense.com.br\/jornal\/tambau-entra-na-mira-de-operacao-contra-fabrica-ilegal-de-armas-em-impressoras-3d\/#primaryimage\"},\"thumbnailUrl\":\"https:\/\/www.osantarritense.com.br\/jornal\/wp-content\/uploads\/2026\/03\/4d6df2f2-fc28-4701-9373-8ce52e242339.jpg\",\"datePublished\":\"2026-03-12T14:25:35+00:00\",\"breadcrumb\":{\"@id\":\"https:\/\/www.osantarritense.com.br\/jornal\/tambau-entra-na-mira-de-operacao-contra-fabrica-ilegal-de-armas-em-impressoras-3d\/#breadcrumb\"},\"inLanguage\":\"pt-BR\",\"potentialAction\":[{\"@type\":\"ReadAction\",\"target\":[\"https:\/\/www.osantarritense.com.br\/jornal\/tambau-entra-na-mira-de-operacao-contra-fabrica-ilegal-de-armas-em-impressoras-3d\/\"]}]},{\"@type\":\"ImageObject\",\"inLanguage\":\"pt-BR\",\"@id\":\"https:\/\/www.osantarritense.com.br\/jornal\/tambau-entra-na-mira-de-operacao-contra-fabrica-ilegal-de-armas-em-impressoras-3d\/#primaryimage\",\"url\":\"https:\/\/www.osantarritense.com.br\/jornal\/wp-content\/uploads\/2026\/03\/4d6df2f2-fc28-4701-9373-8ce52e242339.jpg\",\"contentUrl\":\"https:\/\/www.osantarritense.com.br\/jornal\/wp-content\/uploads\/2026\/03\/4d6df2f2-fc28-4701-9373-8ce52e242339.jpg\",\"width\":1600,\"height\":1200},{\"@type\":\"BreadcrumbList\",\"@id\":\"https:\/\/www.osantarritense.com.br\/jornal\/tambau-entra-na-mira-de-operacao-contra-fabrica-ilegal-de-armas-em-impressoras-3d\/#breadcrumb\",\"itemListElement\":[{\"@type\":\"ListItem\",\"position\":1,\"name\":\"In\u00edcio\",\"item\":\"https:\/\/www.osantarritense.com.br\/jornal\/\"},{\"@type\":\"ListItem\",\"position\":2,\"name\":\"Tamba\u00fa entra na mira de opera\u00e7\u00e3o contra f\u00e1brica ilegal de armas em impressoras 3D\"}]},{\"@type\":\"WebSite\",\"@id\":\"https:\/\/www.osantarritense.com.br\/jornal\/#website\",\"url\":\"https:\/\/www.osantarritense.com.br\/jornal\/\",\"name\":\"O Santarritense\",\"description\":\"Jornal\",\"publisher\":{\"@id\":\"https:\/\/www.osantarritense.com.br\/jornal\/#\/schema\/person\/e126b4df363ecdbcf21dc50a978dd9b8\"},\"potentialAction\":[{\"@type\":\"SearchAction\",\"target\":{\"@type\":\"EntryPoint\",\"urlTemplate\":\"https:\/\/www.osantarritense.com.br\/jornal\/?s={search_term_string}\"},\"query-input\":{\"@type\":\"PropertyValueSpecification\",\"valueRequired\":true,\"valueName\":\"search_term_string\"}}],\"inLanguage\":\"pt-BR\"},{\"@type\":[\"Person\",\"Organization\"],\"@id\":\"https:\/\/www.osantarritense.com.br\/jornal\/#\/schema\/person\/e126b4df363ecdbcf21dc50a978dd9b8\",\"name\":\"Reda\u00e7\u00e3o\",\"image\":{\"@type\":\"ImageObject\",\"inLanguage\":\"pt-BR\",\"@id\":\"https:\/\/www.osantarritense.com.br\/jornal\/#\/schema\/person\/image\/\",\"url\":\"https:\/\/www.osantarritense.com.br\/jornal\/wp-content\/uploads\/2026\/02\/cropped-logosantarritense.jpg\",\"contentUrl\":\"https:\/\/www.osantarritense.com.br\/jornal\/wp-content\/uploads\/2026\/02\/cropped-logosantarritense.jpg\",\"width\":1221,\"height\":251,\"caption\":\"Reda\u00e7\u00e3o\"},\"logo\":{\"@id\":\"https:\/\/www.osantarritense.com.br\/jornal\/#\/schema\/person\/image\/\"},\"sameAs\":[\"https:\/\/www.osantarritense.com.br\/jornal\"],\"url\":\"https:\/\/www.osantarritense.com.br\/jornal\/author\/admin\/\"}]}<\/script>\n<!-- \/ Yoast SEO plugin. -->","yoast_head_json":{"title":"Tamba\u00fa entra na mira de opera\u00e7\u00e3o contra f\u00e1brica ilegal de armas em impressoras 3D - O Santarritense","robots":{"index":"index","follow":"follow","max-snippet":"max-snippet:-1","max-image-preview":"max-image-preview:large","max-video-preview":"max-video-preview:-1"},"canonical":"https:\/\/www.osantarritense.com.br\/jornal\/tambau-entra-na-mira-de-operacao-contra-fabrica-ilegal-de-armas-em-impressoras-3d\/","og_locale":"pt_BR","og_type":"article","og_title":"Tamba\u00fa entra na mira de opera\u00e7\u00e3o contra f\u00e1brica ilegal de armas em impressoras 3D - O Santarritense","og_description":"Uma opera\u00e7\u00e3o conjunta da Pol\u00edcia Militar e do Minist\u00e9rio P\u00fablico do Estado de S\u00e3o Paulo, por meio do Grupo de&hellip;","og_url":"https:\/\/www.osantarritense.com.br\/jornal\/tambau-entra-na-mira-de-operacao-contra-fabrica-ilegal-de-armas-em-impressoras-3d\/","og_site_name":"O Santarritense","article_published_time":"2026-03-12T14:25:35+00:00","og_image":[{"width":1600,"height":1200,"url":"https:\/\/www.osantarritense.com.br\/jornal\/wp-content\/uploads\/2026\/03\/4d6df2f2-fc28-4701-9373-8ce52e242339.jpg","type":"image\/jpeg"}],"author":"Reda\u00e7\u00e3o","twitter_card":"summary_large_image","twitter_misc":{"Escrito por":"Reda\u00e7\u00e3o","Est. tempo de leitura":"4 minutos"},"schema":{"@context":"https:\/\/schema.org","@graph":[{"@type":"Article","@id":"https:\/\/www.osantarritense.com.br\/jornal\/tambau-entra-na-mira-de-operacao-contra-fabrica-ilegal-de-armas-em-impressoras-3d\/#article","isPartOf":{"@id":"https:\/\/www.osantarritense.com.br\/jornal\/tambau-entra-na-mira-de-operacao-contra-fabrica-ilegal-de-armas-em-impressoras-3d\/"},"author":{"name":"Reda\u00e7\u00e3o","@id":"https:\/\/www.osantarritense.com.br\/jornal\/#\/schema\/person\/e126b4df363ecdbcf21dc50a978dd9b8"},"headline":"Tamba\u00fa entra na mira de opera\u00e7\u00e3o contra f\u00e1brica ilegal de armas em impressoras 3D","datePublished":"2026-03-12T14:25:35+00:00","mainEntityOfPage":{"@id":"https:\/\/www.osantarritense.com.br\/jornal\/tambau-entra-na-mira-de-operacao-contra-fabrica-ilegal-de-armas-em-impressoras-3d\/"},"wordCount":592,"publisher":{"@id":"https:\/\/www.osantarritense.com.br\/jornal\/#\/schema\/person\/e126b4df363ecdbcf21dc50a978dd9b8"},"image":{"@id":"https:\/\/www.osantarritense.com.br\/jornal\/tambau-entra-na-mira-de-operacao-contra-fabrica-ilegal-de-armas-em-impressoras-3d\/#primaryimage"},"thumbnailUrl":"https:\/\/www.osantarritense.com.br\/jornal\/wp-content\/uploads\/2026\/03\/4d6df2f2-fc28-4701-9373-8ce52e242339.jpg","articleSection":["Cotidiano"],"inLanguage":"pt-BR"},{"@type":"WebPage","@id":"https:\/\/www.osantarritense.com.br\/jornal\/tambau-entra-na-mira-de-operacao-contra-fabrica-ilegal-de-armas-em-impressoras-3d\/","url":"https:\/\/www.osantarritense.com.br\/jornal\/tambau-entra-na-mira-de-operacao-contra-fabrica-ilegal-de-armas-em-impressoras-3d\/","name":"Tamba\u00fa entra na mira de opera\u00e7\u00e3o contra f\u00e1brica ilegal de armas em impressoras 3D - O Santarritense","isPartOf":{"@id":"https:\/\/www.osantarritense.com.br\/jornal\/#website"},"primaryImageOfPage":{"@id":"https:\/\/www.osantarritense.com.br\/jornal\/tambau-entra-na-mira-de-operacao-contra-fabrica-ilegal-de-armas-em-impressoras-3d\/#primaryimage"},"image":{"@id":"https:\/\/www.osantarritense.com.br\/jornal\/tambau-entra-na-mira-de-operacao-contra-fabrica-ilegal-de-armas-em-impressoras-3d\/#primaryimage"},"thumbnailUrl":"https:\/\/www.osantarritense.com.br\/jornal\/wp-content\/uploads\/2026\/03\/4d6df2f2-fc28-4701-9373-8ce52e242339.jpg","datePublished":"2026-03-12T14:25:35+00:00","breadcrumb":{"@id":"https:\/\/www.osantarritense.com.br\/jornal\/tambau-entra-na-mira-de-operacao-contra-fabrica-ilegal-de-armas-em-impressoras-3d\/#breadcrumb"},"inLanguage":"pt-BR","potentialAction":[{"@type":"ReadAction","target":["https:\/\/www.osantarritense.com.br\/jornal\/tambau-entra-na-mira-de-operacao-contra-fabrica-ilegal-de-armas-em-impressoras-3d\/"]}]},{"@type":"ImageObject","inLanguage":"pt-BR","@id":"https:\/\/www.osantarritense.com.br\/jornal\/tambau-entra-na-mira-de-operacao-contra-fabrica-ilegal-de-armas-em-impressoras-3d\/#primaryimage","url":"https:\/\/www.osantarritense.com.br\/jornal\/wp-content\/uploads\/2026\/03\/4d6df2f2-fc28-4701-9373-8ce52e242339.jpg","contentUrl":"https:\/\/www.osantarritense.com.br\/jornal\/wp-content\/uploads\/2026\/03\/4d6df2f2-fc28-4701-9373-8ce52e242339.jpg","width":1600,"height":1200},{"@type":"BreadcrumbList","@id":"https:\/\/www.osantarritense.com.br\/jornal\/tambau-entra-na-mira-de-operacao-contra-fabrica-ilegal-de-armas-em-impressoras-3d\/#breadcrumb","itemListElement":[{"@type":"ListItem","position":1,"name":"In\u00edcio","item":"https:\/\/www.osantarritense.com.br\/jornal\/"},{"@type":"ListItem","position":2,"name":"Tamba\u00fa entra na mira de opera\u00e7\u00e3o contra f\u00e1brica ilegal de armas em impressoras 3D"}]},{"@type":"WebSite","@id":"https:\/\/www.osantarritense.com.br\/jornal\/#website","url":"https:\/\/www.osantarritense.com.br\/jornal\/","name":"O Santarritense","description":"Jornal","publisher":{"@id":"https:\/\/www.osantarritense.com.br\/jornal\/#\/schema\/person\/e126b4df363ecdbcf21dc50a978dd9b8"},"potentialAction":[{"@type":"SearchAction","target":{"@type":"EntryPoint","urlTemplate":"https:\/\/www.osantarritense.com.br\/jornal\/?s={search_term_string}"},"query-input":{"@type":"PropertyValueSpecification","valueRequired":true,"valueName":"search_term_string"}}],"inLanguage":"pt-BR"},{"@type":["Person","Organization"],"@id":"https:\/\/www.osantarritense.com.br\/jornal\/#\/schema\/person\/e126b4df363ecdbcf21dc50a978dd9b8","name":"Reda\u00e7\u00e3o","image":{"@type":"ImageObject","inLanguage":"pt-BR","@id":"https:\/\/www.osantarritense.com.br\/jornal\/#\/schema\/person\/image\/","url":"https:\/\/www.osantarritense.com.br\/jornal\/wp-content\/uploads\/2026\/02\/cropped-logosantarritense.jpg","contentUrl":"https:\/\/www.osantarritense.com.br\/jornal\/wp-content\/uploads\/2026\/02\/cropped-logosantarritense.jpg","width":1221,"height":251,"caption":"Reda\u00e7\u00e3o"},"logo":{"@id":"https:\/\/www.osantarritense.com.br\/jornal\/#\/schema\/person\/image\/"},"sameAs":["https:\/\/www.osantarritense.com.br\/jornal"],"url":"https:\/\/www.osantarritense.com.br\/jornal\/author\/admin\/"}]}},"_links":{"self":[{"href":"https:\/\/www.osantarritense.com.br\/jornal\/wp-json\/wp\/v2\/posts\/603","targetHints":{"allow":["GET"]}}],"collection":[{"href":"https:\/\/www.osantarritense.com.br\/jornal\/wp-json\/wp\/v2\/posts"}],"about":[{"href":"https:\/\/www.osantarritense.com.br\/jornal\/wp-json\/wp\/v2\/types\/post"}],"author":[{"embeddable":true,"href":"https:\/\/www.osantarritense.com.br\/jornal\/wp-json\/wp\/v2\/users\/1"}],"replies":[{"embeddable":true,"href":"https:\/\/www.osantarritense.com.br\/jornal\/wp-json\/wp\/v2\/comments?post=603"}],"version-history":[{"count":1,"href":"https:\/\/www.osantarritense.com.br\/jornal\/wp-json\/wp\/v2\/posts\/603\/revisions"}],"predecessor-version":[{"id":605,"href":"https:\/\/www.osantarritense.com.br\/jornal\/wp-json\/wp\/v2\/posts\/603\/revisions\/605"}],"wp:featuredmedia":[{"embeddable":true,"href":"https:\/\/www.osantarritense.com.br\/jornal\/wp-json\/wp\/v2\/media\/604"}],"wp:attachment":[{"href":"https:\/\/www.osantarritense.com.br\/jornal\/wp-json\/wp\/v2\/media?parent=603"}],"wp:term":[{"taxonomy":"category","embeddable":true,"href":"https:\/\/www.osantarritense.com.br\/jornal\/wp-json\/wp\/v2\/categories?post=603"},{"taxonomy":"post_tag","embeddable":true,"href":"https:\/\/www.osantarritense.com.br\/jornal\/wp-json\/wp\/v2\/tags?post=603"}],"curies":[{"name":"wp","href":"https:\/\/api.w.org\/{rel}","templated":true}]}}