{"id":594,"date":"2026-03-12T13:17:47","date_gmt":"2026-03-12T13:17:47","guid":{"rendered":"https:\/\/www.osantarritense.com.br\/jornal\/?p=594"},"modified":"2026-03-12T13:19:46","modified_gmt":"2026-03-12T13:19:46","slug":"com-presenca-da-primeira-dama-carretas-de-capacitacao-chegam-a-santa-rita","status":"publish","type":"post","link":"https:\/\/www.osantarritense.com.br\/jornal\/com-presenca-da-primeira-dama-carretas-de-capacitacao-chegam-a-santa-rita\/","title":{"rendered":"Com presen\u00e7a da primeira-dama, carretas de capacita\u00e7\u00e3o chegam a Santa Rita"},"content":{"rendered":"<div class=\"text-base my-auto mx-auto [--thread-content-margin:var(--thread-content-margin-xs,calc(var(--spacing)*4))] @w-sm\/main:[--thread-content-margin:var(--thread-content-margin-sm,calc(var(--spacing)*6))] @w-lg\/main:[--thread-content-margin:var(--thread-content-margin-lg,calc(var(--spacing)*16))] px-(--thread-content-margin)\">\n<div class=\"[--thread-content-max-width:40rem] @w-lg\/main:[--thread-content-max-width:48rem] mx-auto max-w-(--thread-content-max-width) flex-1 group\/turn-messages focus-visible:outline-hidden relative flex w-full min-w-0 flex-col agent-turn\" tabindex=\"-1\">\n<div class=\"flex max-w-full flex-col gap-4 grow\">\n<div class=\"min-h-8 text-message relative flex w-full flex-col items-end gap-2 text-start break-words whitespace-normal [.text-message+&amp;]:mt-1\" dir=\"auto\" data-message-author-role=\"assistant\" data-message-id=\"4235b73b-586d-4f52-b3e9-e04dbd1a7427\" data-message-model-slug=\"gpt-5-3\">\n<div class=\"flex w-full flex-col gap-1 empty:hidden\">\n<div class=\"markdown prose dark:prose-invert w-full wrap-break-word light markdown-new-styling\">\n<p data-start=\"104\" data-end=\"489\"><span style=\"font-family: tahoma, arial, helvetica, sans-serif;\"><strong data-start=\"104\" data-end=\"143\">Na tarde da \u00faltima ter\u00e7a-feira (10)<\/strong>, foi realizada a cerim\u00f4nia de inaugura\u00e7\u00e3o dos cursos de <strong data-start=\"200\" data-end=\"220\">Costura Criativa<\/strong> e <strong data-start=\"223\" data-end=\"245\">Cuidador de Idosos<\/strong>, al\u00e9m da chegada das carretas do programa estadual <strong data-start=\"297\" data-end=\"324\">Caminhos da Capacita\u00e7\u00e3o<\/strong>, em <strong data-start=\"329\" data-end=\"359\">Santa Rita do Passa Quatro<\/strong>. A iniciativa do <strong data-start=\"377\" data-end=\"411\">Governo do Estado de S\u00e3o Paulo<\/strong> busca <strong data-start=\"418\" data-end=\"488\">ampliar o acesso da popula\u00e7\u00e3o \u00e0 qualifica\u00e7\u00e3o profissional gratuita<\/strong>.<\/span><\/p>\n<p data-start=\"104\" data-end=\"489\"><span style=\"font-family: tahoma, arial, helvetica, sans-serif;\">\ud83d\udcf1 <em>Siga o O Santarritense no <a href=\"https:\/\/www.instagram.com\/osantarritense\/\">Instagram\u00a0<\/a><\/em><\/span><\/p>\n<p data-start=\"491\" data-end=\"710\"><span style=\"font-family: tahoma, arial, helvetica, sans-serif;\">De acordo com a organiza\u00e7\u00e3o, <strong data-start=\"520\" data-end=\"583\">120 pessoas se inscreveram para participar das capacita\u00e7\u00f5es<\/strong>, que ter\u00e3o <strong data-start=\"595\" data-end=\"617\">dura\u00e7\u00e3o de 10 dias<\/strong> e incluem <strong data-start=\"628\" data-end=\"657\">aulas te\u00f3ricas e pr\u00e1ticas<\/strong> voltadas \u00e0 forma\u00e7\u00e3o profissional e gera\u00e7\u00e3o de renda.<\/span><\/p>\n<figure id=\"attachment_596\" aria-describedby=\"caption-attachment-596\" style=\"width: 1000px\" class=\"wp-caption aligncenter\"><img loading=\"lazy\" decoding=\"async\" class=\"wp-image-596 size-full\" src=\"https:\/\/www.osantarritense.com.br\/jornal\/wp-content\/uploads\/2026\/03\/IMG_1677.jpg\" alt=\"\" width=\"1000\" height=\"667\" srcset=\"https:\/\/www.osantarritense.com.br\/jornal\/wp-content\/uploads\/2026\/03\/IMG_1677.jpg 1000w, https:\/\/www.osantarritense.com.br\/jornal\/wp-content\/uploads\/2026\/03\/IMG_1677-300x200.jpg 300w, https:\/\/www.osantarritense.com.br\/jornal\/wp-content\/uploads\/2026\/03\/IMG_1677-768x512.jpg 768w\" sizes=\"auto, (max-width: 1000px) 100vw, 1000px\" \/><figcaption id=\"caption-attachment-596\" class=\"wp-caption-text\"><span style=\"font-size: 10pt;\"><em>Foto: SECOM\/Prefeitura<\/em><\/span><\/figcaption><\/figure>\n<p data-start=\"712\" data-end=\"1029\"><span style=\"font-family: tahoma, arial, helvetica, sans-serif;\">A solenidade contou com a presen\u00e7a da <strong data-start=\"750\" data-end=\"855\">primeira-dama e presidente do Fundo Social de Solidariedade do Estado de S\u00e3o Paulo, Cristiane Freitas<\/strong>, do <strong data-start=\"860\" data-end=\"886\">prefeito Marcelo Sim\u00e3o<\/strong>, da <strong data-start=\"891\" data-end=\"983\">primeira-dama e presidente do Fundo Social de Solidariedade do munic\u00edpio, Fabr\u00edcia Viana<\/strong>, al\u00e9m da <strong data-start=\"993\" data-end=\"1028\">vice-prefeita Ariana Jamus Pupo<\/strong>.<\/span><\/p>\n<p data-start=\"1031\" data-end=\"1212\"><span style=\"font-family: tahoma, arial, helvetica, sans-serif;\">Tamb\u00e9m participaram do evento o <strong data-start=\"1063\" data-end=\"1100\">deputado estadual Capit\u00e3o Telhada<\/strong>, o <strong data-start=\"1104\" data-end=\"1155\">presidente da C\u00e2mara Municipal, vereador Verdun<\/strong>, e os vereadores <strong data-start=\"1173\" data-end=\"1190\">Everton Silva<\/strong> e <strong data-start=\"1193\" data-end=\"1211\">Vanderlei Kill<\/strong>.<\/span><\/p>\n<figure id=\"attachment_597\" aria-describedby=\"caption-attachment-597\" style=\"width: 1000px\" class=\"wp-caption alignnone\"><img loading=\"lazy\" decoding=\"async\" class=\"wp-image-597 size-full\" src=\"https:\/\/www.osantarritense.com.br\/jornal\/wp-content\/uploads\/2026\/03\/IMG_1581.jpg\" alt=\"\" width=\"1000\" height=\"667\" srcset=\"https:\/\/www.osantarritense.com.br\/jornal\/wp-content\/uploads\/2026\/03\/IMG_1581.jpg 1000w, https:\/\/www.osantarritense.com.br\/jornal\/wp-content\/uploads\/2026\/03\/IMG_1581-300x200.jpg 300w, https:\/\/www.osantarritense.com.br\/jornal\/wp-content\/uploads\/2026\/03\/IMG_1581-768x512.jpg 768w\" sizes=\"auto, (max-width: 1000px) 100vw, 1000px\" \/><figcaption id=\"caption-attachment-597\" class=\"wp-caption-text\"><span style=\"font-size: 10pt;\"><em>Foto: SECOM\/Prefeitura<\/em><\/span><\/figcaption><\/figure>\n<p data-start=\"1214\" data-end=\"1616\"><span style=\"font-family: tahoma, arial, helvetica, sans-serif;\">Entre as autoridades e representantes de institui\u00e7\u00f5es presentes estavam ainda a <strong data-start=\"1294\" data-end=\"1341\">gerente regional do Sebrae, Ariane Canellas<\/strong>, o <strong data-start=\"1345\" data-end=\"1398\">consultor de neg\u00f3cios do Sebrae, Peterson Barleta<\/strong>, o <strong data-start=\"1402\" data-end=\"1456\">presidente da Casa Bel\u00e9m, pastor Osires Bernegossi<\/strong>, al\u00e9m de representantes de entidades e institui\u00e7\u00f5es da regi\u00e3o, como o <strong data-start=\"1527\" data-end=\"1566\">F\u00f3rum de Santa Rita do Passa Quatro<\/strong>, a <strong data-start=\"1570\" data-end=\"1578\">APAE<\/strong> e autoridades de munic\u00edpios vizinhos.<\/span><\/p>\n<p data-start=\"1618\" data-end=\"1856\"><span style=\"font-family: tahoma, arial, helvetica, sans-serif;\">Segundo o Governo do Estado, o <strong data-start=\"1649\" data-end=\"1685\">programa Caminhos da Capacita\u00e7\u00e3o<\/strong>, iniciativa do <strong data-start=\"1701\" data-end=\"1730\">Fundo Social de S\u00e3o Paulo<\/strong>, leva <strong data-start=\"1737\" data-end=\"1855\">cursos gratuitos a diversos munic\u00edpios por meio de carretas adaptadas que funcionam como salas de aula itinerantes<\/strong>.<\/span><\/p>\n<figure id=\"attachment_598\" aria-describedby=\"caption-attachment-598\" style=\"width: 1000px\" class=\"wp-caption alignnone\"><img loading=\"lazy\" decoding=\"async\" class=\"wp-image-598 size-full\" src=\"https:\/\/www.osantarritense.com.br\/jornal\/wp-content\/uploads\/2026\/03\/IMG_1506.jpg\" alt=\"\" width=\"1000\" height=\"667\" srcset=\"https:\/\/www.osantarritense.com.br\/jornal\/wp-content\/uploads\/2026\/03\/IMG_1506.jpg 1000w, https:\/\/www.osantarritense.com.br\/jornal\/wp-content\/uploads\/2026\/03\/IMG_1506-300x200.jpg 300w, https:\/\/www.osantarritense.com.br\/jornal\/wp-content\/uploads\/2026\/03\/IMG_1506-768x512.jpg 768w\" sizes=\"auto, (max-width: 1000px) 100vw, 1000px\" \/><figcaption id=\"caption-attachment-598\" class=\"wp-caption-text\"><span style=\"font-size: 10pt;\"><em>Foto: SECOM\/Prefeitura<\/em><\/span><\/figcaption><\/figure>\n<p data-start=\"1858\" data-end=\"2087\"><span style=\"font-family: tahoma, arial, helvetica, sans-serif;\">A proposta \u00e9 oferecer <strong data-start=\"1880\" data-end=\"1959\">estrutura completa de ensino, com equipamentos e instrutores especializados<\/strong>, permitindo que os participantes desenvolvam habilidades pr\u00e1ticas em \u00e1reas com potencial de gera\u00e7\u00e3o de renda e empregabilidade.<\/span><\/p>\n<p data-start=\"2089\" data-end=\"2282\" data-is-last-node=\"\" data-is-only-node=\"\"><span style=\"font-family: tahoma, arial, helvetica, sans-serif;\">De acordo com os organizadores, a iniciativa tem como objetivo <strong data-start=\"2152\" data-end=\"2281\">fortalecer a qualifica\u00e7\u00e3o da popula\u00e7\u00e3o e impulsionar o desenvolvimento social e econ\u00f4mico das cidades atendidas pelo programa<\/strong>.<\/span><\/p>\n<figure id=\"attachment_599\" aria-describedby=\"caption-attachment-599\" style=\"width: 1000px\" class=\"wp-caption aligncenter\"><img loading=\"lazy\" decoding=\"async\" class=\"wp-image-599 size-full\" src=\"https:\/\/www.osantarritense.com.br\/jornal\/wp-content\/uploads\/2026\/03\/IMG_1501.jpg\" alt=\"\" width=\"1000\" height=\"667\" srcset=\"https:\/\/www.osantarritense.com.br\/jornal\/wp-content\/uploads\/2026\/03\/IMG_1501.jpg 1000w, https:\/\/www.osantarritense.com.br\/jornal\/wp-content\/uploads\/2026\/03\/IMG_1501-300x200.jpg 300w, https:\/\/www.osantarritense.com.br\/jornal\/wp-content\/uploads\/2026\/03\/IMG_1501-768x512.jpg 768w\" sizes=\"auto, (max-width: 1000px) 100vw, 1000px\" \/><figcaption id=\"caption-attachment-599\" class=\"wp-caption-text\"><span style=\"font-size: 10pt;\"><em>Foto: SECOM\/Prefeitura<\/em><\/span><\/figcaption><\/figure>\n<\/div>\n<div class=\"markdown prose dark:prose-invert w-full wrap-break-word light markdown-new-styling\">\n<p data-start=\"778\" data-end=\"1029\" data-is-last-node=\"\" data-is-only-node=\"\"><span style=\"font-family: tahoma, arial, helvetica, sans-serif;\">\u270d\ufe0f <em data-start=\"1160\" data-end=\"1198\" data-is-last-node=\"\">Da reda\u00e7\u00e3o: <a href=\"https:\/\/www.facebook.com\/jornalistatonioliveiraon\/\"><strong>Jornalista Toni Oliveira<\/strong><\/a><\/em><\/span><\/p>\n<p><span style=\"font-family: tahoma, arial, helvetica, sans-serif;\"><em>( Fica proibida a reprodu\u00e7\u00e3o total ou parcial, c\u00f3pia ou distribui\u00e7\u00e3o do conte\u00fado, sem autoriza\u00e7\u00e3o expressa por parte do <strong>jornal O Santarritense<\/strong>)<\/em><\/span><\/p>\n<\/div>\n<\/div>\n<\/div>\n<\/div>\n<\/div>\n<\/div>\n","protected":false},"excerpt":{"rendered":"<p>Na tarde da \u00faltima ter\u00e7a-feira (10), foi realizada a cerim\u00f4nia de inaugura\u00e7\u00e3o dos cursos de Costura Criativa e Cuidador de&hellip;<\/p>\n","protected":false},"author":1,"featured_media":595,"comment_status":"closed","ping_status":"closed","sticky":false,"template":"","format":"standard","meta":{"footnotes":""},"categories":[3],"tags":[],"class_list":["post-594","post","type-post","status-publish","format-standard","has-post-thumbnail","hentry","category-cidade"],"yoast_head":"<!-- This site is optimized with the Yoast SEO plugin v26.8 - https:\/\/yoast.com\/product\/yoast-seo-wordpress\/ -->\n<title>Com presen\u00e7a da primeira-dama, carretas de capacita\u00e7\u00e3o chegam a Santa Rita - O Santarritense<\/title>\n<meta name=\"robots\" content=\"index, follow, max-snippet:-1, max-image-preview:large, max-video-preview:-1\" \/>\n<link rel=\"canonical\" href=\"https:\/\/www.osantarritense.com.br\/jornal\/com-presenca-da-primeira-dama-carretas-de-capacitacao-chegam-a-santa-rita\/\" \/>\n<meta property=\"og:locale\" content=\"pt_BR\" \/>\n<meta property=\"og:type\" content=\"article\" \/>\n<meta property=\"og:title\" content=\"Com presen\u00e7a da primeira-dama, carretas de capacita\u00e7\u00e3o chegam a Santa Rita - O Santarritense\" \/>\n<meta property=\"og:description\" content=\"Na tarde da \u00faltima ter\u00e7a-feira (10), foi realizada a cerim\u00f4nia de inaugura\u00e7\u00e3o dos cursos de Costura Criativa e Cuidador de&hellip;\" \/>\n<meta property=\"og:url\" content=\"https:\/\/www.osantarritense.com.br\/jornal\/com-presenca-da-primeira-dama-carretas-de-capacitacao-chegam-a-santa-rita\/\" \/>\n<meta property=\"og:site_name\" content=\"O Santarritense\" \/>\n<meta property=\"article:published_time\" content=\"2026-03-12T13:17:47+00:00\" \/>\n<meta property=\"article:modified_time\" content=\"2026-03-12T13:19:46+00:00\" \/>\n<meta property=\"og:image\" content=\"https:\/\/www.osantarritense.com.br\/jornal\/wp-content\/uploads\/2026\/03\/IMG_1703.jpg\" \/>\n\t<meta property=\"og:image:width\" content=\"1000\" \/>\n\t<meta property=\"og:image:height\" content=\"667\" \/>\n\t<meta property=\"og:image:type\" content=\"image\/jpeg\" \/>\n<meta name=\"author\" content=\"Reda\u00e7\u00e3o\" \/>\n<meta name=\"twitter:card\" content=\"summary_large_image\" \/>\n<meta name=\"twitter:label1\" content=\"Escrito por\" \/>\n\t<meta name=\"twitter:data1\" content=\"Reda\u00e7\u00e3o\" \/>\n\t<meta name=\"twitter:label2\" content=\"Est. tempo de leitura\" \/>\n\t<meta name=\"twitter:data2\" content=\"4 minutos\" \/>\n<script type=\"application\/ld+json\" class=\"yoast-schema-graph\">{\"@context\":\"https:\/\/schema.org\",\"@graph\":[{\"@type\":\"Article\",\"@id\":\"https:\/\/www.osantarritense.com.br\/jornal\/com-presenca-da-primeira-dama-carretas-de-capacitacao-chegam-a-santa-rita\/#article\",\"isPartOf\":{\"@id\":\"https:\/\/www.osantarritense.com.br\/jornal\/com-presenca-da-primeira-dama-carretas-de-capacitacao-chegam-a-santa-rita\/\"},\"author\":{\"name\":\"Reda\u00e7\u00e3o\",\"@id\":\"https:\/\/www.osantarritense.com.br\/jornal\/#\/schema\/person\/e126b4df363ecdbcf21dc50a978dd9b8\"},\"headline\":\"Com presen\u00e7a da primeira-dama, carretas de capacita\u00e7\u00e3o chegam a Santa Rita\",\"datePublished\":\"2026-03-12T13:17:47+00:00\",\"dateModified\":\"2026-03-12T13:19:46+00:00\",\"mainEntityOfPage\":{\"@id\":\"https:\/\/www.osantarritense.com.br\/jornal\/com-presenca-da-primeira-dama-carretas-de-capacitacao-chegam-a-santa-rita\/\"},\"wordCount\":435,\"publisher\":{\"@id\":\"https:\/\/www.osantarritense.com.br\/jornal\/#\/schema\/person\/e126b4df363ecdbcf21dc50a978dd9b8\"},\"image\":{\"@id\":\"https:\/\/www.osantarritense.com.br\/jornal\/com-presenca-da-primeira-dama-carretas-de-capacitacao-chegam-a-santa-rita\/#primaryimage\"},\"thumbnailUrl\":\"https:\/\/www.osantarritense.com.br\/jornal\/wp-content\/uploads\/2026\/03\/IMG_1703.jpg\",\"articleSection\":[\"Cidade\"],\"inLanguage\":\"pt-BR\"},{\"@type\":\"WebPage\",\"@id\":\"https:\/\/www.osantarritense.com.br\/jornal\/com-presenca-da-primeira-dama-carretas-de-capacitacao-chegam-a-santa-rita\/\",\"url\":\"https:\/\/www.osantarritense.com.br\/jornal\/com-presenca-da-primeira-dama-carretas-de-capacitacao-chegam-a-santa-rita\/\",\"name\":\"Com presen\u00e7a da primeira-dama, carretas de capacita\u00e7\u00e3o chegam a Santa Rita - O Santarritense\",\"isPartOf\":{\"@id\":\"https:\/\/www.osantarritense.com.br\/jornal\/#website\"},\"primaryImageOfPage\":{\"@id\":\"https:\/\/www.osantarritense.com.br\/jornal\/com-presenca-da-primeira-dama-carretas-de-capacitacao-chegam-a-santa-rita\/#primaryimage\"},\"image\":{\"@id\":\"https:\/\/www.osantarritense.com.br\/jornal\/com-presenca-da-primeira-dama-carretas-de-capacitacao-chegam-a-santa-rita\/#primaryimage\"},\"thumbnailUrl\":\"https:\/\/www.osantarritense.com.br\/jornal\/wp-content\/uploads\/2026\/03\/IMG_1703.jpg\",\"datePublished\":\"2026-03-12T13:17:47+00:00\",\"dateModified\":\"2026-03-12T13:19:46+00:00\",\"breadcrumb\":{\"@id\":\"https:\/\/www.osantarritense.com.br\/jornal\/com-presenca-da-primeira-dama-carretas-de-capacitacao-chegam-a-santa-rita\/#breadcrumb\"},\"inLanguage\":\"pt-BR\",\"potentialAction\":[{\"@type\":\"ReadAction\",\"target\":[\"https:\/\/www.osantarritense.com.br\/jornal\/com-presenca-da-primeira-dama-carretas-de-capacitacao-chegam-a-santa-rita\/\"]}]},{\"@type\":\"ImageObject\",\"inLanguage\":\"pt-BR\",\"@id\":\"https:\/\/www.osantarritense.com.br\/jornal\/com-presenca-da-primeira-dama-carretas-de-capacitacao-chegam-a-santa-rita\/#primaryimage\",\"url\":\"https:\/\/www.osantarritense.com.br\/jornal\/wp-content\/uploads\/2026\/03\/IMG_1703.jpg\",\"contentUrl\":\"https:\/\/www.osantarritense.com.br\/jornal\/wp-content\/uploads\/2026\/03\/IMG_1703.jpg\",\"width\":1000,\"height\":667},{\"@type\":\"BreadcrumbList\",\"@id\":\"https:\/\/www.osantarritense.com.br\/jornal\/com-presenca-da-primeira-dama-carretas-de-capacitacao-chegam-a-santa-rita\/#breadcrumb\",\"itemListElement\":[{\"@type\":\"ListItem\",\"position\":1,\"name\":\"In\u00edcio\",\"item\":\"https:\/\/www.osantarritense.com.br\/jornal\/\"},{\"@type\":\"ListItem\",\"position\":2,\"name\":\"Com presen\u00e7a da primeira-dama, carretas de capacita\u00e7\u00e3o chegam a Santa Rita\"}]},{\"@type\":\"WebSite\",\"@id\":\"https:\/\/www.osantarritense.com.br\/jornal\/#website\",\"url\":\"https:\/\/www.osantarritense.com.br\/jornal\/\",\"name\":\"O Santarritense\",\"description\":\"Jornal\",\"publisher\":{\"@id\":\"https:\/\/www.osantarritense.com.br\/jornal\/#\/schema\/person\/e126b4df363ecdbcf21dc50a978dd9b8\"},\"potentialAction\":[{\"@type\":\"SearchAction\",\"target\":{\"@type\":\"EntryPoint\",\"urlTemplate\":\"https:\/\/www.osantarritense.com.br\/jornal\/?s={search_term_string}\"},\"query-input\":{\"@type\":\"PropertyValueSpecification\",\"valueRequired\":true,\"valueName\":\"search_term_string\"}}],\"inLanguage\":\"pt-BR\"},{\"@type\":[\"Person\",\"Organization\"],\"@id\":\"https:\/\/www.osantarritense.com.br\/jornal\/#\/schema\/person\/e126b4df363ecdbcf21dc50a978dd9b8\",\"name\":\"Reda\u00e7\u00e3o\",\"image\":{\"@type\":\"ImageObject\",\"inLanguage\":\"pt-BR\",\"@id\":\"https:\/\/www.osantarritense.com.br\/jornal\/#\/schema\/person\/image\/\",\"url\":\"https:\/\/www.osantarritense.com.br\/jornal\/wp-content\/uploads\/2026\/02\/cropped-logosantarritense.jpg\",\"contentUrl\":\"https:\/\/www.osantarritense.com.br\/jornal\/wp-content\/uploads\/2026\/02\/cropped-logosantarritense.jpg\",\"width\":1221,\"height\":251,\"caption\":\"Reda\u00e7\u00e3o\"},\"logo\":{\"@id\":\"https:\/\/www.osantarritense.com.br\/jornal\/#\/schema\/person\/image\/\"},\"sameAs\":[\"https:\/\/www.osantarritense.com.br\/jornal\"],\"url\":\"https:\/\/www.osantarritense.com.br\/jornal\/author\/admin\/\"}]}<\/script>\n<!-- \/ Yoast SEO plugin. -->","yoast_head_json":{"title":"Com presen\u00e7a da primeira-dama, carretas de capacita\u00e7\u00e3o chegam a Santa Rita - O Santarritense","robots":{"index":"index","follow":"follow","max-snippet":"max-snippet:-1","max-image-preview":"max-image-preview:large","max-video-preview":"max-video-preview:-1"},"canonical":"https:\/\/www.osantarritense.com.br\/jornal\/com-presenca-da-primeira-dama-carretas-de-capacitacao-chegam-a-santa-rita\/","og_locale":"pt_BR","og_type":"article","og_title":"Com presen\u00e7a da primeira-dama, carretas de capacita\u00e7\u00e3o chegam a Santa Rita - O Santarritense","og_description":"Na tarde da \u00faltima ter\u00e7a-feira (10), foi realizada a cerim\u00f4nia de inaugura\u00e7\u00e3o dos cursos de Costura Criativa e Cuidador de&hellip;","og_url":"https:\/\/www.osantarritense.com.br\/jornal\/com-presenca-da-primeira-dama-carretas-de-capacitacao-chegam-a-santa-rita\/","og_site_name":"O Santarritense","article_published_time":"2026-03-12T13:17:47+00:00","article_modified_time":"2026-03-12T13:19:46+00:00","og_image":[{"width":1000,"height":667,"url":"https:\/\/www.osantarritense.com.br\/jornal\/wp-content\/uploads\/2026\/03\/IMG_1703.jpg","type":"image\/jpeg"}],"author":"Reda\u00e7\u00e3o","twitter_card":"summary_large_image","twitter_misc":{"Escrito por":"Reda\u00e7\u00e3o","Est. tempo de leitura":"4 minutos"},"schema":{"@context":"https:\/\/schema.org","@graph":[{"@type":"Article","@id":"https:\/\/www.osantarritense.com.br\/jornal\/com-presenca-da-primeira-dama-carretas-de-capacitacao-chegam-a-santa-rita\/#article","isPartOf":{"@id":"https:\/\/www.osantarritense.com.br\/jornal\/com-presenca-da-primeira-dama-carretas-de-capacitacao-chegam-a-santa-rita\/"},"author":{"name":"Reda\u00e7\u00e3o","@id":"https:\/\/www.osantarritense.com.br\/jornal\/#\/schema\/person\/e126b4df363ecdbcf21dc50a978dd9b8"},"headline":"Com presen\u00e7a da primeira-dama, carretas de capacita\u00e7\u00e3o chegam a Santa Rita","datePublished":"2026-03-12T13:17:47+00:00","dateModified":"2026-03-12T13:19:46+00:00","mainEntityOfPage":{"@id":"https:\/\/www.osantarritense.com.br\/jornal\/com-presenca-da-primeira-dama-carretas-de-capacitacao-chegam-a-santa-rita\/"},"wordCount":435,"publisher":{"@id":"https:\/\/www.osantarritense.com.br\/jornal\/#\/schema\/person\/e126b4df363ecdbcf21dc50a978dd9b8"},"image":{"@id":"https:\/\/www.osantarritense.com.br\/jornal\/com-presenca-da-primeira-dama-carretas-de-capacitacao-chegam-a-santa-rita\/#primaryimage"},"thumbnailUrl":"https:\/\/www.osantarritense.com.br\/jornal\/wp-content\/uploads\/2026\/03\/IMG_1703.jpg","articleSection":["Cidade"],"inLanguage":"pt-BR"},{"@type":"WebPage","@id":"https:\/\/www.osantarritense.com.br\/jornal\/com-presenca-da-primeira-dama-carretas-de-capacitacao-chegam-a-santa-rita\/","url":"https:\/\/www.osantarritense.com.br\/jornal\/com-presenca-da-primeira-dama-carretas-de-capacitacao-chegam-a-santa-rita\/","name":"Com presen\u00e7a da primeira-dama, carretas de capacita\u00e7\u00e3o chegam a Santa Rita - O Santarritense","isPartOf":{"@id":"https:\/\/www.osantarritense.com.br\/jornal\/#website"},"primaryImageOfPage":{"@id":"https:\/\/www.osantarritense.com.br\/jornal\/com-presenca-da-primeira-dama-carretas-de-capacitacao-chegam-a-santa-rita\/#primaryimage"},"image":{"@id":"https:\/\/www.osantarritense.com.br\/jornal\/com-presenca-da-primeira-dama-carretas-de-capacitacao-chegam-a-santa-rita\/#primaryimage"},"thumbnailUrl":"https:\/\/www.osantarritense.com.br\/jornal\/wp-content\/uploads\/2026\/03\/IMG_1703.jpg","datePublished":"2026-03-12T13:17:47+00:00","dateModified":"2026-03-12T13:19:46+00:00","breadcrumb":{"@id":"https:\/\/www.osantarritense.com.br\/jornal\/com-presenca-da-primeira-dama-carretas-de-capacitacao-chegam-a-santa-rita\/#breadcrumb"},"inLanguage":"pt-BR","potentialAction":[{"@type":"ReadAction","target":["https:\/\/www.osantarritense.com.br\/jornal\/com-presenca-da-primeira-dama-carretas-de-capacitacao-chegam-a-santa-rita\/"]}]},{"@type":"ImageObject","inLanguage":"pt-BR","@id":"https:\/\/www.osantarritense.com.br\/jornal\/com-presenca-da-primeira-dama-carretas-de-capacitacao-chegam-a-santa-rita\/#primaryimage","url":"https:\/\/www.osantarritense.com.br\/jornal\/wp-content\/uploads\/2026\/03\/IMG_1703.jpg","contentUrl":"https:\/\/www.osantarritense.com.br\/jornal\/wp-content\/uploads\/2026\/03\/IMG_1703.jpg","width":1000,"height":667},{"@type":"BreadcrumbList","@id":"https:\/\/www.osantarritense.com.br\/jornal\/com-presenca-da-primeira-dama-carretas-de-capacitacao-chegam-a-santa-rita\/#breadcrumb","itemListElement":[{"@type":"ListItem","position":1,"name":"In\u00edcio","item":"https:\/\/www.osantarritense.com.br\/jornal\/"},{"@type":"ListItem","position":2,"name":"Com presen\u00e7a da primeira-dama, carretas de capacita\u00e7\u00e3o chegam a Santa Rita"}]},{"@type":"WebSite","@id":"https:\/\/www.osantarritense.com.br\/jornal\/#website","url":"https:\/\/www.osantarritense.com.br\/jornal\/","name":"O Santarritense","description":"Jornal","publisher":{"@id":"https:\/\/www.osantarritense.com.br\/jornal\/#\/schema\/person\/e126b4df363ecdbcf21dc50a978dd9b8"},"potentialAction":[{"@type":"SearchAction","target":{"@type":"EntryPoint","urlTemplate":"https:\/\/www.osantarritense.com.br\/jornal\/?s={search_term_string}"},"query-input":{"@type":"PropertyValueSpecification","valueRequired":true,"valueName":"search_term_string"}}],"inLanguage":"pt-BR"},{"@type":["Person","Organization"],"@id":"https:\/\/www.osantarritense.com.br\/jornal\/#\/schema\/person\/e126b4df363ecdbcf21dc50a978dd9b8","name":"Reda\u00e7\u00e3o","image":{"@type":"ImageObject","inLanguage":"pt-BR","@id":"https:\/\/www.osantarritense.com.br\/jornal\/#\/schema\/person\/image\/","url":"https:\/\/www.osantarritense.com.br\/jornal\/wp-content\/uploads\/2026\/02\/cropped-logosantarritense.jpg","contentUrl":"https:\/\/www.osantarritense.com.br\/jornal\/wp-content\/uploads\/2026\/02\/cropped-logosantarritense.jpg","width":1221,"height":251,"caption":"Reda\u00e7\u00e3o"},"logo":{"@id":"https:\/\/www.osantarritense.com.br\/jornal\/#\/schema\/person\/image\/"},"sameAs":["https:\/\/www.osantarritense.com.br\/jornal"],"url":"https:\/\/www.osantarritense.com.br\/jornal\/author\/admin\/"}]}},"_links":{"self":[{"href":"https:\/\/www.osantarritense.com.br\/jornal\/wp-json\/wp\/v2\/posts\/594","targetHints":{"allow":["GET"]}}],"collection":[{"href":"https:\/\/www.osantarritense.com.br\/jornal\/wp-json\/wp\/v2\/posts"}],"about":[{"href":"https:\/\/www.osantarritense.com.br\/jornal\/wp-json\/wp\/v2\/types\/post"}],"author":[{"embeddable":true,"href":"https:\/\/www.osantarritense.com.br\/jornal\/wp-json\/wp\/v2\/users\/1"}],"replies":[{"embeddable":true,"href":"https:\/\/www.osantarritense.com.br\/jornal\/wp-json\/wp\/v2\/comments?post=594"}],"version-history":[{"count":3,"href":"https:\/\/www.osantarritense.com.br\/jornal\/wp-json\/wp\/v2\/posts\/594\/revisions"}],"predecessor-version":[{"id":602,"href":"https:\/\/www.osantarritense.com.br\/jornal\/wp-json\/wp\/v2\/posts\/594\/revisions\/602"}],"wp:featuredmedia":[{"embeddable":true,"href":"https:\/\/www.osantarritense.com.br\/jornal\/wp-json\/wp\/v2\/media\/595"}],"wp:attachment":[{"href":"https:\/\/www.osantarritense.com.br\/jornal\/wp-json\/wp\/v2\/media?parent=594"}],"wp:term":[{"taxonomy":"category","embeddable":true,"href":"https:\/\/www.osantarritense.com.br\/jornal\/wp-json\/wp\/v2\/categories?post=594"},{"taxonomy":"post_tag","embeddable":true,"href":"https:\/\/www.osantarritense.com.br\/jornal\/wp-json\/wp\/v2\/tags?post=594"}],"curies":[{"name":"wp","href":"https:\/\/api.w.org\/{rel}","templated":true}]}}