{"id":590,"date":"2026-03-11T18:22:06","date_gmt":"2026-03-11T18:22:06","guid":{"rendered":"https:\/\/www.osantarritense.com.br\/jornal\/?p=590"},"modified":"2026-03-11T18:22:06","modified_gmt":"2026-03-11T18:22:06","slug":"atleta-de-14-anos-conquista-titulos-e-lidera-ranking-paulista-de-beach-tennis","status":"publish","type":"post","link":"https:\/\/www.osantarritense.com.br\/jornal\/atleta-de-14-anos-conquista-titulos-e-lidera-ranking-paulista-de-beach-tennis\/","title":{"rendered":"Atleta de 14 anos conquista t\u00edtulos e lidera ranking paulista de beach tennis"},"content":{"rendered":"<p data-start=\"210\" data-end=\"486\"><span style=\"font-family: tahoma, arial, helvetica, sans-serif;\">O jovem atleta <strong data-start=\"225\" data-end=\"245\">Ant\u00f4nio Vanzella<\/strong>, de apenas <strong data-start=\"257\" data-end=\"268\">14 anos<\/strong>, vem se destacando no cen\u00e1rio do <strong data-start=\"302\" data-end=\"318\">beach tennis<\/strong> paulista e nacional. No ano passado, ele foi <strong data-start=\"364\" data-end=\"420\">campe\u00e3o geral pela Federa\u00e7\u00e3o Paulista de T\u00eanis (FPT)<\/strong> ap\u00f3s alcan\u00e7ar <strong data-start=\"435\" data-end=\"463\">22 finais de campeonatos<\/strong> ao longo da temporada.<\/span><\/p>\n<p data-start=\"488\" data-end=\"731\"><span style=\"font-family: tahoma, arial, helvetica, sans-serif;\">Pelo desempenho, Ant\u00f4nio foi escolhido para receber o pr\u00eamio de <strong data-start=\"552\" data-end=\"576\">Melhor do Ano da FPT<\/strong>, reconhecimento concedido a <strong data-start=\"605\" data-end=\"639\">apenas um atleta por categoria<\/strong>. O jovem tamb\u00e9m recebeu o <strong data-start=\"666\" data-end=\"693\">Pr\u00eamio M\u00e9rito Esportivo<\/strong>, concedido pela Prefeitura Municipal.<\/span><\/p>\n<p data-start=\"488\" data-end=\"731\"><span style=\"font-family: tahoma, arial, helvetica, sans-serif;\">\ud83d\udcf1 <em>Siga o O Santarritense no <a href=\"https:\/\/www.instagram.com\/osantarritense\/\">Instagram\u00a0<\/a><\/em><\/span><\/p>\n<p data-start=\"733\" data-end=\"946\"><span style=\"font-family: tahoma, arial, helvetica, sans-serif;\">Al\u00e9m das conquistas estaduais, o atleta representou <strong data-start=\"785\" data-end=\"821\">S\u00e3o Paulo na Copa das Federa\u00e7\u00f5es<\/strong>, realizada em <strong data-start=\"836\" data-end=\"854\">Fortaleza (CE)<\/strong>, onde se sagrou <strong data-start=\"871\" data-end=\"888\">campe\u00e3o geral<\/strong>, ajudando a trazer o <strong data-start=\"910\" data-end=\"945\">t\u00edtulo brasileiro para o estado<\/strong>.<\/span><\/p>\n<figure id=\"attachment_592\" aria-describedby=\"caption-attachment-592\" style=\"width: 822px\" class=\"wp-caption aligncenter\"><img loading=\"lazy\" decoding=\"async\" class=\"wp-image-592\" src=\"https:\/\/www.osantarritense.com.br\/jornal\/wp-content\/uploads\/2026\/03\/cats-7.jpg\" alt=\"\" width=\"822\" height=\"726\" srcset=\"https:\/\/www.osantarritense.com.br\/jornal\/wp-content\/uploads\/2026\/03\/cats-7.jpg 739w, https:\/\/www.osantarritense.com.br\/jornal\/wp-content\/uploads\/2026\/03\/cats-7-300x265.jpg 300w\" sizes=\"auto, (max-width: 822px) 100vw, 822px\" \/><figcaption id=\"caption-attachment-592\" class=\"wp-caption-text\"><span style=\"font-size: 10pt;\"><em>Foto: Divulga\u00e7\u00e3o<\/em><\/span><\/figcaption><\/figure>\n<p data-start=\"948\" data-end=\"1195\"><span style=\"font-family: tahoma, arial, helvetica, sans-serif;\">Em <strong data-start=\"951\" data-end=\"959\">2026<\/strong>, Ant\u00f4nio j\u00e1 mant\u00e9m a boa fase. No \u00faltimo fim de semana, conquistou o <strong data-start=\"1029\" data-end=\"1056\">t\u00edtulo em Maresias (SP)<\/strong> na categoria <strong data-start=\"1070\" data-end=\"1080\">Sub-16<\/strong>. Com o resultado, ele assumiu o <strong data-start=\"1113\" data-end=\"1145\">1\u00ba lugar no ranking paulista<\/strong> em duas categorias: <strong data-start=\"1166\" data-end=\"1181\">Categoria B<\/strong> e <strong data-start=\"1184\" data-end=\"1194\">Sub-16<\/strong>.<\/span><\/p>\n<p data-start=\"1197\" data-end=\"1368\"><span style=\"font-family: tahoma, arial, helvetica, sans-serif;\">Agora, o jovem atleta busca novamente uma vaga para representar S\u00e3o Paulo na <strong data-start=\"1274\" data-end=\"1297\">Copa das Federa\u00e7\u00f5es<\/strong>, que ser\u00e1 disputada em <strong data-start=\"1321\" data-end=\"1333\">novembro<\/strong>, na cidade de <strong data-start=\"1348\" data-end=\"1367\">Vila Velha (ES)<\/strong>.<\/span><\/p>\n<p data-start=\"1370\" data-end=\"1598\"><span style=\"font-family: tahoma, arial, helvetica, sans-serif;\">Atualmente, Ant\u00f4nio treina em diferentes centros esportivos da regi\u00e3o: <strong data-start=\"1441\" data-end=\"1461\">Academia do Urso<\/strong> e <strong data-start=\"1464\" data-end=\"1476\">CM Arena<\/strong>, em <strong data-start=\"1481\" data-end=\"1511\">Santa Rita do Passa Quatro<\/strong>, <strong data-start=\"1513\" data-end=\"1532\">Arena Mangueira<\/strong>, em <strong data-start=\"1537\" data-end=\"1553\">Pirassununga<\/strong>, e <strong data-start=\"1557\" data-end=\"1579\">Rimini Beach T\u00eanis<\/strong>, em <strong data-start=\"1584\" data-end=\"1597\">Americana<\/strong>.<\/span><\/p>\n<p data-start=\"1600\" data-end=\"1714\"><span style=\"font-family: tahoma, arial, helvetica, sans-serif;\">O pr\u00f3ximo desafio do atleta ser\u00e1 entre os dias <strong data-start=\"1647\" data-end=\"1667\">10 e 12 de abril<\/strong>, durante competi\u00e7\u00e3o na cidade de <strong data-start=\"1701\" data-end=\"1713\">Itu (SP)<\/strong>.<\/span><\/p>\n<p data-start=\"1716\" data-end=\"1887\"><span style=\"font-family: tahoma, arial, helvetica, sans-serif;\">Ant\u00f4nio tamb\u00e9m agradece o apoio de seus patrocinadores: <strong data-start=\"1772\" data-end=\"1857\">Alma Geniuss, BSA, Vitafor Nutrientes, Gallo Corretora de Seguros, MC Construtora<\/strong> e <strong data-start=\"1860\" data-end=\"1886\">Jornal O Santarritense<\/strong>.<\/span><\/p>\n<p data-start=\"778\" data-end=\"1029\" data-is-last-node=\"\" data-is-only-node=\"\"><span style=\"font-family: tahoma, arial, helvetica, sans-serif;\">\u270d\ufe0f <em data-start=\"1160\" data-end=\"1198\" data-is-last-node=\"\">Da reda\u00e7\u00e3o: <a href=\"https:\/\/www.facebook.com\/jornalistatonioliveiraon\/\"><strong>Jornalista Toni Oliveira<\/strong><\/a><\/em><\/span><\/p>\n<p><span style=\"font-family: tahoma, arial, helvetica, sans-serif;\"><em>( Fica proibida a reprodu\u00e7\u00e3o total ou parcial, c\u00f3pia ou distribui\u00e7\u00e3o do conte\u00fado, sem autoriza\u00e7\u00e3o expressa por parte do <strong>jornal O Santarritense<\/strong>)<\/em><\/span><\/p>\n","protected":false},"excerpt":{"rendered":"<p>O jovem atleta Ant\u00f4nio Vanzella, de apenas 14 anos, vem se destacando no cen\u00e1rio do beach tennis paulista e nacional.&hellip;<\/p>\n","protected":false},"author":1,"featured_media":591,"comment_status":"closed","ping_status":"closed","sticky":false,"template":"","format":"standard","meta":{"footnotes":""},"categories":[5],"tags":[],"class_list":["post-590","post","type-post","status-publish","format-standard","has-post-thumbnail","hentry","category-cotidiano"],"yoast_head":"<!-- This site is optimized with the Yoast SEO plugin v26.8 - https:\/\/yoast.com\/product\/yoast-seo-wordpress\/ -->\n<title>Atleta de 14 anos conquista t\u00edtulos e lidera ranking paulista de beach tennis - O Santarritense<\/title>\n<meta name=\"robots\" content=\"index, follow, max-snippet:-1, max-image-preview:large, max-video-preview:-1\" \/>\n<link rel=\"canonical\" href=\"https:\/\/www.osantarritense.com.br\/jornal\/atleta-de-14-anos-conquista-titulos-e-lidera-ranking-paulista-de-beach-tennis\/\" \/>\n<meta property=\"og:locale\" content=\"pt_BR\" \/>\n<meta property=\"og:type\" content=\"article\" \/>\n<meta property=\"og:title\" content=\"Atleta de 14 anos conquista t\u00edtulos e lidera ranking paulista de beach tennis - O Santarritense\" \/>\n<meta property=\"og:description\" content=\"O jovem atleta Ant\u00f4nio Vanzella, de apenas 14 anos, vem se destacando no cen\u00e1rio do beach tennis paulista e nacional.&hellip;\" \/>\n<meta property=\"og:url\" content=\"https:\/\/www.osantarritense.com.br\/jornal\/atleta-de-14-anos-conquista-titulos-e-lidera-ranking-paulista-de-beach-tennis\/\" \/>\n<meta property=\"og:site_name\" content=\"O Santarritense\" \/>\n<meta property=\"article:published_time\" content=\"2026-03-11T18:22:06+00:00\" \/>\n<meta property=\"og:image\" content=\"https:\/\/www.osantarritense.com.br\/jornal\/wp-content\/uploads\/2026\/03\/cats-6.jpg\" \/>\n\t<meta property=\"og:image:width\" content=\"1200\" \/>\n\t<meta property=\"og:image:height\" content=\"815\" \/>\n\t<meta property=\"og:image:type\" content=\"image\/jpeg\" \/>\n<meta name=\"author\" content=\"Reda\u00e7\u00e3o\" \/>\n<meta name=\"twitter:card\" content=\"summary_large_image\" \/>\n<meta name=\"twitter:label1\" content=\"Escrito por\" \/>\n\t<meta name=\"twitter:data1\" content=\"Reda\u00e7\u00e3o\" \/>\n\t<meta name=\"twitter:label2\" content=\"Est. tempo de leitura\" \/>\n\t<meta name=\"twitter:data2\" content=\"3 minutos\" \/>\n<script type=\"application\/ld+json\" class=\"yoast-schema-graph\">{\"@context\":\"https:\/\/schema.org\",\"@graph\":[{\"@type\":\"Article\",\"@id\":\"https:\/\/www.osantarritense.com.br\/jornal\/atleta-de-14-anos-conquista-titulos-e-lidera-ranking-paulista-de-beach-tennis\/#article\",\"isPartOf\":{\"@id\":\"https:\/\/www.osantarritense.com.br\/jornal\/atleta-de-14-anos-conquista-titulos-e-lidera-ranking-paulista-de-beach-tennis\/\"},\"author\":{\"name\":\"Reda\u00e7\u00e3o\",\"@id\":\"https:\/\/www.osantarritense.com.br\/jornal\/#\/schema\/person\/e126b4df363ecdbcf21dc50a978dd9b8\"},\"headline\":\"Atleta de 14 anos conquista t\u00edtulos e lidera ranking paulista de beach tennis\",\"datePublished\":\"2026-03-11T18:22:06+00:00\",\"mainEntityOfPage\":{\"@id\":\"https:\/\/www.osantarritense.com.br\/jornal\/atleta-de-14-anos-conquista-titulos-e-lidera-ranking-paulista-de-beach-tennis\/\"},\"wordCount\":335,\"publisher\":{\"@id\":\"https:\/\/www.osantarritense.com.br\/jornal\/#\/schema\/person\/e126b4df363ecdbcf21dc50a978dd9b8\"},\"image\":{\"@id\":\"https:\/\/www.osantarritense.com.br\/jornal\/atleta-de-14-anos-conquista-titulos-e-lidera-ranking-paulista-de-beach-tennis\/#primaryimage\"},\"thumbnailUrl\":\"https:\/\/www.osantarritense.com.br\/jornal\/wp-content\/uploads\/2026\/03\/cats-6.jpg\",\"articleSection\":[\"Cotidiano\"],\"inLanguage\":\"pt-BR\"},{\"@type\":\"WebPage\",\"@id\":\"https:\/\/www.osantarritense.com.br\/jornal\/atleta-de-14-anos-conquista-titulos-e-lidera-ranking-paulista-de-beach-tennis\/\",\"url\":\"https:\/\/www.osantarritense.com.br\/jornal\/atleta-de-14-anos-conquista-titulos-e-lidera-ranking-paulista-de-beach-tennis\/\",\"name\":\"Atleta de 14 anos conquista t\u00edtulos e lidera ranking paulista de beach tennis - O Santarritense\",\"isPartOf\":{\"@id\":\"https:\/\/www.osantarritense.com.br\/jornal\/#website\"},\"primaryImageOfPage\":{\"@id\":\"https:\/\/www.osantarritense.com.br\/jornal\/atleta-de-14-anos-conquista-titulos-e-lidera-ranking-paulista-de-beach-tennis\/#primaryimage\"},\"image\":{\"@id\":\"https:\/\/www.osantarritense.com.br\/jornal\/atleta-de-14-anos-conquista-titulos-e-lidera-ranking-paulista-de-beach-tennis\/#primaryimage\"},\"thumbnailUrl\":\"https:\/\/www.osantarritense.com.br\/jornal\/wp-content\/uploads\/2026\/03\/cats-6.jpg\",\"datePublished\":\"2026-03-11T18:22:06+00:00\",\"breadcrumb\":{\"@id\":\"https:\/\/www.osantarritense.com.br\/jornal\/atleta-de-14-anos-conquista-titulos-e-lidera-ranking-paulista-de-beach-tennis\/#breadcrumb\"},\"inLanguage\":\"pt-BR\",\"potentialAction\":[{\"@type\":\"ReadAction\",\"target\":[\"https:\/\/www.osantarritense.com.br\/jornal\/atleta-de-14-anos-conquista-titulos-e-lidera-ranking-paulista-de-beach-tennis\/\"]}]},{\"@type\":\"ImageObject\",\"inLanguage\":\"pt-BR\",\"@id\":\"https:\/\/www.osantarritense.com.br\/jornal\/atleta-de-14-anos-conquista-titulos-e-lidera-ranking-paulista-de-beach-tennis\/#primaryimage\",\"url\":\"https:\/\/www.osantarritense.com.br\/jornal\/wp-content\/uploads\/2026\/03\/cats-6.jpg\",\"contentUrl\":\"https:\/\/www.osantarritense.com.br\/jornal\/wp-content\/uploads\/2026\/03\/cats-6.jpg\",\"width\":1200,\"height\":815},{\"@type\":\"BreadcrumbList\",\"@id\":\"https:\/\/www.osantarritense.com.br\/jornal\/atleta-de-14-anos-conquista-titulos-e-lidera-ranking-paulista-de-beach-tennis\/#breadcrumb\",\"itemListElement\":[{\"@type\":\"ListItem\",\"position\":1,\"name\":\"In\u00edcio\",\"item\":\"https:\/\/www.osantarritense.com.br\/jornal\/\"},{\"@type\":\"ListItem\",\"position\":2,\"name\":\"Atleta de 14 anos conquista t\u00edtulos e lidera ranking paulista de beach tennis\"}]},{\"@type\":\"WebSite\",\"@id\":\"https:\/\/www.osantarritense.com.br\/jornal\/#website\",\"url\":\"https:\/\/www.osantarritense.com.br\/jornal\/\",\"name\":\"O Santarritense\",\"description\":\"Jornal\",\"publisher\":{\"@id\":\"https:\/\/www.osantarritense.com.br\/jornal\/#\/schema\/person\/e126b4df363ecdbcf21dc50a978dd9b8\"},\"potentialAction\":[{\"@type\":\"SearchAction\",\"target\":{\"@type\":\"EntryPoint\",\"urlTemplate\":\"https:\/\/www.osantarritense.com.br\/jornal\/?s={search_term_string}\"},\"query-input\":{\"@type\":\"PropertyValueSpecification\",\"valueRequired\":true,\"valueName\":\"search_term_string\"}}],\"inLanguage\":\"pt-BR\"},{\"@type\":[\"Person\",\"Organization\"],\"@id\":\"https:\/\/www.osantarritense.com.br\/jornal\/#\/schema\/person\/e126b4df363ecdbcf21dc50a978dd9b8\",\"name\":\"Reda\u00e7\u00e3o\",\"image\":{\"@type\":\"ImageObject\",\"inLanguage\":\"pt-BR\",\"@id\":\"https:\/\/www.osantarritense.com.br\/jornal\/#\/schema\/person\/image\/\",\"url\":\"https:\/\/www.osantarritense.com.br\/jornal\/wp-content\/uploads\/2026\/02\/cropped-logosantarritense.jpg\",\"contentUrl\":\"https:\/\/www.osantarritense.com.br\/jornal\/wp-content\/uploads\/2026\/02\/cropped-logosantarritense.jpg\",\"width\":1221,\"height\":251,\"caption\":\"Reda\u00e7\u00e3o\"},\"logo\":{\"@id\":\"https:\/\/www.osantarritense.com.br\/jornal\/#\/schema\/person\/image\/\"},\"sameAs\":[\"https:\/\/www.osantarritense.com.br\/jornal\"],\"url\":\"https:\/\/www.osantarritense.com.br\/jornal\/author\/admin\/\"}]}<\/script>\n<!-- \/ Yoast SEO plugin. -->","yoast_head_json":{"title":"Atleta de 14 anos conquista t\u00edtulos e lidera ranking paulista de beach tennis - O Santarritense","robots":{"index":"index","follow":"follow","max-snippet":"max-snippet:-1","max-image-preview":"max-image-preview:large","max-video-preview":"max-video-preview:-1"},"canonical":"https:\/\/www.osantarritense.com.br\/jornal\/atleta-de-14-anos-conquista-titulos-e-lidera-ranking-paulista-de-beach-tennis\/","og_locale":"pt_BR","og_type":"article","og_title":"Atleta de 14 anos conquista t\u00edtulos e lidera ranking paulista de beach tennis - O Santarritense","og_description":"O jovem atleta Ant\u00f4nio Vanzella, de apenas 14 anos, vem se destacando no cen\u00e1rio do beach tennis paulista e nacional.&hellip;","og_url":"https:\/\/www.osantarritense.com.br\/jornal\/atleta-de-14-anos-conquista-titulos-e-lidera-ranking-paulista-de-beach-tennis\/","og_site_name":"O Santarritense","article_published_time":"2026-03-11T18:22:06+00:00","og_image":[{"width":1200,"height":815,"url":"https:\/\/www.osantarritense.com.br\/jornal\/wp-content\/uploads\/2026\/03\/cats-6.jpg","type":"image\/jpeg"}],"author":"Reda\u00e7\u00e3o","twitter_card":"summary_large_image","twitter_misc":{"Escrito por":"Reda\u00e7\u00e3o","Est. tempo de leitura":"3 minutos"},"schema":{"@context":"https:\/\/schema.org","@graph":[{"@type":"Article","@id":"https:\/\/www.osantarritense.com.br\/jornal\/atleta-de-14-anos-conquista-titulos-e-lidera-ranking-paulista-de-beach-tennis\/#article","isPartOf":{"@id":"https:\/\/www.osantarritense.com.br\/jornal\/atleta-de-14-anos-conquista-titulos-e-lidera-ranking-paulista-de-beach-tennis\/"},"author":{"name":"Reda\u00e7\u00e3o","@id":"https:\/\/www.osantarritense.com.br\/jornal\/#\/schema\/person\/e126b4df363ecdbcf21dc50a978dd9b8"},"headline":"Atleta de 14 anos conquista t\u00edtulos e lidera ranking paulista de beach tennis","datePublished":"2026-03-11T18:22:06+00:00","mainEntityOfPage":{"@id":"https:\/\/www.osantarritense.com.br\/jornal\/atleta-de-14-anos-conquista-titulos-e-lidera-ranking-paulista-de-beach-tennis\/"},"wordCount":335,"publisher":{"@id":"https:\/\/www.osantarritense.com.br\/jornal\/#\/schema\/person\/e126b4df363ecdbcf21dc50a978dd9b8"},"image":{"@id":"https:\/\/www.osantarritense.com.br\/jornal\/atleta-de-14-anos-conquista-titulos-e-lidera-ranking-paulista-de-beach-tennis\/#primaryimage"},"thumbnailUrl":"https:\/\/www.osantarritense.com.br\/jornal\/wp-content\/uploads\/2026\/03\/cats-6.jpg","articleSection":["Cotidiano"],"inLanguage":"pt-BR"},{"@type":"WebPage","@id":"https:\/\/www.osantarritense.com.br\/jornal\/atleta-de-14-anos-conquista-titulos-e-lidera-ranking-paulista-de-beach-tennis\/","url":"https:\/\/www.osantarritense.com.br\/jornal\/atleta-de-14-anos-conquista-titulos-e-lidera-ranking-paulista-de-beach-tennis\/","name":"Atleta de 14 anos conquista t\u00edtulos e lidera ranking paulista de beach tennis - O Santarritense","isPartOf":{"@id":"https:\/\/www.osantarritense.com.br\/jornal\/#website"},"primaryImageOfPage":{"@id":"https:\/\/www.osantarritense.com.br\/jornal\/atleta-de-14-anos-conquista-titulos-e-lidera-ranking-paulista-de-beach-tennis\/#primaryimage"},"image":{"@id":"https:\/\/www.osantarritense.com.br\/jornal\/atleta-de-14-anos-conquista-titulos-e-lidera-ranking-paulista-de-beach-tennis\/#primaryimage"},"thumbnailUrl":"https:\/\/www.osantarritense.com.br\/jornal\/wp-content\/uploads\/2026\/03\/cats-6.jpg","datePublished":"2026-03-11T18:22:06+00:00","breadcrumb":{"@id":"https:\/\/www.osantarritense.com.br\/jornal\/atleta-de-14-anos-conquista-titulos-e-lidera-ranking-paulista-de-beach-tennis\/#breadcrumb"},"inLanguage":"pt-BR","potentialAction":[{"@type":"ReadAction","target":["https:\/\/www.osantarritense.com.br\/jornal\/atleta-de-14-anos-conquista-titulos-e-lidera-ranking-paulista-de-beach-tennis\/"]}]},{"@type":"ImageObject","inLanguage":"pt-BR","@id":"https:\/\/www.osantarritense.com.br\/jornal\/atleta-de-14-anos-conquista-titulos-e-lidera-ranking-paulista-de-beach-tennis\/#primaryimage","url":"https:\/\/www.osantarritense.com.br\/jornal\/wp-content\/uploads\/2026\/03\/cats-6.jpg","contentUrl":"https:\/\/www.osantarritense.com.br\/jornal\/wp-content\/uploads\/2026\/03\/cats-6.jpg","width":1200,"height":815},{"@type":"BreadcrumbList","@id":"https:\/\/www.osantarritense.com.br\/jornal\/atleta-de-14-anos-conquista-titulos-e-lidera-ranking-paulista-de-beach-tennis\/#breadcrumb","itemListElement":[{"@type":"ListItem","position":1,"name":"In\u00edcio","item":"https:\/\/www.osantarritense.com.br\/jornal\/"},{"@type":"ListItem","position":2,"name":"Atleta de 14 anos conquista t\u00edtulos e lidera ranking paulista de beach tennis"}]},{"@type":"WebSite","@id":"https:\/\/www.osantarritense.com.br\/jornal\/#website","url":"https:\/\/www.osantarritense.com.br\/jornal\/","name":"O Santarritense","description":"Jornal","publisher":{"@id":"https:\/\/www.osantarritense.com.br\/jornal\/#\/schema\/person\/e126b4df363ecdbcf21dc50a978dd9b8"},"potentialAction":[{"@type":"SearchAction","target":{"@type":"EntryPoint","urlTemplate":"https:\/\/www.osantarritense.com.br\/jornal\/?s={search_term_string}"},"query-input":{"@type":"PropertyValueSpecification","valueRequired":true,"valueName":"search_term_string"}}],"inLanguage":"pt-BR"},{"@type":["Person","Organization"],"@id":"https:\/\/www.osantarritense.com.br\/jornal\/#\/schema\/person\/e126b4df363ecdbcf21dc50a978dd9b8","name":"Reda\u00e7\u00e3o","image":{"@type":"ImageObject","inLanguage":"pt-BR","@id":"https:\/\/www.osantarritense.com.br\/jornal\/#\/schema\/person\/image\/","url":"https:\/\/www.osantarritense.com.br\/jornal\/wp-content\/uploads\/2026\/02\/cropped-logosantarritense.jpg","contentUrl":"https:\/\/www.osantarritense.com.br\/jornal\/wp-content\/uploads\/2026\/02\/cropped-logosantarritense.jpg","width":1221,"height":251,"caption":"Reda\u00e7\u00e3o"},"logo":{"@id":"https:\/\/www.osantarritense.com.br\/jornal\/#\/schema\/person\/image\/"},"sameAs":["https:\/\/www.osantarritense.com.br\/jornal"],"url":"https:\/\/www.osantarritense.com.br\/jornal\/author\/admin\/"}]}},"_links":{"self":[{"href":"https:\/\/www.osantarritense.com.br\/jornal\/wp-json\/wp\/v2\/posts\/590","targetHints":{"allow":["GET"]}}],"collection":[{"href":"https:\/\/www.osantarritense.com.br\/jornal\/wp-json\/wp\/v2\/posts"}],"about":[{"href":"https:\/\/www.osantarritense.com.br\/jornal\/wp-json\/wp\/v2\/types\/post"}],"author":[{"embeddable":true,"href":"https:\/\/www.osantarritense.com.br\/jornal\/wp-json\/wp\/v2\/users\/1"}],"replies":[{"embeddable":true,"href":"https:\/\/www.osantarritense.com.br\/jornal\/wp-json\/wp\/v2\/comments?post=590"}],"version-history":[{"count":1,"href":"https:\/\/www.osantarritense.com.br\/jornal\/wp-json\/wp\/v2\/posts\/590\/revisions"}],"predecessor-version":[{"id":593,"href":"https:\/\/www.osantarritense.com.br\/jornal\/wp-json\/wp\/v2\/posts\/590\/revisions\/593"}],"wp:featuredmedia":[{"embeddable":true,"href":"https:\/\/www.osantarritense.com.br\/jornal\/wp-json\/wp\/v2\/media\/591"}],"wp:attachment":[{"href":"https:\/\/www.osantarritense.com.br\/jornal\/wp-json\/wp\/v2\/media?parent=590"}],"wp:term":[{"taxonomy":"category","embeddable":true,"href":"https:\/\/www.osantarritense.com.br\/jornal\/wp-json\/wp\/v2\/categories?post=590"},{"taxonomy":"post_tag","embeddable":true,"href":"https:\/\/www.osantarritense.com.br\/jornal\/wp-json\/wp\/v2\/tags?post=590"}],"curies":[{"name":"wp","href":"https:\/\/api.w.org\/{rel}","templated":true}]}}