{"id":585,"date":"2026-03-11T12:45:39","date_gmt":"2026-03-11T12:45:39","guid":{"rendered":"https:\/\/www.osantarritense.com.br\/jornal\/?p=585"},"modified":"2026-03-11T13:08:18","modified_gmt":"2026-03-11T13:08:18","slug":"governo-de-sp-lanca-portal-para-esclarecer-isencao-de-ipva-para-motos-ate-180-cilindradas","status":"publish","type":"post","link":"https:\/\/www.osantarritense.com.br\/jornal\/governo-de-sp-lanca-portal-para-esclarecer-isencao-de-ipva-para-motos-ate-180-cilindradas\/","title":{"rendered":"Governo de SP lan\u00e7a portal para esclarecer isen\u00e7\u00e3o de IPVA para motos at\u00e9 180 cilindradas"},"content":{"rendered":"<p data-start=\"230\" data-end=\"624\"><span style=\"font-family: tahoma, arial, helvetica, sans-serif;\">O <strong data-start=\"232\" data-end=\"256\">Governo de S\u00e3o Paulo<\/strong> lan\u00e7ou o portal <a href=\"https:\/\/www.duasrodaszeroipva.sp.gov.br\/\"><strong data-start=\"273\" data-end=\"297\">Duas Rodas Zero IPVA<\/strong><\/a>, com o objetivo de esclarecer as principais d\u00favidas sobre a <strong data-start=\"358\" data-end=\"418\">isen\u00e7\u00e3o do IPVA para motocicletas de at\u00e9 180 cilindradas<\/strong>. O site re\u00fane informa\u00e7\u00f5es sobre <strong data-start=\"451\" data-end=\"563\">quem tem direito, quais os requisitos, o que fazer caso o benef\u00edcio n\u00e3o tenha sido concedido automaticamente<\/strong> e disponibiliza <strong data-start=\"580\" data-end=\"621\">materiais de divulga\u00e7\u00e3o para download<\/strong>.<\/span><\/p>\n<p data-start=\"626\" data-end=\"890\"><span style=\"font-family: tahoma, arial, helvetica, sans-serif;\">A nova lei, em vigor desde janeiro de 2026, pode beneficiar <strong data-start=\"686\" data-end=\"710\">4,4 milh\u00f5es de motos<\/strong>, equivalentes a <strong data-start=\"727\" data-end=\"769\">77% da frota de motocicletas do estado<\/strong>. O benef\u00edcio \u00e9 <strong data-start=\"785\" data-end=\"799\">autom\u00e1tico<\/strong> para ve\u00edculos que atendem aos crit\u00e9rios e <strong data-start=\"842\" data-end=\"871\">n\u00e3o exige cadastro pr\u00e9vio<\/strong> do propriet\u00e1rio.<\/span><\/p>\n<p data-start=\"892\" data-end=\"1007\"><span style=\"font-family: tahoma, arial, helvetica, sans-serif;\">O portal pode ser acessado pelo endere\u00e7o: <strong data-start=\"934\" data-end=\"1004\"><a class=\"decorated-link\" href=\"https:\/\/duasrodaszeroipva.sp.gov.br\" target=\"_new\" rel=\"noopener\" data-start=\"936\" data-end=\"1002\">duasrodaszeroipva.sp.gov.br<\/a><\/strong>.<\/span><\/p>\n<h3 data-section-id=\"pggax0\" data-start=\"1009\" data-end=\"1039\"><span style=\"font-family: tahoma, arial, helvetica, sans-serif;\">Quem tem direito \u00e0 isen\u00e7\u00e3o<\/span><\/h3>\n<p data-start=\"1040\" data-end=\"1294\"><span style=\"font-family: tahoma, arial, helvetica, sans-serif;\">A isen\u00e7\u00e3o vale para <strong data-start=\"1060\" data-end=\"1164\">motocicletas, ciclomotores e motonetas de at\u00e9 180 cilindradas registradas em nome de pessoas f\u00edsicas<\/strong>. Ve\u00edculos financiados por arrendamento mercantil tamb\u00e9m s\u00e3o contemplados, desde que o contrato esteja no nome de pessoa f\u00edsica.<\/span><\/p>\n<p data-start=\"1296\" data-end=\"1385\"><span style=\"font-family: tahoma, arial, helvetica, sans-serif;\">Al\u00e9m da cilindrada, o ve\u00edculo precisa estar com <strong data-start=\"1344\" data-end=\"1382\">cadastro e licenciamento regulares<\/strong>:<\/span><\/p>\n<ul>\n<li data-start=\"1388\" data-end=\"1441\"><span style=\"font-family: tahoma, arial, helvetica, sans-serif;\">Motos usadas: licenciamento do ano anterior em dia.<\/span><\/li>\n<li data-start=\"1444\" data-end=\"1554\"><span style=\"font-family: tahoma, arial, helvetica, sans-serif;\">Motos novas: primeiro emplacamento no Detran dentro do prazo legal de 30 dias ap\u00f3s a emiss\u00e3o da nota fiscal.<\/span><\/li>\n<\/ul>\n<p data-start=\"1556\" data-end=\"1855\"><span style=\"font-family: tahoma, arial, helvetica, sans-serif;\">A <strong data-start=\"1558\" data-end=\"1590\">transfer\u00eancia de propriedade<\/strong> tamb\u00e9m \u00e9 fundamental: motos usadas compradas devem ter a transfer\u00eancia conclu\u00edda no Detran\/SP em at\u00e9 30 dias ap\u00f3s a venda. Caso n\u00e3o seja feita at\u00e9 <strong data-start=\"1738\" data-end=\"1756\">31 de dezembro<\/strong>, o ve\u00edculo fica irregular no <strong data-start=\"1786\" data-end=\"1803\">1\u00ba de janeiro<\/strong> seguinte e perde o direito \u00e0 isen\u00e7\u00e3o naquele ano.<\/span><\/p>\n<p data-start=\"1556\" data-end=\"1855\"><span style=\"font-family: tahoma, arial, helvetica, sans-serif;\">\ud83d\udcf1 <em>Siga o O Santarritense no <a href=\"https:\/\/www.instagram.com\/osantarritense\/\">Instagram\u00a0<\/a><\/em><\/span><\/p>\n<p data-start=\"1857\" data-end=\"2088\"><span style=\"font-family: tahoma, arial, helvetica, sans-serif;\">Segundo dados do Governo do Estado, a <strong data-start=\"1895\" data-end=\"1956\">frotra de motos em S\u00e3o Paulo cresceu 33% na \u00faltima d\u00e9cada<\/strong>, e <strong data-start=\"1960\" data-end=\"2024\">quase 80% dos ve\u00edculos de duas rodas t\u00eam at\u00e9 180 cilindradas<\/strong>, atendendo a uma parcela significativa da popula\u00e7\u00e3o paulista.<\/span><\/p>\n<h3 data-section-id=\"cjypii\" data-start=\"2090\" data-end=\"2152\"><span style=\"font-family: tahoma, arial, helvetica, sans-serif;\">O que fazer se a isen\u00e7\u00e3o n\u00e3o foi aplicada automaticamente?<\/span><\/h3>\n<p data-start=\"2153\" data-end=\"2450\"><span style=\"font-family: tahoma, arial, helvetica, sans-serif;\">Propriet\u00e1rios que atendem \u00e0s condi\u00e7\u00f5es, mas n\u00e3o receberam a isen\u00e7\u00e3o, devem acessar o <strong data-start=\"2238\" data-end=\"2286\">Sistema de Peticionamento Eletr\u00f4nico (Sipet)<\/strong> da <strong data-start=\"2290\" data-end=\"2330\">Secretaria da Fazenda e Planejamento<\/strong> para solicitar o benef\u00edcio. O pedido \u00e9 <strong data-start=\"2370\" data-end=\"2382\">gratuito<\/strong> e pode ser feito com <strong data-start=\"2404\" data-end=\"2420\">login gov.br<\/strong> ou <strong data-start=\"2424\" data-end=\"2447\">certificado digital<\/strong>.<\/span><\/p>\n<p data-start=\"2452\" data-end=\"2481\"><span style=\"font-family: tahoma, arial, helvetica, sans-serif;\"><strong data-start=\"2452\" data-end=\"2479\">Documentos necess\u00e1rios:<\/strong><\/span><\/p>\n<ul>\n<li data-start=\"2484\" data-end=\"2514\"><span style=\"font-family: tahoma, arial, helvetica, sans-serif;\">CRLV ou CRV (frente e verso)<\/span><\/li>\n<li data-start=\"2517\" data-end=\"2542\"><span style=\"font-family: tahoma, arial, helvetica, sans-serif;\">RG e CPF do solicitante<\/span><\/li>\n<li data-start=\"2545\" data-end=\"2603\"><span style=\"font-family: tahoma, arial, helvetica, sans-serif;\">Comprovante de que a cobran\u00e7a est\u00e1 ativa no site IPVAneT<\/span><\/li>\n<li data-start=\"2606\" data-end=\"2667\"><span style=\"font-family: tahoma, arial, helvetica, sans-serif;\">Contrato de financiamento ou arrendamento, quando aplic\u00e1vel<\/span><\/li>\n<li data-start=\"2670\" data-end=\"2709\"><span style=\"font-family: tahoma, arial, helvetica, sans-serif;\">Nota fiscal, no caso de motos zero km<\/span><\/li>\n<\/ul>\n<p data-start=\"2711\" data-end=\"2863\"><span style=\"font-family: tahoma, arial, helvetica, sans-serif;\">Ap\u00f3s o login, basta selecionar a op\u00e7\u00e3o <strong data-start=\"2750\" data-end=\"2817\">\u201cIsen\u00e7\u00e3o IPVA \u2014 motociclos, motonetas e ciclomotores at\u00e9 180cc\u201d<\/strong>, preencher os dados e anexar os documentos.<\/span><\/p>\n<h3 data-section-id=\"1q42zkq\" data-start=\"2865\" data-end=\"2917\"><span style=\"font-family: tahoma, arial, helvetica, sans-serif;\">Quem pagou o IPVA antecipado recebe restitui\u00e7\u00e3o?<\/span><\/h3>\n<p data-start=\"2918\" data-end=\"3081\"><span style=\"font-family: tahoma, arial, helvetica, sans-serif;\">Sim. <strong data-start=\"2923\" data-end=\"2965\">Propriet\u00e1rios que j\u00e1 pagaram o imposto<\/strong>, mas t\u00eam direito \u00e0 isen\u00e7\u00e3o, receber\u00e3o a <strong data-start=\"3006\" data-end=\"3041\">restitui\u00e7\u00e3o de forma autom\u00e1tica<\/strong>, sem necessidade de pedido adicional.<\/span><\/p>\n<p data-start=\"822\" data-end=\"1009\"><span style=\"font-family: tahoma, arial, helvetica, sans-serif;\">\u270d\ufe0f <em data-start=\"1160\" data-end=\"1198\" data-is-last-node=\"\">Reportagem: <a href=\"https:\/\/www.facebook.com\/jornalistatonioliveiraon\/\"><strong>Jornalista Toni Oliveira<\/strong><\/a><\/em><\/span><\/p>\n<p><span style=\"font-family: tahoma, arial, helvetica, sans-serif;\"><em>( Fica proibida a reprodu\u00e7\u00e3o total ou parcial, c\u00f3pia ou distribui\u00e7\u00e3o do conte\u00fado, sem autoriza\u00e7\u00e3o expressa por parte do <strong>jornal O Santarritense<\/strong>)<\/em><\/span><\/p>\n","protected":false},"excerpt":{"rendered":"<p>O Governo de S\u00e3o Paulo lan\u00e7ou o portal Duas Rodas Zero IPVA, com o objetivo de esclarecer as principais d\u00favidas&hellip;<\/p>\n","protected":false},"author":1,"featured_media":586,"comment_status":"closed","ping_status":"closed","sticky":false,"template":"","format":"standard","meta":{"footnotes":""},"categories":[5],"tags":[],"class_list":["post-585","post","type-post","status-publish","format-standard","has-post-thumbnail","hentry","category-cotidiano"],"yoast_head":"<!-- This site is optimized with the Yoast SEO plugin v26.8 - https:\/\/yoast.com\/product\/yoast-seo-wordpress\/ -->\n<title>Governo de SP lan\u00e7a portal para esclarecer isen\u00e7\u00e3o de IPVA para motos at\u00e9 180 cilindradas - O Santarritense<\/title>\n<meta name=\"robots\" content=\"index, follow, max-snippet:-1, max-image-preview:large, max-video-preview:-1\" \/>\n<link rel=\"canonical\" href=\"https:\/\/www.osantarritense.com.br\/jornal\/governo-de-sp-lanca-portal-para-esclarecer-isencao-de-ipva-para-motos-ate-180-cilindradas\/\" \/>\n<meta property=\"og:locale\" content=\"pt_BR\" \/>\n<meta property=\"og:type\" content=\"article\" \/>\n<meta property=\"og:title\" content=\"Governo de SP lan\u00e7a portal para esclarecer isen\u00e7\u00e3o de IPVA para motos at\u00e9 180 cilindradas - O Santarritense\" \/>\n<meta property=\"og:description\" content=\"O Governo de S\u00e3o Paulo lan\u00e7ou o portal Duas Rodas Zero IPVA, com o objetivo de esclarecer as principais d\u00favidas&hellip;\" \/>\n<meta property=\"og:url\" content=\"https:\/\/www.osantarritense.com.br\/jornal\/governo-de-sp-lanca-portal-para-esclarecer-isencao-de-ipva-para-motos-ate-180-cilindradas\/\" \/>\n<meta property=\"og:site_name\" content=\"O Santarritense\" \/>\n<meta property=\"article:published_time\" content=\"2026-03-11T12:45:39+00:00\" \/>\n<meta property=\"article:modified_time\" content=\"2026-03-11T13:08:18+00:00\" \/>\n<meta property=\"og:image\" content=\"https:\/\/www.osantarritense.com.br\/jornal\/wp-content\/uploads\/2026\/03\/WhatsApp-Image-2025-12-12-at-11.32.04-1-1024x682-1.jpeg\" \/>\n\t<meta property=\"og:image:width\" content=\"1024\" \/>\n\t<meta property=\"og:image:height\" content=\"682\" \/>\n\t<meta property=\"og:image:type\" content=\"image\/jpeg\" \/>\n<meta name=\"author\" content=\"Reda\u00e7\u00e3o\" \/>\n<meta name=\"twitter:card\" content=\"summary_large_image\" \/>\n<meta name=\"twitter:label1\" content=\"Escrito por\" \/>\n\t<meta name=\"twitter:data1\" content=\"Reda\u00e7\u00e3o\" \/>\n\t<meta name=\"twitter:label2\" content=\"Est. tempo de leitura\" \/>\n\t<meta name=\"twitter:data2\" content=\"3 minutos\" \/>\n<script type=\"application\/ld+json\" class=\"yoast-schema-graph\">{\"@context\":\"https:\/\/schema.org\",\"@graph\":[{\"@type\":\"Article\",\"@id\":\"https:\/\/www.osantarritense.com.br\/jornal\/governo-de-sp-lanca-portal-para-esclarecer-isencao-de-ipva-para-motos-ate-180-cilindradas\/#article\",\"isPartOf\":{\"@id\":\"https:\/\/www.osantarritense.com.br\/jornal\/governo-de-sp-lanca-portal-para-esclarecer-isencao-de-ipva-para-motos-ate-180-cilindradas\/\"},\"author\":{\"name\":\"Reda\u00e7\u00e3o\",\"@id\":\"https:\/\/www.osantarritense.com.br\/jornal\/#\/schema\/person\/e126b4df363ecdbcf21dc50a978dd9b8\"},\"headline\":\"Governo de SP lan\u00e7a portal para esclarecer isen\u00e7\u00e3o de IPVA para motos at\u00e9 180 cilindradas\",\"datePublished\":\"2026-03-11T12:45:39+00:00\",\"dateModified\":\"2026-03-11T13:08:18+00:00\",\"mainEntityOfPage\":{\"@id\":\"https:\/\/www.osantarritense.com.br\/jornal\/governo-de-sp-lanca-portal-para-esclarecer-isencao-de-ipva-para-motos-ate-180-cilindradas\/\"},\"wordCount\":520,\"publisher\":{\"@id\":\"https:\/\/www.osantarritense.com.br\/jornal\/#\/schema\/person\/e126b4df363ecdbcf21dc50a978dd9b8\"},\"image\":{\"@id\":\"https:\/\/www.osantarritense.com.br\/jornal\/governo-de-sp-lanca-portal-para-esclarecer-isencao-de-ipva-para-motos-ate-180-cilindradas\/#primaryimage\"},\"thumbnailUrl\":\"https:\/\/www.osantarritense.com.br\/jornal\/wp-content\/uploads\/2026\/03\/WhatsApp-Image-2025-12-12-at-11.32.04-1-1024x682-1.jpeg\",\"articleSection\":[\"Cotidiano\"],\"inLanguage\":\"pt-BR\"},{\"@type\":\"WebPage\",\"@id\":\"https:\/\/www.osantarritense.com.br\/jornal\/governo-de-sp-lanca-portal-para-esclarecer-isencao-de-ipva-para-motos-ate-180-cilindradas\/\",\"url\":\"https:\/\/www.osantarritense.com.br\/jornal\/governo-de-sp-lanca-portal-para-esclarecer-isencao-de-ipva-para-motos-ate-180-cilindradas\/\",\"name\":\"Governo de SP lan\u00e7a portal para esclarecer isen\u00e7\u00e3o de IPVA para motos at\u00e9 180 cilindradas - O Santarritense\",\"isPartOf\":{\"@id\":\"https:\/\/www.osantarritense.com.br\/jornal\/#website\"},\"primaryImageOfPage\":{\"@id\":\"https:\/\/www.osantarritense.com.br\/jornal\/governo-de-sp-lanca-portal-para-esclarecer-isencao-de-ipva-para-motos-ate-180-cilindradas\/#primaryimage\"},\"image\":{\"@id\":\"https:\/\/www.osantarritense.com.br\/jornal\/governo-de-sp-lanca-portal-para-esclarecer-isencao-de-ipva-para-motos-ate-180-cilindradas\/#primaryimage\"},\"thumbnailUrl\":\"https:\/\/www.osantarritense.com.br\/jornal\/wp-content\/uploads\/2026\/03\/WhatsApp-Image-2025-12-12-at-11.32.04-1-1024x682-1.jpeg\",\"datePublished\":\"2026-03-11T12:45:39+00:00\",\"dateModified\":\"2026-03-11T13:08:18+00:00\",\"breadcrumb\":{\"@id\":\"https:\/\/www.osantarritense.com.br\/jornal\/governo-de-sp-lanca-portal-para-esclarecer-isencao-de-ipva-para-motos-ate-180-cilindradas\/#breadcrumb\"},\"inLanguage\":\"pt-BR\",\"potentialAction\":[{\"@type\":\"ReadAction\",\"target\":[\"https:\/\/www.osantarritense.com.br\/jornal\/governo-de-sp-lanca-portal-para-esclarecer-isencao-de-ipva-para-motos-ate-180-cilindradas\/\"]}]},{\"@type\":\"ImageObject\",\"inLanguage\":\"pt-BR\",\"@id\":\"https:\/\/www.osantarritense.com.br\/jornal\/governo-de-sp-lanca-portal-para-esclarecer-isencao-de-ipva-para-motos-ate-180-cilindradas\/#primaryimage\",\"url\":\"https:\/\/www.osantarritense.com.br\/jornal\/wp-content\/uploads\/2026\/03\/WhatsApp-Image-2025-12-12-at-11.32.04-1-1024x682-1.jpeg\",\"contentUrl\":\"https:\/\/www.osantarritense.com.br\/jornal\/wp-content\/uploads\/2026\/03\/WhatsApp-Image-2025-12-12-at-11.32.04-1-1024x682-1.jpeg\",\"width\":1024,\"height\":682},{\"@type\":\"BreadcrumbList\",\"@id\":\"https:\/\/www.osantarritense.com.br\/jornal\/governo-de-sp-lanca-portal-para-esclarecer-isencao-de-ipva-para-motos-ate-180-cilindradas\/#breadcrumb\",\"itemListElement\":[{\"@type\":\"ListItem\",\"position\":1,\"name\":\"In\u00edcio\",\"item\":\"https:\/\/www.osantarritense.com.br\/jornal\/\"},{\"@type\":\"ListItem\",\"position\":2,\"name\":\"Governo de SP lan\u00e7a portal para esclarecer isen\u00e7\u00e3o de IPVA para motos at\u00e9 180 cilindradas\"}]},{\"@type\":\"WebSite\",\"@id\":\"https:\/\/www.osantarritense.com.br\/jornal\/#website\",\"url\":\"https:\/\/www.osantarritense.com.br\/jornal\/\",\"name\":\"O Santarritense\",\"description\":\"Jornal\",\"publisher\":{\"@id\":\"https:\/\/www.osantarritense.com.br\/jornal\/#\/schema\/person\/e126b4df363ecdbcf21dc50a978dd9b8\"},\"potentialAction\":[{\"@type\":\"SearchAction\",\"target\":{\"@type\":\"EntryPoint\",\"urlTemplate\":\"https:\/\/www.osantarritense.com.br\/jornal\/?s={search_term_string}\"},\"query-input\":{\"@type\":\"PropertyValueSpecification\",\"valueRequired\":true,\"valueName\":\"search_term_string\"}}],\"inLanguage\":\"pt-BR\"},{\"@type\":[\"Person\",\"Organization\"],\"@id\":\"https:\/\/www.osantarritense.com.br\/jornal\/#\/schema\/person\/e126b4df363ecdbcf21dc50a978dd9b8\",\"name\":\"Reda\u00e7\u00e3o\",\"image\":{\"@type\":\"ImageObject\",\"inLanguage\":\"pt-BR\",\"@id\":\"https:\/\/www.osantarritense.com.br\/jornal\/#\/schema\/person\/image\/\",\"url\":\"https:\/\/www.osantarritense.com.br\/jornal\/wp-content\/uploads\/2026\/02\/cropped-logosantarritense.jpg\",\"contentUrl\":\"https:\/\/www.osantarritense.com.br\/jornal\/wp-content\/uploads\/2026\/02\/cropped-logosantarritense.jpg\",\"width\":1221,\"height\":251,\"caption\":\"Reda\u00e7\u00e3o\"},\"logo\":{\"@id\":\"https:\/\/www.osantarritense.com.br\/jornal\/#\/schema\/person\/image\/\"},\"sameAs\":[\"https:\/\/www.osantarritense.com.br\/jornal\"],\"url\":\"https:\/\/www.osantarritense.com.br\/jornal\/author\/admin\/\"}]}<\/script>\n<!-- \/ Yoast SEO plugin. -->","yoast_head_json":{"title":"Governo de SP lan\u00e7a portal para esclarecer isen\u00e7\u00e3o de IPVA para motos at\u00e9 180 cilindradas - O Santarritense","robots":{"index":"index","follow":"follow","max-snippet":"max-snippet:-1","max-image-preview":"max-image-preview:large","max-video-preview":"max-video-preview:-1"},"canonical":"https:\/\/www.osantarritense.com.br\/jornal\/governo-de-sp-lanca-portal-para-esclarecer-isencao-de-ipva-para-motos-ate-180-cilindradas\/","og_locale":"pt_BR","og_type":"article","og_title":"Governo de SP lan\u00e7a portal para esclarecer isen\u00e7\u00e3o de IPVA para motos at\u00e9 180 cilindradas - O Santarritense","og_description":"O Governo de S\u00e3o Paulo lan\u00e7ou o portal Duas Rodas Zero IPVA, com o objetivo de esclarecer as principais d\u00favidas&hellip;","og_url":"https:\/\/www.osantarritense.com.br\/jornal\/governo-de-sp-lanca-portal-para-esclarecer-isencao-de-ipva-para-motos-ate-180-cilindradas\/","og_site_name":"O Santarritense","article_published_time":"2026-03-11T12:45:39+00:00","article_modified_time":"2026-03-11T13:08:18+00:00","og_image":[{"width":1024,"height":682,"url":"https:\/\/www.osantarritense.com.br\/jornal\/wp-content\/uploads\/2026\/03\/WhatsApp-Image-2025-12-12-at-11.32.04-1-1024x682-1.jpeg","type":"image\/jpeg"}],"author":"Reda\u00e7\u00e3o","twitter_card":"summary_large_image","twitter_misc":{"Escrito por":"Reda\u00e7\u00e3o","Est. tempo de leitura":"3 minutos"},"schema":{"@context":"https:\/\/schema.org","@graph":[{"@type":"Article","@id":"https:\/\/www.osantarritense.com.br\/jornal\/governo-de-sp-lanca-portal-para-esclarecer-isencao-de-ipva-para-motos-ate-180-cilindradas\/#article","isPartOf":{"@id":"https:\/\/www.osantarritense.com.br\/jornal\/governo-de-sp-lanca-portal-para-esclarecer-isencao-de-ipva-para-motos-ate-180-cilindradas\/"},"author":{"name":"Reda\u00e7\u00e3o","@id":"https:\/\/www.osantarritense.com.br\/jornal\/#\/schema\/person\/e126b4df363ecdbcf21dc50a978dd9b8"},"headline":"Governo de SP lan\u00e7a portal para esclarecer isen\u00e7\u00e3o de IPVA para motos at\u00e9 180 cilindradas","datePublished":"2026-03-11T12:45:39+00:00","dateModified":"2026-03-11T13:08:18+00:00","mainEntityOfPage":{"@id":"https:\/\/www.osantarritense.com.br\/jornal\/governo-de-sp-lanca-portal-para-esclarecer-isencao-de-ipva-para-motos-ate-180-cilindradas\/"},"wordCount":520,"publisher":{"@id":"https:\/\/www.osantarritense.com.br\/jornal\/#\/schema\/person\/e126b4df363ecdbcf21dc50a978dd9b8"},"image":{"@id":"https:\/\/www.osantarritense.com.br\/jornal\/governo-de-sp-lanca-portal-para-esclarecer-isencao-de-ipva-para-motos-ate-180-cilindradas\/#primaryimage"},"thumbnailUrl":"https:\/\/www.osantarritense.com.br\/jornal\/wp-content\/uploads\/2026\/03\/WhatsApp-Image-2025-12-12-at-11.32.04-1-1024x682-1.jpeg","articleSection":["Cotidiano"],"inLanguage":"pt-BR"},{"@type":"WebPage","@id":"https:\/\/www.osantarritense.com.br\/jornal\/governo-de-sp-lanca-portal-para-esclarecer-isencao-de-ipva-para-motos-ate-180-cilindradas\/","url":"https:\/\/www.osantarritense.com.br\/jornal\/governo-de-sp-lanca-portal-para-esclarecer-isencao-de-ipva-para-motos-ate-180-cilindradas\/","name":"Governo de SP lan\u00e7a portal para esclarecer isen\u00e7\u00e3o de IPVA para motos at\u00e9 180 cilindradas - O Santarritense","isPartOf":{"@id":"https:\/\/www.osantarritense.com.br\/jornal\/#website"},"primaryImageOfPage":{"@id":"https:\/\/www.osantarritense.com.br\/jornal\/governo-de-sp-lanca-portal-para-esclarecer-isencao-de-ipva-para-motos-ate-180-cilindradas\/#primaryimage"},"image":{"@id":"https:\/\/www.osantarritense.com.br\/jornal\/governo-de-sp-lanca-portal-para-esclarecer-isencao-de-ipva-para-motos-ate-180-cilindradas\/#primaryimage"},"thumbnailUrl":"https:\/\/www.osantarritense.com.br\/jornal\/wp-content\/uploads\/2026\/03\/WhatsApp-Image-2025-12-12-at-11.32.04-1-1024x682-1.jpeg","datePublished":"2026-03-11T12:45:39+00:00","dateModified":"2026-03-11T13:08:18+00:00","breadcrumb":{"@id":"https:\/\/www.osantarritense.com.br\/jornal\/governo-de-sp-lanca-portal-para-esclarecer-isencao-de-ipva-para-motos-ate-180-cilindradas\/#breadcrumb"},"inLanguage":"pt-BR","potentialAction":[{"@type":"ReadAction","target":["https:\/\/www.osantarritense.com.br\/jornal\/governo-de-sp-lanca-portal-para-esclarecer-isencao-de-ipva-para-motos-ate-180-cilindradas\/"]}]},{"@type":"ImageObject","inLanguage":"pt-BR","@id":"https:\/\/www.osantarritense.com.br\/jornal\/governo-de-sp-lanca-portal-para-esclarecer-isencao-de-ipva-para-motos-ate-180-cilindradas\/#primaryimage","url":"https:\/\/www.osantarritense.com.br\/jornal\/wp-content\/uploads\/2026\/03\/WhatsApp-Image-2025-12-12-at-11.32.04-1-1024x682-1.jpeg","contentUrl":"https:\/\/www.osantarritense.com.br\/jornal\/wp-content\/uploads\/2026\/03\/WhatsApp-Image-2025-12-12-at-11.32.04-1-1024x682-1.jpeg","width":1024,"height":682},{"@type":"BreadcrumbList","@id":"https:\/\/www.osantarritense.com.br\/jornal\/governo-de-sp-lanca-portal-para-esclarecer-isencao-de-ipva-para-motos-ate-180-cilindradas\/#breadcrumb","itemListElement":[{"@type":"ListItem","position":1,"name":"In\u00edcio","item":"https:\/\/www.osantarritense.com.br\/jornal\/"},{"@type":"ListItem","position":2,"name":"Governo de SP lan\u00e7a portal para esclarecer isen\u00e7\u00e3o de IPVA para motos at\u00e9 180 cilindradas"}]},{"@type":"WebSite","@id":"https:\/\/www.osantarritense.com.br\/jornal\/#website","url":"https:\/\/www.osantarritense.com.br\/jornal\/","name":"O Santarritense","description":"Jornal","publisher":{"@id":"https:\/\/www.osantarritense.com.br\/jornal\/#\/schema\/person\/e126b4df363ecdbcf21dc50a978dd9b8"},"potentialAction":[{"@type":"SearchAction","target":{"@type":"EntryPoint","urlTemplate":"https:\/\/www.osantarritense.com.br\/jornal\/?s={search_term_string}"},"query-input":{"@type":"PropertyValueSpecification","valueRequired":true,"valueName":"search_term_string"}}],"inLanguage":"pt-BR"},{"@type":["Person","Organization"],"@id":"https:\/\/www.osantarritense.com.br\/jornal\/#\/schema\/person\/e126b4df363ecdbcf21dc50a978dd9b8","name":"Reda\u00e7\u00e3o","image":{"@type":"ImageObject","inLanguage":"pt-BR","@id":"https:\/\/www.osantarritense.com.br\/jornal\/#\/schema\/person\/image\/","url":"https:\/\/www.osantarritense.com.br\/jornal\/wp-content\/uploads\/2026\/02\/cropped-logosantarritense.jpg","contentUrl":"https:\/\/www.osantarritense.com.br\/jornal\/wp-content\/uploads\/2026\/02\/cropped-logosantarritense.jpg","width":1221,"height":251,"caption":"Reda\u00e7\u00e3o"},"logo":{"@id":"https:\/\/www.osantarritense.com.br\/jornal\/#\/schema\/person\/image\/"},"sameAs":["https:\/\/www.osantarritense.com.br\/jornal"],"url":"https:\/\/www.osantarritense.com.br\/jornal\/author\/admin\/"}]}},"_links":{"self":[{"href":"https:\/\/www.osantarritense.com.br\/jornal\/wp-json\/wp\/v2\/posts\/585","targetHints":{"allow":["GET"]}}],"collection":[{"href":"https:\/\/www.osantarritense.com.br\/jornal\/wp-json\/wp\/v2\/posts"}],"about":[{"href":"https:\/\/www.osantarritense.com.br\/jornal\/wp-json\/wp\/v2\/types\/post"}],"author":[{"embeddable":true,"href":"https:\/\/www.osantarritense.com.br\/jornal\/wp-json\/wp\/v2\/users\/1"}],"replies":[{"embeddable":true,"href":"https:\/\/www.osantarritense.com.br\/jornal\/wp-json\/wp\/v2\/comments?post=585"}],"version-history":[{"count":3,"href":"https:\/\/www.osantarritense.com.br\/jornal\/wp-json\/wp\/v2\/posts\/585\/revisions"}],"predecessor-version":[{"id":589,"href":"https:\/\/www.osantarritense.com.br\/jornal\/wp-json\/wp\/v2\/posts\/585\/revisions\/589"}],"wp:featuredmedia":[{"embeddable":true,"href":"https:\/\/www.osantarritense.com.br\/jornal\/wp-json\/wp\/v2\/media\/586"}],"wp:attachment":[{"href":"https:\/\/www.osantarritense.com.br\/jornal\/wp-json\/wp\/v2\/media?parent=585"}],"wp:term":[{"taxonomy":"category","embeddable":true,"href":"https:\/\/www.osantarritense.com.br\/jornal\/wp-json\/wp\/v2\/categories?post=585"},{"taxonomy":"post_tag","embeddable":true,"href":"https:\/\/www.osantarritense.com.br\/jornal\/wp-json\/wp\/v2\/tags?post=585"}],"curies":[{"name":"wp","href":"https:\/\/api.w.org\/{rel}","templated":true}]}}