{"id":580,"date":"2026-03-11T10:49:31","date_gmt":"2026-03-11T10:49:31","guid":{"rendered":"https:\/\/www.osantarritense.com.br\/jornal\/?p=580"},"modified":"2026-03-11T10:50:09","modified_gmt":"2026-03-11T10:50:09","slug":"interior-de-sp-entra-em-estado-de-atencao-por-causa-da-chuva","status":"publish","type":"post","link":"https:\/\/www.osantarritense.com.br\/jornal\/interior-de-sp-entra-em-estado-de-atencao-por-causa-da-chuva\/","title":{"rendered":"Interior de SP entra em estado de aten\u00e7\u00e3o por causa da chuva"},"content":{"rendered":"<p data-start=\"100\" data-end=\"400\"><span style=\"font-family: tahoma, arial, helvetica, sans-serif;\">O <strong data-start=\"102\" data-end=\"148\">Instituto Nacional de Meteorologia (Inmet)<\/strong> emitiu um <strong data-start=\"159\" data-end=\"221\">alerta vermelho de \u201cgrande perigo\u201d para acumulado de chuva<\/strong> no interior do Estado de S\u00e3o Paulo, incluindo <strong>Santa Rita do Passa Quatro<\/strong> <strong data-start=\"268\" data-end=\"304\">e cidades da regi\u00e3o<\/strong>. O aviso \u00e9 v\u00e1lido para esta <strong data-start=\"333\" data-end=\"354\">quarta-feira (11)<\/strong> e indica risco elevado de temporais intensos.<\/span><\/p>\n<p data-start=\"402\" data-end=\"631\"><span style=\"font-family: tahoma, arial, helvetica, sans-serif;\">O alerta vermelho \u00e9 <strong data-start=\"422\" data-end=\"482\">o n\u00edvel m\u00e1ximo em uma escala de tr\u00eas graus de severidade<\/strong> e abrange grande parte do interior paulista. A recomenda\u00e7\u00e3o \u00e9 de aten\u00e7\u00e3o redobrada da popula\u00e7\u00e3o devido ao risco de impactos provocados pelas chuvas.<\/span><\/p>\n<p data-start=\"633\" data-end=\"860\"><span style=\"font-family: tahoma, arial, helvetica, sans-serif;\">De acordo com a <strong data-start=\"649\" data-end=\"663\">Climatempo<\/strong>, a situa\u00e7\u00e3o meteorol\u00f3gica \u00e9 causada pela atua\u00e7\u00e3o de um <strong data-start=\"719\" data-end=\"743\">cavado meteorol\u00f3gico<\/strong>, fen\u00f4meno que favorece a forma\u00e7\u00e3o de \u00e1reas de instabilidade e <strong data-start=\"806\" data-end=\"859\">aumenta a intensidade e a persist\u00eancia das chuvas<\/strong>.<\/span><\/p>\n<p data-start=\"862\" data-end=\"996\"><span style=\"font-family: tahoma, arial, helvetica, sans-serif;\">Segundo os meteorologistas, <strong data-start=\"890\" data-end=\"942\">os volumes podem ser expressivos ao longo do dia<\/strong>, elevando o risco de transtornos em diversas cidades.<\/span><\/p>\n<h3 data-section-id=\"1f6goq7\" data-start=\"998\" data-end=\"1029\"><span style=\"font-family: tahoma, arial, helvetica, sans-serif;\">O que diz o alerta do Inmet<\/span><\/h3>\n<ul>\n<li data-start=\"1033\" data-end=\"1097\"><span style=\"font-family: tahoma, arial, helvetica, sans-serif;\"><strong data-start=\"1033\" data-end=\"1095\">Chuva superior a 60 mm por hora ou acima de 100 mm por dia<\/strong><\/span><\/li>\n<li data-start=\"1100\" data-end=\"1133\"><span style=\"font-family: tahoma, arial, helvetica, sans-serif;\"><strong data-start=\"1100\" data-end=\"1131\">Grande risco de alagamentos<\/strong><\/span><\/li>\n<li data-start=\"1136\" data-end=\"1182\"><span style=\"font-family: tahoma, arial, helvetica, sans-serif;\"><strong data-start=\"1136\" data-end=\"1180\">Possibilidade de transbordamento de rios<\/strong><\/span><\/li>\n<li data-start=\"1185\" data-end=\"1244\"><span style=\"font-family: tahoma, arial, helvetica, sans-serif;\"><strong data-start=\"1185\" data-end=\"1244\">Risco de deslizamentos de encostas em \u00e1reas vulner\u00e1veis<\/strong><\/span><\/li>\n<\/ul>\n<h3 data-section-id=\"16qvdtg\" data-start=\"1246\" data-end=\"1273\"><span style=\"font-family: tahoma, arial, helvetica, sans-serif;\">Orienta\u00e7\u00f5es \u00e0 popula\u00e7\u00e3o<\/span><\/h3>\n<p data-start=\"1275\" data-end=\"1372\"><span style=\"font-family: tahoma, arial, helvetica, sans-serif;\">Diante do cen\u00e1rio de risco, o Inmet recomenda que a popula\u00e7\u00e3o adote algumas medidas de seguran\u00e7a:<\/span><\/p>\n<ul>\n<li data-start=\"1376\" data-end=\"1438\"><span style=\"font-family: tahoma, arial, helvetica, sans-serif;\"><strong data-start=\"1376\" data-end=\"1436\">Desligar aparelhos el\u00e9tricos e o quadro geral de energia<\/strong><\/span><\/li>\n<li data-start=\"1441\" data-end=\"1506\"><span style=\"font-family: tahoma, arial, helvetica, sans-serif;\"><strong data-start=\"1441\" data-end=\"1504\">Observar poss\u00edveis altera\u00e7\u00f5es em encostas ou \u00e1reas de risco<\/strong><\/span><\/li>\n<li data-start=\"1509\" data-end=\"1570\"><span style=\"font-family: tahoma, arial, helvetica, sans-serif;\"><strong data-start=\"1509\" data-end=\"1568\">Permanecer em local seguro e abrigado durante as chuvas<\/strong><\/span><\/li>\n<li data-start=\"1573\" data-end=\"1647\"><span style=\"font-family: tahoma, arial, helvetica, sans-serif;\"><strong data-start=\"1573\" data-end=\"1647\">Em caso de inunda\u00e7\u00e3o, proteger documentos e objetos em sacos pl\u00e1sticos<\/strong><\/span><\/li>\n<\/ul>\n<p data-start=\"1649\" data-end=\"1840\"><span style=\"font-family: tahoma, arial, helvetica, sans-serif;\">As autoridades orientam ainda que moradores de \u00e1reas suscet\u00edveis a alagamentos ou deslizamentos <strong data-start=\"1745\" data-end=\"1790\">fiquem atentos aos avisos da Defesa Civil<\/strong> e, em caso de emerg\u00eancia, busquem locais seguros.<\/span><\/p>\n<p data-start=\"1842\" data-end=\"2033\" data-is-last-node=\"\" data-is-only-node=\"\"><span style=\"font-family: tahoma, arial, helvetica, sans-serif;\">A previs\u00e3o indica que <strong data-start=\"1864\" data-end=\"1929\">as condi\u00e7\u00f5es de instabilidade devem persistir ao longo do dia<\/strong>, podendo provocar pontos de alagamento e transtornos no tr\u00e2nsito em Pirassununga e munic\u00edpios vizinhos.<\/span><\/p>\n<p data-start=\"822\" data-end=\"1009\"><span style=\"font-family: tahoma, arial, helvetica, sans-serif;\">\u270d\ufe0f <em data-start=\"1160\" data-end=\"1198\" data-is-last-node=\"\">Reportagem: <a href=\"https:\/\/www.facebook.com\/jornalistatonioliveiraon\/\"><strong>Jornalista Toni Oliveira<\/strong><\/a><\/em><\/span><\/p>\n<p><span style=\"font-family: tahoma, arial, helvetica, sans-serif;\"><em>( Fica proibida a reprodu\u00e7\u00e3o total ou parcial, c\u00f3pia ou distribui\u00e7\u00e3o do conte\u00fado, sem autoriza\u00e7\u00e3o expressa por parte do <strong>jornal O Santarritense<\/strong>)<\/em><\/span><\/p>\n","protected":false},"excerpt":{"rendered":"<p>O Instituto Nacional de Meteorologia (Inmet) emitiu um alerta vermelho de \u201cgrande perigo\u201d para acumulado de chuva no interior do&hellip;<\/p>\n","protected":false},"author":1,"featured_media":581,"comment_status":"closed","ping_status":"closed","sticky":false,"template":"","format":"standard","meta":{"footnotes":""},"categories":[3,4],"tags":[],"class_list":["post-580","post","type-post","status-publish","format-standard","has-post-thumbnail","hentry","category-cidade","category-regao"],"yoast_head":"<!-- This site is optimized with the Yoast SEO plugin v26.8 - https:\/\/yoast.com\/product\/yoast-seo-wordpress\/ -->\n<title>Interior de SP entra em estado de aten\u00e7\u00e3o por causa da chuva - O Santarritense<\/title>\n<meta name=\"robots\" content=\"index, follow, max-snippet:-1, max-image-preview:large, max-video-preview:-1\" \/>\n<link rel=\"canonical\" href=\"https:\/\/www.osantarritense.com.br\/jornal\/interior-de-sp-entra-em-estado-de-atencao-por-causa-da-chuva\/\" \/>\n<meta property=\"og:locale\" content=\"pt_BR\" \/>\n<meta property=\"og:type\" content=\"article\" \/>\n<meta property=\"og:title\" content=\"Interior de SP entra em estado de aten\u00e7\u00e3o por causa da chuva - O Santarritense\" \/>\n<meta property=\"og:description\" content=\"O Instituto Nacional de Meteorologia (Inmet) emitiu um alerta vermelho de \u201cgrande perigo\u201d para acumulado de chuva no interior do&hellip;\" \/>\n<meta property=\"og:url\" content=\"https:\/\/www.osantarritense.com.br\/jornal\/interior-de-sp-entra-em-estado-de-atencao-por-causa-da-chuva\/\" \/>\n<meta property=\"og:site_name\" content=\"O Santarritense\" \/>\n<meta property=\"article:published_time\" content=\"2026-03-11T10:49:31+00:00\" \/>\n<meta property=\"article:modified_time\" content=\"2026-03-11T10:50:09+00:00\" \/>\n<meta property=\"og:image\" content=\"https:\/\/www.osantarritense.com.br\/jornal\/wp-content\/uploads\/2026\/03\/t1.jpg\" \/>\n\t<meta property=\"og:image:width\" content=\"1000\" \/>\n\t<meta property=\"og:image:height\" content=\"680\" \/>\n\t<meta property=\"og:image:type\" content=\"image\/jpeg\" \/>\n<meta name=\"author\" content=\"Reda\u00e7\u00e3o\" \/>\n<meta name=\"twitter:card\" content=\"summary_large_image\" \/>\n<meta name=\"twitter:label1\" content=\"Escrito por\" \/>\n\t<meta name=\"twitter:data1\" content=\"Reda\u00e7\u00e3o\" \/>\n\t<meta name=\"twitter:label2\" content=\"Est. tempo de leitura\" \/>\n\t<meta name=\"twitter:data2\" content=\"2 minutos\" \/>\n<script type=\"application\/ld+json\" class=\"yoast-schema-graph\">{\"@context\":\"https:\/\/schema.org\",\"@graph\":[{\"@type\":\"Article\",\"@id\":\"https:\/\/www.osantarritense.com.br\/jornal\/interior-de-sp-entra-em-estado-de-atencao-por-causa-da-chuva\/#article\",\"isPartOf\":{\"@id\":\"https:\/\/www.osantarritense.com.br\/jornal\/interior-de-sp-entra-em-estado-de-atencao-por-causa-da-chuva\/\"},\"author\":{\"name\":\"Reda\u00e7\u00e3o\",\"@id\":\"https:\/\/www.osantarritense.com.br\/jornal\/#\/schema\/person\/e126b4df363ecdbcf21dc50a978dd9b8\"},\"headline\":\"Interior de SP entra em estado de aten\u00e7\u00e3o por causa da chuva\",\"datePublished\":\"2026-03-11T10:49:31+00:00\",\"dateModified\":\"2026-03-11T10:50:09+00:00\",\"mainEntityOfPage\":{\"@id\":\"https:\/\/www.osantarritense.com.br\/jornal\/interior-de-sp-entra-em-estado-de-atencao-por-causa-da-chuva\/\"},\"wordCount\":360,\"publisher\":{\"@id\":\"https:\/\/www.osantarritense.com.br\/jornal\/#\/schema\/person\/e126b4df363ecdbcf21dc50a978dd9b8\"},\"image\":{\"@id\":\"https:\/\/www.osantarritense.com.br\/jornal\/interior-de-sp-entra-em-estado-de-atencao-por-causa-da-chuva\/#primaryimage\"},\"thumbnailUrl\":\"https:\/\/www.osantarritense.com.br\/jornal\/wp-content\/uploads\/2026\/03\/t1.jpg\",\"articleSection\":[\"Cidade\",\"Regi\u00e3o\"],\"inLanguage\":\"pt-BR\"},{\"@type\":\"WebPage\",\"@id\":\"https:\/\/www.osantarritense.com.br\/jornal\/interior-de-sp-entra-em-estado-de-atencao-por-causa-da-chuva\/\",\"url\":\"https:\/\/www.osantarritense.com.br\/jornal\/interior-de-sp-entra-em-estado-de-atencao-por-causa-da-chuva\/\",\"name\":\"Interior de SP entra em estado de aten\u00e7\u00e3o por causa da chuva - O Santarritense\",\"isPartOf\":{\"@id\":\"https:\/\/www.osantarritense.com.br\/jornal\/#website\"},\"primaryImageOfPage\":{\"@id\":\"https:\/\/www.osantarritense.com.br\/jornal\/interior-de-sp-entra-em-estado-de-atencao-por-causa-da-chuva\/#primaryimage\"},\"image\":{\"@id\":\"https:\/\/www.osantarritense.com.br\/jornal\/interior-de-sp-entra-em-estado-de-atencao-por-causa-da-chuva\/#primaryimage\"},\"thumbnailUrl\":\"https:\/\/www.osantarritense.com.br\/jornal\/wp-content\/uploads\/2026\/03\/t1.jpg\",\"datePublished\":\"2026-03-11T10:49:31+00:00\",\"dateModified\":\"2026-03-11T10:50:09+00:00\",\"breadcrumb\":{\"@id\":\"https:\/\/www.osantarritense.com.br\/jornal\/interior-de-sp-entra-em-estado-de-atencao-por-causa-da-chuva\/#breadcrumb\"},\"inLanguage\":\"pt-BR\",\"potentialAction\":[{\"@type\":\"ReadAction\",\"target\":[\"https:\/\/www.osantarritense.com.br\/jornal\/interior-de-sp-entra-em-estado-de-atencao-por-causa-da-chuva\/\"]}]},{\"@type\":\"ImageObject\",\"inLanguage\":\"pt-BR\",\"@id\":\"https:\/\/www.osantarritense.com.br\/jornal\/interior-de-sp-entra-em-estado-de-atencao-por-causa-da-chuva\/#primaryimage\",\"url\":\"https:\/\/www.osantarritense.com.br\/jornal\/wp-content\/uploads\/2026\/03\/t1.jpg\",\"contentUrl\":\"https:\/\/www.osantarritense.com.br\/jornal\/wp-content\/uploads\/2026\/03\/t1.jpg\",\"width\":1000,\"height\":680},{\"@type\":\"BreadcrumbList\",\"@id\":\"https:\/\/www.osantarritense.com.br\/jornal\/interior-de-sp-entra-em-estado-de-atencao-por-causa-da-chuva\/#breadcrumb\",\"itemListElement\":[{\"@type\":\"ListItem\",\"position\":1,\"name\":\"In\u00edcio\",\"item\":\"https:\/\/www.osantarritense.com.br\/jornal\/\"},{\"@type\":\"ListItem\",\"position\":2,\"name\":\"Interior de SP entra em estado de aten\u00e7\u00e3o por causa da chuva\"}]},{\"@type\":\"WebSite\",\"@id\":\"https:\/\/www.osantarritense.com.br\/jornal\/#website\",\"url\":\"https:\/\/www.osantarritense.com.br\/jornal\/\",\"name\":\"O Santarritense\",\"description\":\"Jornal\",\"publisher\":{\"@id\":\"https:\/\/www.osantarritense.com.br\/jornal\/#\/schema\/person\/e126b4df363ecdbcf21dc50a978dd9b8\"},\"potentialAction\":[{\"@type\":\"SearchAction\",\"target\":{\"@type\":\"EntryPoint\",\"urlTemplate\":\"https:\/\/www.osantarritense.com.br\/jornal\/?s={search_term_string}\"},\"query-input\":{\"@type\":\"PropertyValueSpecification\",\"valueRequired\":true,\"valueName\":\"search_term_string\"}}],\"inLanguage\":\"pt-BR\"},{\"@type\":[\"Person\",\"Organization\"],\"@id\":\"https:\/\/www.osantarritense.com.br\/jornal\/#\/schema\/person\/e126b4df363ecdbcf21dc50a978dd9b8\",\"name\":\"Reda\u00e7\u00e3o\",\"image\":{\"@type\":\"ImageObject\",\"inLanguage\":\"pt-BR\",\"@id\":\"https:\/\/www.osantarritense.com.br\/jornal\/#\/schema\/person\/image\/\",\"url\":\"https:\/\/www.osantarritense.com.br\/jornal\/wp-content\/uploads\/2026\/02\/cropped-logosantarritense.jpg\",\"contentUrl\":\"https:\/\/www.osantarritense.com.br\/jornal\/wp-content\/uploads\/2026\/02\/cropped-logosantarritense.jpg\",\"width\":1221,\"height\":251,\"caption\":\"Reda\u00e7\u00e3o\"},\"logo\":{\"@id\":\"https:\/\/www.osantarritense.com.br\/jornal\/#\/schema\/person\/image\/\"},\"sameAs\":[\"https:\/\/www.osantarritense.com.br\/jornal\"],\"url\":\"https:\/\/www.osantarritense.com.br\/jornal\/author\/admin\/\"}]}<\/script>\n<!-- \/ Yoast SEO plugin. -->","yoast_head_json":{"title":"Interior de SP entra em estado de aten\u00e7\u00e3o por causa da chuva - O Santarritense","robots":{"index":"index","follow":"follow","max-snippet":"max-snippet:-1","max-image-preview":"max-image-preview:large","max-video-preview":"max-video-preview:-1"},"canonical":"https:\/\/www.osantarritense.com.br\/jornal\/interior-de-sp-entra-em-estado-de-atencao-por-causa-da-chuva\/","og_locale":"pt_BR","og_type":"article","og_title":"Interior de SP entra em estado de aten\u00e7\u00e3o por causa da chuva - O Santarritense","og_description":"O Instituto Nacional de Meteorologia (Inmet) emitiu um alerta vermelho de \u201cgrande perigo\u201d para acumulado de chuva no interior do&hellip;","og_url":"https:\/\/www.osantarritense.com.br\/jornal\/interior-de-sp-entra-em-estado-de-atencao-por-causa-da-chuva\/","og_site_name":"O Santarritense","article_published_time":"2026-03-11T10:49:31+00:00","article_modified_time":"2026-03-11T10:50:09+00:00","og_image":[{"width":1000,"height":680,"url":"https:\/\/www.osantarritense.com.br\/jornal\/wp-content\/uploads\/2026\/03\/t1.jpg","type":"image\/jpeg"}],"author":"Reda\u00e7\u00e3o","twitter_card":"summary_large_image","twitter_misc":{"Escrito por":"Reda\u00e7\u00e3o","Est. tempo de leitura":"2 minutos"},"schema":{"@context":"https:\/\/schema.org","@graph":[{"@type":"Article","@id":"https:\/\/www.osantarritense.com.br\/jornal\/interior-de-sp-entra-em-estado-de-atencao-por-causa-da-chuva\/#article","isPartOf":{"@id":"https:\/\/www.osantarritense.com.br\/jornal\/interior-de-sp-entra-em-estado-de-atencao-por-causa-da-chuva\/"},"author":{"name":"Reda\u00e7\u00e3o","@id":"https:\/\/www.osantarritense.com.br\/jornal\/#\/schema\/person\/e126b4df363ecdbcf21dc50a978dd9b8"},"headline":"Interior de SP entra em estado de aten\u00e7\u00e3o por causa da chuva","datePublished":"2026-03-11T10:49:31+00:00","dateModified":"2026-03-11T10:50:09+00:00","mainEntityOfPage":{"@id":"https:\/\/www.osantarritense.com.br\/jornal\/interior-de-sp-entra-em-estado-de-atencao-por-causa-da-chuva\/"},"wordCount":360,"publisher":{"@id":"https:\/\/www.osantarritense.com.br\/jornal\/#\/schema\/person\/e126b4df363ecdbcf21dc50a978dd9b8"},"image":{"@id":"https:\/\/www.osantarritense.com.br\/jornal\/interior-de-sp-entra-em-estado-de-atencao-por-causa-da-chuva\/#primaryimage"},"thumbnailUrl":"https:\/\/www.osantarritense.com.br\/jornal\/wp-content\/uploads\/2026\/03\/t1.jpg","articleSection":["Cidade","Regi\u00e3o"],"inLanguage":"pt-BR"},{"@type":"WebPage","@id":"https:\/\/www.osantarritense.com.br\/jornal\/interior-de-sp-entra-em-estado-de-atencao-por-causa-da-chuva\/","url":"https:\/\/www.osantarritense.com.br\/jornal\/interior-de-sp-entra-em-estado-de-atencao-por-causa-da-chuva\/","name":"Interior de SP entra em estado de aten\u00e7\u00e3o por causa da chuva - O Santarritense","isPartOf":{"@id":"https:\/\/www.osantarritense.com.br\/jornal\/#website"},"primaryImageOfPage":{"@id":"https:\/\/www.osantarritense.com.br\/jornal\/interior-de-sp-entra-em-estado-de-atencao-por-causa-da-chuva\/#primaryimage"},"image":{"@id":"https:\/\/www.osantarritense.com.br\/jornal\/interior-de-sp-entra-em-estado-de-atencao-por-causa-da-chuva\/#primaryimage"},"thumbnailUrl":"https:\/\/www.osantarritense.com.br\/jornal\/wp-content\/uploads\/2026\/03\/t1.jpg","datePublished":"2026-03-11T10:49:31+00:00","dateModified":"2026-03-11T10:50:09+00:00","breadcrumb":{"@id":"https:\/\/www.osantarritense.com.br\/jornal\/interior-de-sp-entra-em-estado-de-atencao-por-causa-da-chuva\/#breadcrumb"},"inLanguage":"pt-BR","potentialAction":[{"@type":"ReadAction","target":["https:\/\/www.osantarritense.com.br\/jornal\/interior-de-sp-entra-em-estado-de-atencao-por-causa-da-chuva\/"]}]},{"@type":"ImageObject","inLanguage":"pt-BR","@id":"https:\/\/www.osantarritense.com.br\/jornal\/interior-de-sp-entra-em-estado-de-atencao-por-causa-da-chuva\/#primaryimage","url":"https:\/\/www.osantarritense.com.br\/jornal\/wp-content\/uploads\/2026\/03\/t1.jpg","contentUrl":"https:\/\/www.osantarritense.com.br\/jornal\/wp-content\/uploads\/2026\/03\/t1.jpg","width":1000,"height":680},{"@type":"BreadcrumbList","@id":"https:\/\/www.osantarritense.com.br\/jornal\/interior-de-sp-entra-em-estado-de-atencao-por-causa-da-chuva\/#breadcrumb","itemListElement":[{"@type":"ListItem","position":1,"name":"In\u00edcio","item":"https:\/\/www.osantarritense.com.br\/jornal\/"},{"@type":"ListItem","position":2,"name":"Interior de SP entra em estado de aten\u00e7\u00e3o por causa da chuva"}]},{"@type":"WebSite","@id":"https:\/\/www.osantarritense.com.br\/jornal\/#website","url":"https:\/\/www.osantarritense.com.br\/jornal\/","name":"O Santarritense","description":"Jornal","publisher":{"@id":"https:\/\/www.osantarritense.com.br\/jornal\/#\/schema\/person\/e126b4df363ecdbcf21dc50a978dd9b8"},"potentialAction":[{"@type":"SearchAction","target":{"@type":"EntryPoint","urlTemplate":"https:\/\/www.osantarritense.com.br\/jornal\/?s={search_term_string}"},"query-input":{"@type":"PropertyValueSpecification","valueRequired":true,"valueName":"search_term_string"}}],"inLanguage":"pt-BR"},{"@type":["Person","Organization"],"@id":"https:\/\/www.osantarritense.com.br\/jornal\/#\/schema\/person\/e126b4df363ecdbcf21dc50a978dd9b8","name":"Reda\u00e7\u00e3o","image":{"@type":"ImageObject","inLanguage":"pt-BR","@id":"https:\/\/www.osantarritense.com.br\/jornal\/#\/schema\/person\/image\/","url":"https:\/\/www.osantarritense.com.br\/jornal\/wp-content\/uploads\/2026\/02\/cropped-logosantarritense.jpg","contentUrl":"https:\/\/www.osantarritense.com.br\/jornal\/wp-content\/uploads\/2026\/02\/cropped-logosantarritense.jpg","width":1221,"height":251,"caption":"Reda\u00e7\u00e3o"},"logo":{"@id":"https:\/\/www.osantarritense.com.br\/jornal\/#\/schema\/person\/image\/"},"sameAs":["https:\/\/www.osantarritense.com.br\/jornal"],"url":"https:\/\/www.osantarritense.com.br\/jornal\/author\/admin\/"}]}},"_links":{"self":[{"href":"https:\/\/www.osantarritense.com.br\/jornal\/wp-json\/wp\/v2\/posts\/580","targetHints":{"allow":["GET"]}}],"collection":[{"href":"https:\/\/www.osantarritense.com.br\/jornal\/wp-json\/wp\/v2\/posts"}],"about":[{"href":"https:\/\/www.osantarritense.com.br\/jornal\/wp-json\/wp\/v2\/types\/post"}],"author":[{"embeddable":true,"href":"https:\/\/www.osantarritense.com.br\/jornal\/wp-json\/wp\/v2\/users\/1"}],"replies":[{"embeddable":true,"href":"https:\/\/www.osantarritense.com.br\/jornal\/wp-json\/wp\/v2\/comments?post=580"}],"version-history":[{"count":2,"href":"https:\/\/www.osantarritense.com.br\/jornal\/wp-json\/wp\/v2\/posts\/580\/revisions"}],"predecessor-version":[{"id":583,"href":"https:\/\/www.osantarritense.com.br\/jornal\/wp-json\/wp\/v2\/posts\/580\/revisions\/583"}],"wp:featuredmedia":[{"embeddable":true,"href":"https:\/\/www.osantarritense.com.br\/jornal\/wp-json\/wp\/v2\/media\/581"}],"wp:attachment":[{"href":"https:\/\/www.osantarritense.com.br\/jornal\/wp-json\/wp\/v2\/media?parent=580"}],"wp:term":[{"taxonomy":"category","embeddable":true,"href":"https:\/\/www.osantarritense.com.br\/jornal\/wp-json\/wp\/v2\/categories?post=580"},{"taxonomy":"post_tag","embeddable":true,"href":"https:\/\/www.osantarritense.com.br\/jornal\/wp-json\/wp\/v2\/tags?post=580"}],"curies":[{"name":"wp","href":"https:\/\/api.w.org\/{rel}","templated":true}]}}