{"id":576,"date":"2026-03-10T20:52:26","date_gmt":"2026-03-10T20:52:26","guid":{"rendered":"https:\/\/www.osantarritense.com.br\/jornal\/?p=576"},"modified":"2026-03-10T20:52:26","modified_gmt":"2026-03-10T20:52:26","slug":"avaliacao-estadual-de-leitura-mobiliza-escolas-de-santa-rita-do-passa-quatro","status":"publish","type":"post","link":"https:\/\/www.osantarritense.com.br\/jornal\/avaliacao-estadual-de-leitura-mobiliza-escolas-de-santa-rita-do-passa-quatro\/","title":{"rendered":"Avalia\u00e7\u00e3o estadual de leitura mobiliza escolas de Santa Rita do Passa Quatro"},"content":{"rendered":"<p data-start=\"207\" data-end=\"582\"><span style=\"font-family: tahoma, arial, helvetica, sans-serif;\">A <span class=\"hover:entity-accent entity-underline inline cursor-pointer align-baseline\"><span class=\"whitespace-normal\">Secretaria da Educa\u00e7\u00e3o do Estado de S\u00e3o Paulo<\/span><\/span> iniciou <strong data-start=\"255\" data-end=\"289\">nesta \u00faltima segunda-feira (9)<\/strong> a primeira edi\u00e7\u00e3o de 2026 da <strong data-start=\"319\" data-end=\"352\">Avalia\u00e7\u00e3o da Flu\u00eancia Leitora<\/strong>, voltada para alunos do <strong data-start=\"377\" data-end=\"409\">2\u00ba ano do Ensino Fundamental<\/strong>. Ao todo, <strong data-start=\"420\" data-end=\"484\">mais de 460 mil estudantes devem participar em todo o estado<\/strong>, incluindo crian\u00e7as das redes estadual e municipal <strong data-start=\"536\" data-end=\"581\">nas escolas de Santa Rita do Passa Quatro<\/strong>.<\/span><\/p>\n<p data-start=\"207\" data-end=\"582\"><span style=\"font-family: tahoma, arial, helvetica, sans-serif;\">\ud83d\udcf1 <em>Siga o O Santarritense no <a href=\"https:\/\/www.instagram.com\/osantarritense\/\">Instagram\u00a0<\/a><\/em><\/span><\/p>\n<p data-start=\"584\" data-end=\"891\"><span style=\"font-family: tahoma, arial, helvetica, sans-serif;\">As unidades de ensino dos <strong data-start=\"610\" data-end=\"638\">645 munic\u00edpios paulistas<\/strong> t\u00eam at\u00e9 <strong data-start=\"647\" data-end=\"662\">26 de mar\u00e7o<\/strong> para aplicar o teste, considerado fundamental para que a pasta identifique o n\u00edvel de alfabetiza\u00e7\u00e3o dos estudantes e <strong data-start=\"780\" data-end=\"890\">defina estrat\u00e9gias pedag\u00f3gicas para garantir que as crian\u00e7as estejam alfabetizadas at\u00e9 o fim do ano letivo<\/strong>.<\/span><\/p>\n<p data-start=\"893\" data-end=\"1046\"><span style=\"font-family: tahoma, arial, helvetica, sans-serif;\">A avalia\u00e7\u00e3o faz parte do programa <span class=\"hover:entity-accent entity-underline inline cursor-pointer align-baseline\"><span class=\"whitespace-normal\">Alfabetiza Juntos SP<\/span><\/span>, que tem como meta <strong data-start=\"984\" data-end=\"1045\">alcan\u00e7ar 90% das crian\u00e7as leitoras at\u00e9 os 7 anos de idade<\/strong>.<\/span><\/p>\n<p data-start=\"1048\" data-end=\"1098\"><span style=\"font-family: tahoma, arial, helvetica, sans-serif; font-size: 14pt;\"><strong data-start=\"1048\" data-end=\"1098\">Mais de 76% das crian\u00e7as j\u00e1 sabiam ler em 2025<\/strong><\/span><\/p>\n<p data-start=\"1100\" data-end=\"1377\"><span style=\"font-family: tahoma, arial, helvetica, sans-serif;\">De acordo com os dados mais recentes da Seduc-SP, <strong data-start=\"1150\" data-end=\"1245\">mais de 76% das crian\u00e7as encerraram o ano letivo de 2025 sabendo ler no estado de S\u00e3o Paulo<\/strong>. A nova avalia\u00e7\u00e3o busca identificar <strong data-start=\"1282\" data-end=\"1332\">poss\u00edveis lacunas no processo de alfabetiza\u00e7\u00e3o<\/strong> ainda nos primeiros anos da educa\u00e7\u00e3o b\u00e1sica.<\/span><\/p>\n<p data-start=\"1379\" data-end=\"1597\"><span style=\"font-family: tahoma, arial, helvetica, sans-serif;\">Durante o teste, s\u00e3o observados crit\u00e9rios como <strong data-start=\"1426\" data-end=\"1469\">fluidez, ritmo e compreens\u00e3o da leitura<\/strong>, al\u00e9m da capacidade de identificar <strong data-start=\"1505\" data-end=\"1596\">palavras conhecidas, palavras desconhecidas e pequenos textos adequados \u00e0 etapa escolar<\/strong>.<\/span><\/p>\n<p data-start=\"1599\" data-end=\"1852\"><span style=\"font-family: tahoma, arial, helvetica, sans-serif;\">Para aplicar a prova, os professores utilizam um aplicativo desenvolvido pelo <span class=\"hover:entity-accent entity-underline inline cursor-pointer align-baseline\"><span class=\"whitespace-normal\">Centro de Pol\u00edticas P\u00fablicas e Avalia\u00e7\u00e3o da Educa\u00e7\u00e3o<\/span><\/span>. <strong data-start=\"1716\" data-end=\"1759\">A ferramenta grava a leitura dos alunos<\/strong>, permitindo que os resultados sejam analisados com mais rapidez pela Secretaria da Educa\u00e7\u00e3o.<\/span><\/p>\n<p data-start=\"1854\" data-end=\"2144\"><span style=\"font-family: tahoma, arial, helvetica, sans-serif;\">Segundo os crit\u00e9rios da avalia\u00e7\u00e3o, s\u00e3o consideradas <strong data-start=\"1906\" data-end=\"1936\">crian\u00e7as leitoras fluentes<\/strong> aquelas que conseguem <strong data-start=\"1959\" data-end=\"2015\">ler entre 45 e 60 palavras corretamente em um minuto<\/strong>, reconhecer <strong data-start=\"2028\" data-end=\"2068\">entre 28 e 40 palavras desconhecidas<\/strong> e atingir <strong data-start=\"2079\" data-end=\"2143\">97% de precis\u00e3o na leitura de palavras presentes em um texto<\/strong>.<\/span><\/p>\n<p data-start=\"2146\" data-end=\"2356\"><span style=\"font-family: tahoma, arial, helvetica, sans-serif;\">A mesma avalia\u00e7\u00e3o ser\u00e1 aplicada novamente <strong data-start=\"2188\" data-end=\"2214\">no final do ano letivo<\/strong>, permitindo que a Secretaria acompanhe <strong data-start=\"2254\" data-end=\"2298\">o avan\u00e7o dos estudantes ao longo de 2026<\/strong>, inclusive nas escolas de <strong data-start=\"2325\" data-end=\"2355\">Santa Rita do Passa Quatro<\/strong>.<\/span><\/p>\n<p data-start=\"778\" data-end=\"1029\" data-is-last-node=\"\" data-is-only-node=\"\"><span style=\"font-family: tahoma, arial, helvetica, sans-serif;\">\u270d\ufe0f <em data-start=\"1160\" data-end=\"1198\" data-is-last-node=\"\">Da reda\u00e7\u00e3o: <a href=\"https:\/\/www.facebook.com\/jornalistatonioliveiraon\/\"><strong>Jornalista Toni Oliveira<\/strong><\/a><\/em><\/span><\/p>\n<p><span style=\"font-family: tahoma, arial, helvetica, sans-serif;\"><em>( Fica proibida a reprodu\u00e7\u00e3o total ou parcial, c\u00f3pia ou distribui\u00e7\u00e3o do conte\u00fado, sem autoriza\u00e7\u00e3o expressa por parte do <strong>jornal O Santarritense<\/strong>)<\/em><\/span><\/p>\n","protected":false},"excerpt":{"rendered":"<p>A Secretaria da Educa\u00e7\u00e3o do Estado de S\u00e3o Paulo iniciou nesta \u00faltima segunda-feira (9) a primeira edi\u00e7\u00e3o de 2026 da&hellip;<\/p>\n","protected":false},"author":1,"featured_media":577,"comment_status":"closed","ping_status":"closed","sticky":false,"template":"","format":"standard","meta":{"footnotes":""},"categories":[3],"tags":[],"class_list":["post-576","post","type-post","status-publish","format-standard","has-post-thumbnail","hentry","category-cidade"],"yoast_head":"<!-- This site is optimized with the Yoast SEO plugin v26.8 - https:\/\/yoast.com\/product\/yoast-seo-wordpress\/ -->\n<title>Avalia\u00e7\u00e3o estadual de leitura mobiliza escolas de Santa Rita do Passa Quatro - O Santarritense<\/title>\n<meta name=\"robots\" content=\"index, follow, max-snippet:-1, max-image-preview:large, max-video-preview:-1\" \/>\n<link rel=\"canonical\" href=\"https:\/\/www.osantarritense.com.br\/jornal\/avaliacao-estadual-de-leitura-mobiliza-escolas-de-santa-rita-do-passa-quatro\/\" \/>\n<meta property=\"og:locale\" content=\"pt_BR\" \/>\n<meta property=\"og:type\" content=\"article\" \/>\n<meta property=\"og:title\" content=\"Avalia\u00e7\u00e3o estadual de leitura mobiliza escolas de Santa Rita do Passa Quatro - O Santarritense\" \/>\n<meta property=\"og:description\" content=\"A Secretaria da Educa\u00e7\u00e3o do Estado de S\u00e3o Paulo iniciou nesta \u00faltima segunda-feira (9) a primeira edi\u00e7\u00e3o de 2026 da&hellip;\" \/>\n<meta property=\"og:url\" content=\"https:\/\/www.osantarritense.com.br\/jornal\/avaliacao-estadual-de-leitura-mobiliza-escolas-de-santa-rita-do-passa-quatro\/\" \/>\n<meta property=\"og:site_name\" content=\"O Santarritense\" \/>\n<meta property=\"article:published_time\" content=\"2026-03-10T20:52:26+00:00\" \/>\n<meta property=\"og:image\" content=\"https:\/\/www.osantarritense.com.br\/jornal\/wp-content\/uploads\/2026\/03\/54923404585_6e832d8c2b_k-e1773170549308-1024x623-1.jpg\" \/>\n\t<meta property=\"og:image:width\" content=\"1024\" \/>\n\t<meta property=\"og:image:height\" content=\"623\" \/>\n\t<meta property=\"og:image:type\" content=\"image\/jpeg\" \/>\n<meta name=\"author\" content=\"Reda\u00e7\u00e3o\" \/>\n<meta name=\"twitter:card\" content=\"summary_large_image\" \/>\n<meta name=\"twitter:label1\" content=\"Escrito por\" \/>\n\t<meta name=\"twitter:data1\" content=\"Reda\u00e7\u00e3o\" \/>\n\t<meta name=\"twitter:label2\" content=\"Est. tempo de leitura\" \/>\n\t<meta name=\"twitter:data2\" content=\"3 minutos\" \/>\n<script type=\"application\/ld+json\" class=\"yoast-schema-graph\">{\"@context\":\"https:\/\/schema.org\",\"@graph\":[{\"@type\":\"Article\",\"@id\":\"https:\/\/www.osantarritense.com.br\/jornal\/avaliacao-estadual-de-leitura-mobiliza-escolas-de-santa-rita-do-passa-quatro\/#article\",\"isPartOf\":{\"@id\":\"https:\/\/www.osantarritense.com.br\/jornal\/avaliacao-estadual-de-leitura-mobiliza-escolas-de-santa-rita-do-passa-quatro\/\"},\"author\":{\"name\":\"Reda\u00e7\u00e3o\",\"@id\":\"https:\/\/www.osantarritense.com.br\/jornal\/#\/schema\/person\/e126b4df363ecdbcf21dc50a978dd9b8\"},\"headline\":\"Avalia\u00e7\u00e3o estadual de leitura mobiliza escolas de Santa Rita do Passa Quatro\",\"datePublished\":\"2026-03-10T20:52:26+00:00\",\"mainEntityOfPage\":{\"@id\":\"https:\/\/www.osantarritense.com.br\/jornal\/avaliacao-estadual-de-leitura-mobiliza-escolas-de-santa-rita-do-passa-quatro\/\"},\"wordCount\":404,\"publisher\":{\"@id\":\"https:\/\/www.osantarritense.com.br\/jornal\/#\/schema\/person\/e126b4df363ecdbcf21dc50a978dd9b8\"},\"image\":{\"@id\":\"https:\/\/www.osantarritense.com.br\/jornal\/avaliacao-estadual-de-leitura-mobiliza-escolas-de-santa-rita-do-passa-quatro\/#primaryimage\"},\"thumbnailUrl\":\"https:\/\/www.osantarritense.com.br\/jornal\/wp-content\/uploads\/2026\/03\/54923404585_6e832d8c2b_k-e1773170549308-1024x623-1.jpg\",\"articleSection\":[\"Cidade\"],\"inLanguage\":\"pt-BR\"},{\"@type\":\"WebPage\",\"@id\":\"https:\/\/www.osantarritense.com.br\/jornal\/avaliacao-estadual-de-leitura-mobiliza-escolas-de-santa-rita-do-passa-quatro\/\",\"url\":\"https:\/\/www.osantarritense.com.br\/jornal\/avaliacao-estadual-de-leitura-mobiliza-escolas-de-santa-rita-do-passa-quatro\/\",\"name\":\"Avalia\u00e7\u00e3o estadual de leitura mobiliza escolas de Santa Rita do Passa Quatro - O Santarritense\",\"isPartOf\":{\"@id\":\"https:\/\/www.osantarritense.com.br\/jornal\/#website\"},\"primaryImageOfPage\":{\"@id\":\"https:\/\/www.osantarritense.com.br\/jornal\/avaliacao-estadual-de-leitura-mobiliza-escolas-de-santa-rita-do-passa-quatro\/#primaryimage\"},\"image\":{\"@id\":\"https:\/\/www.osantarritense.com.br\/jornal\/avaliacao-estadual-de-leitura-mobiliza-escolas-de-santa-rita-do-passa-quatro\/#primaryimage\"},\"thumbnailUrl\":\"https:\/\/www.osantarritense.com.br\/jornal\/wp-content\/uploads\/2026\/03\/54923404585_6e832d8c2b_k-e1773170549308-1024x623-1.jpg\",\"datePublished\":\"2026-03-10T20:52:26+00:00\",\"breadcrumb\":{\"@id\":\"https:\/\/www.osantarritense.com.br\/jornal\/avaliacao-estadual-de-leitura-mobiliza-escolas-de-santa-rita-do-passa-quatro\/#breadcrumb\"},\"inLanguage\":\"pt-BR\",\"potentialAction\":[{\"@type\":\"ReadAction\",\"target\":[\"https:\/\/www.osantarritense.com.br\/jornal\/avaliacao-estadual-de-leitura-mobiliza-escolas-de-santa-rita-do-passa-quatro\/\"]}]},{\"@type\":\"ImageObject\",\"inLanguage\":\"pt-BR\",\"@id\":\"https:\/\/www.osantarritense.com.br\/jornal\/avaliacao-estadual-de-leitura-mobiliza-escolas-de-santa-rita-do-passa-quatro\/#primaryimage\",\"url\":\"https:\/\/www.osantarritense.com.br\/jornal\/wp-content\/uploads\/2026\/03\/54923404585_6e832d8c2b_k-e1773170549308-1024x623-1.jpg\",\"contentUrl\":\"https:\/\/www.osantarritense.com.br\/jornal\/wp-content\/uploads\/2026\/03\/54923404585_6e832d8c2b_k-e1773170549308-1024x623-1.jpg\",\"width\":1024,\"height\":623},{\"@type\":\"BreadcrumbList\",\"@id\":\"https:\/\/www.osantarritense.com.br\/jornal\/avaliacao-estadual-de-leitura-mobiliza-escolas-de-santa-rita-do-passa-quatro\/#breadcrumb\",\"itemListElement\":[{\"@type\":\"ListItem\",\"position\":1,\"name\":\"In\u00edcio\",\"item\":\"https:\/\/www.osantarritense.com.br\/jornal\/\"},{\"@type\":\"ListItem\",\"position\":2,\"name\":\"Avalia\u00e7\u00e3o estadual de leitura mobiliza escolas de Santa Rita do Passa Quatro\"}]},{\"@type\":\"WebSite\",\"@id\":\"https:\/\/www.osantarritense.com.br\/jornal\/#website\",\"url\":\"https:\/\/www.osantarritense.com.br\/jornal\/\",\"name\":\"O Santarritense\",\"description\":\"Jornal\",\"publisher\":{\"@id\":\"https:\/\/www.osantarritense.com.br\/jornal\/#\/schema\/person\/e126b4df363ecdbcf21dc50a978dd9b8\"},\"potentialAction\":[{\"@type\":\"SearchAction\",\"target\":{\"@type\":\"EntryPoint\",\"urlTemplate\":\"https:\/\/www.osantarritense.com.br\/jornal\/?s={search_term_string}\"},\"query-input\":{\"@type\":\"PropertyValueSpecification\",\"valueRequired\":true,\"valueName\":\"search_term_string\"}}],\"inLanguage\":\"pt-BR\"},{\"@type\":[\"Person\",\"Organization\"],\"@id\":\"https:\/\/www.osantarritense.com.br\/jornal\/#\/schema\/person\/e126b4df363ecdbcf21dc50a978dd9b8\",\"name\":\"Reda\u00e7\u00e3o\",\"image\":{\"@type\":\"ImageObject\",\"inLanguage\":\"pt-BR\",\"@id\":\"https:\/\/www.osantarritense.com.br\/jornal\/#\/schema\/person\/image\/\",\"url\":\"https:\/\/www.osantarritense.com.br\/jornal\/wp-content\/uploads\/2026\/02\/cropped-logosantarritense.jpg\",\"contentUrl\":\"https:\/\/www.osantarritense.com.br\/jornal\/wp-content\/uploads\/2026\/02\/cropped-logosantarritense.jpg\",\"width\":1221,\"height\":251,\"caption\":\"Reda\u00e7\u00e3o\"},\"logo\":{\"@id\":\"https:\/\/www.osantarritense.com.br\/jornal\/#\/schema\/person\/image\/\"},\"sameAs\":[\"https:\/\/www.osantarritense.com.br\/jornal\"],\"url\":\"https:\/\/www.osantarritense.com.br\/jornal\/author\/admin\/\"}]}<\/script>\n<!-- \/ Yoast SEO plugin. -->","yoast_head_json":{"title":"Avalia\u00e7\u00e3o estadual de leitura mobiliza escolas de Santa Rita do Passa Quatro - O Santarritense","robots":{"index":"index","follow":"follow","max-snippet":"max-snippet:-1","max-image-preview":"max-image-preview:large","max-video-preview":"max-video-preview:-1"},"canonical":"https:\/\/www.osantarritense.com.br\/jornal\/avaliacao-estadual-de-leitura-mobiliza-escolas-de-santa-rita-do-passa-quatro\/","og_locale":"pt_BR","og_type":"article","og_title":"Avalia\u00e7\u00e3o estadual de leitura mobiliza escolas de Santa Rita do Passa Quatro - O Santarritense","og_description":"A Secretaria da Educa\u00e7\u00e3o do Estado de S\u00e3o Paulo iniciou nesta \u00faltima segunda-feira (9) a primeira edi\u00e7\u00e3o de 2026 da&hellip;","og_url":"https:\/\/www.osantarritense.com.br\/jornal\/avaliacao-estadual-de-leitura-mobiliza-escolas-de-santa-rita-do-passa-quatro\/","og_site_name":"O Santarritense","article_published_time":"2026-03-10T20:52:26+00:00","og_image":[{"width":1024,"height":623,"url":"https:\/\/www.osantarritense.com.br\/jornal\/wp-content\/uploads\/2026\/03\/54923404585_6e832d8c2b_k-e1773170549308-1024x623-1.jpg","type":"image\/jpeg"}],"author":"Reda\u00e7\u00e3o","twitter_card":"summary_large_image","twitter_misc":{"Escrito por":"Reda\u00e7\u00e3o","Est. tempo de leitura":"3 minutos"},"schema":{"@context":"https:\/\/schema.org","@graph":[{"@type":"Article","@id":"https:\/\/www.osantarritense.com.br\/jornal\/avaliacao-estadual-de-leitura-mobiliza-escolas-de-santa-rita-do-passa-quatro\/#article","isPartOf":{"@id":"https:\/\/www.osantarritense.com.br\/jornal\/avaliacao-estadual-de-leitura-mobiliza-escolas-de-santa-rita-do-passa-quatro\/"},"author":{"name":"Reda\u00e7\u00e3o","@id":"https:\/\/www.osantarritense.com.br\/jornal\/#\/schema\/person\/e126b4df363ecdbcf21dc50a978dd9b8"},"headline":"Avalia\u00e7\u00e3o estadual de leitura mobiliza escolas de Santa Rita do Passa Quatro","datePublished":"2026-03-10T20:52:26+00:00","mainEntityOfPage":{"@id":"https:\/\/www.osantarritense.com.br\/jornal\/avaliacao-estadual-de-leitura-mobiliza-escolas-de-santa-rita-do-passa-quatro\/"},"wordCount":404,"publisher":{"@id":"https:\/\/www.osantarritense.com.br\/jornal\/#\/schema\/person\/e126b4df363ecdbcf21dc50a978dd9b8"},"image":{"@id":"https:\/\/www.osantarritense.com.br\/jornal\/avaliacao-estadual-de-leitura-mobiliza-escolas-de-santa-rita-do-passa-quatro\/#primaryimage"},"thumbnailUrl":"https:\/\/www.osantarritense.com.br\/jornal\/wp-content\/uploads\/2026\/03\/54923404585_6e832d8c2b_k-e1773170549308-1024x623-1.jpg","articleSection":["Cidade"],"inLanguage":"pt-BR"},{"@type":"WebPage","@id":"https:\/\/www.osantarritense.com.br\/jornal\/avaliacao-estadual-de-leitura-mobiliza-escolas-de-santa-rita-do-passa-quatro\/","url":"https:\/\/www.osantarritense.com.br\/jornal\/avaliacao-estadual-de-leitura-mobiliza-escolas-de-santa-rita-do-passa-quatro\/","name":"Avalia\u00e7\u00e3o estadual de leitura mobiliza escolas de Santa Rita do Passa Quatro - O Santarritense","isPartOf":{"@id":"https:\/\/www.osantarritense.com.br\/jornal\/#website"},"primaryImageOfPage":{"@id":"https:\/\/www.osantarritense.com.br\/jornal\/avaliacao-estadual-de-leitura-mobiliza-escolas-de-santa-rita-do-passa-quatro\/#primaryimage"},"image":{"@id":"https:\/\/www.osantarritense.com.br\/jornal\/avaliacao-estadual-de-leitura-mobiliza-escolas-de-santa-rita-do-passa-quatro\/#primaryimage"},"thumbnailUrl":"https:\/\/www.osantarritense.com.br\/jornal\/wp-content\/uploads\/2026\/03\/54923404585_6e832d8c2b_k-e1773170549308-1024x623-1.jpg","datePublished":"2026-03-10T20:52:26+00:00","breadcrumb":{"@id":"https:\/\/www.osantarritense.com.br\/jornal\/avaliacao-estadual-de-leitura-mobiliza-escolas-de-santa-rita-do-passa-quatro\/#breadcrumb"},"inLanguage":"pt-BR","potentialAction":[{"@type":"ReadAction","target":["https:\/\/www.osantarritense.com.br\/jornal\/avaliacao-estadual-de-leitura-mobiliza-escolas-de-santa-rita-do-passa-quatro\/"]}]},{"@type":"ImageObject","inLanguage":"pt-BR","@id":"https:\/\/www.osantarritense.com.br\/jornal\/avaliacao-estadual-de-leitura-mobiliza-escolas-de-santa-rita-do-passa-quatro\/#primaryimage","url":"https:\/\/www.osantarritense.com.br\/jornal\/wp-content\/uploads\/2026\/03\/54923404585_6e832d8c2b_k-e1773170549308-1024x623-1.jpg","contentUrl":"https:\/\/www.osantarritense.com.br\/jornal\/wp-content\/uploads\/2026\/03\/54923404585_6e832d8c2b_k-e1773170549308-1024x623-1.jpg","width":1024,"height":623},{"@type":"BreadcrumbList","@id":"https:\/\/www.osantarritense.com.br\/jornal\/avaliacao-estadual-de-leitura-mobiliza-escolas-de-santa-rita-do-passa-quatro\/#breadcrumb","itemListElement":[{"@type":"ListItem","position":1,"name":"In\u00edcio","item":"https:\/\/www.osantarritense.com.br\/jornal\/"},{"@type":"ListItem","position":2,"name":"Avalia\u00e7\u00e3o estadual de leitura mobiliza escolas de Santa Rita do Passa Quatro"}]},{"@type":"WebSite","@id":"https:\/\/www.osantarritense.com.br\/jornal\/#website","url":"https:\/\/www.osantarritense.com.br\/jornal\/","name":"O Santarritense","description":"Jornal","publisher":{"@id":"https:\/\/www.osantarritense.com.br\/jornal\/#\/schema\/person\/e126b4df363ecdbcf21dc50a978dd9b8"},"potentialAction":[{"@type":"SearchAction","target":{"@type":"EntryPoint","urlTemplate":"https:\/\/www.osantarritense.com.br\/jornal\/?s={search_term_string}"},"query-input":{"@type":"PropertyValueSpecification","valueRequired":true,"valueName":"search_term_string"}}],"inLanguage":"pt-BR"},{"@type":["Person","Organization"],"@id":"https:\/\/www.osantarritense.com.br\/jornal\/#\/schema\/person\/e126b4df363ecdbcf21dc50a978dd9b8","name":"Reda\u00e7\u00e3o","image":{"@type":"ImageObject","inLanguage":"pt-BR","@id":"https:\/\/www.osantarritense.com.br\/jornal\/#\/schema\/person\/image\/","url":"https:\/\/www.osantarritense.com.br\/jornal\/wp-content\/uploads\/2026\/02\/cropped-logosantarritense.jpg","contentUrl":"https:\/\/www.osantarritense.com.br\/jornal\/wp-content\/uploads\/2026\/02\/cropped-logosantarritense.jpg","width":1221,"height":251,"caption":"Reda\u00e7\u00e3o"},"logo":{"@id":"https:\/\/www.osantarritense.com.br\/jornal\/#\/schema\/person\/image\/"},"sameAs":["https:\/\/www.osantarritense.com.br\/jornal"],"url":"https:\/\/www.osantarritense.com.br\/jornal\/author\/admin\/"}]}},"_links":{"self":[{"href":"https:\/\/www.osantarritense.com.br\/jornal\/wp-json\/wp\/v2\/posts\/576","targetHints":{"allow":["GET"]}}],"collection":[{"href":"https:\/\/www.osantarritense.com.br\/jornal\/wp-json\/wp\/v2\/posts"}],"about":[{"href":"https:\/\/www.osantarritense.com.br\/jornal\/wp-json\/wp\/v2\/types\/post"}],"author":[{"embeddable":true,"href":"https:\/\/www.osantarritense.com.br\/jornal\/wp-json\/wp\/v2\/users\/1"}],"replies":[{"embeddable":true,"href":"https:\/\/www.osantarritense.com.br\/jornal\/wp-json\/wp\/v2\/comments?post=576"}],"version-history":[{"count":2,"href":"https:\/\/www.osantarritense.com.br\/jornal\/wp-json\/wp\/v2\/posts\/576\/revisions"}],"predecessor-version":[{"id":579,"href":"https:\/\/www.osantarritense.com.br\/jornal\/wp-json\/wp\/v2\/posts\/576\/revisions\/579"}],"wp:featuredmedia":[{"embeddable":true,"href":"https:\/\/www.osantarritense.com.br\/jornal\/wp-json\/wp\/v2\/media\/577"}],"wp:attachment":[{"href":"https:\/\/www.osantarritense.com.br\/jornal\/wp-json\/wp\/v2\/media?parent=576"}],"wp:term":[{"taxonomy":"category","embeddable":true,"href":"https:\/\/www.osantarritense.com.br\/jornal\/wp-json\/wp\/v2\/categories?post=576"},{"taxonomy":"post_tag","embeddable":true,"href":"https:\/\/www.osantarritense.com.br\/jornal\/wp-json\/wp\/v2\/tags?post=576"}],"curies":[{"name":"wp","href":"https:\/\/api.w.org\/{rel}","templated":true}]}}