{"id":572,"date":"2026-03-09T21:09:14","date_gmt":"2026-03-09T21:09:14","guid":{"rendered":"https:\/\/www.osantarritense.com.br\/jornal\/?p=572"},"modified":"2026-03-09T21:09:14","modified_gmt":"2026-03-09T21:09:14","slug":"concurso-literario-do-sesi-premia-escritores-em-santa-rita-com-presenca-de-auritha-tabajara","status":"publish","type":"post","link":"https:\/\/www.osantarritense.com.br\/jornal\/concurso-literario-do-sesi-premia-escritores-em-santa-rita-com-presenca-de-auritha-tabajara\/","title":{"rendered":"Concurso liter\u00e1rio do Sesi premia escritores em Santa Rita com presen\u00e7a de Auritha Tabajara"},"content":{"rendered":"<div class=\"flex flex-col text-sm pb-25\">\n<article class=\"text-token-text-primary w-full focus:outline-none [--shadow-height:45px] has-data-writing-block:pointer-events-none has-data-writing-block:-mt-(--shadow-height) has-data-writing-block:pt-(--shadow-height) [&amp;:has([data-writing-block])&gt;*]:pointer-events-auto scroll-mt-[calc(var(--header-height)+min(200px,max(70px,20svh)))]\" dir=\"auto\" tabindex=\"-1\" data-turn-id=\"request-WEB:2476278d-bdb4-4c18-820f-fca5bb83f313-6\" data-testid=\"conversation-turn-14\" data-scroll-anchor=\"true\" data-turn=\"assistant\">\n<div class=\"text-base my-auto mx-auto pb-10 [--thread-content-margin:var(--thread-content-margin-xs,calc(var(--spacing)*4))] @w-sm\/main:[--thread-content-margin:var(--thread-content-margin-sm,calc(var(--spacing)*6))] @w-lg\/main:[--thread-content-margin:var(--thread-content-margin-lg,calc(var(--spacing)*16))] px-(--thread-content-margin)\">\n<div class=\"[--thread-content-max-width:40rem] @w-lg\/main:[--thread-content-max-width:48rem] mx-auto max-w-(--thread-content-max-width) flex-1 group\/turn-messages focus-visible:outline-hidden relative flex w-full min-w-0 flex-col agent-turn\" tabindex=\"-1\">\n<div class=\"flex max-w-full flex-col gap-4 grow\">\n<div class=\"min-h-8 text-message relative flex w-full flex-col items-end gap-2 text-start break-words whitespace-normal [.text-message+&amp;]:mt-1\" dir=\"auto\" data-message-author-role=\"assistant\" data-message-id=\"6f65c9da-1efa-4fe8-b0a6-760b270d4f49\" data-message-model-slug=\"gpt-5-3\">\n<div class=\"flex w-full flex-col gap-1 empty:hidden\">\n<div class=\"markdown prose dark:prose-invert w-full wrap-break-word light markdown-new-styling\">\n<p data-start=\"110\" data-end=\"385\"><span style=\"font-family: tahoma, arial, helvetica, sans-serif;\">A Esta\u00e7\u00e3o Sesi de Cultura (ESC) de Santa Rita do Passa Quatro realizou na sexta-feira (6) a premia\u00e7\u00e3o do <strong data-start=\"215\" data-end=\"278\">Concurso Liter\u00e1rio Sesi-SP \u2013 Pr\u00eamio Poesia Auritha Tabajara<\/strong>. O evento reuniu participantes, familiares e moradores da cidade e foi <strong data-start=\"350\" data-end=\"384\">gratuito e aberto \u00e0 comunidade<\/strong>.<\/span><\/p>\n<p data-start=\"110\" data-end=\"385\"><span style=\"font-family: tahoma, arial, helvetica, sans-serif;\">\ud83d\udcf1 <em>Siga o O Santarritense no <a href=\"https:\/\/www.instagram.com\/osantarritense\/\">Instagram\u00a0<\/a><\/em><\/span><\/p>\n<p data-start=\"387\" data-end=\"623\"><span style=\"font-family: tahoma, arial, helvetica, sans-serif;\">A cerim\u00f4nia contou com a presen\u00e7a da <strong data-start=\"424\" data-end=\"464\">escritora e poetisa Auritha Tabajara<\/strong>, que antes da premia\u00e7\u00e3o conversou com o p\u00fablico sobre sua trajet\u00f3ria na literatura, falou sobre seu processo criativo e respondeu perguntas dos participantes.<\/span><\/p>\n<p data-start=\"625\" data-end=\"742\"><span style=\"font-family: tahoma, arial, helvetica, sans-serif;\">Durante o encontro, a autora agradeceu o convite e destacou a import\u00e2ncia de iniciativas que incentivam a literatura.<\/span><\/p>\n<figure id=\"attachment_574\" aria-describedby=\"caption-attachment-574\" style=\"width: 1000px\" class=\"wp-caption alignnone\"><img loading=\"lazy\" decoding=\"async\" class=\"wp-image-574 size-full\" src=\"https:\/\/www.osantarritense.com.br\/jornal\/wp-content\/uploads\/2026\/03\/Auritha-e-a-bibliotecaria-da-ESC-Julia.jpg\" alt=\"\" width=\"1000\" height=\"750\" srcset=\"https:\/\/www.osantarritense.com.br\/jornal\/wp-content\/uploads\/2026\/03\/Auritha-e-a-bibliotecaria-da-ESC-Julia.jpg 1000w, https:\/\/www.osantarritense.com.br\/jornal\/wp-content\/uploads\/2026\/03\/Auritha-e-a-bibliotecaria-da-ESC-Julia-300x225.jpg 300w, https:\/\/www.osantarritense.com.br\/jornal\/wp-content\/uploads\/2026\/03\/Auritha-e-a-bibliotecaria-da-ESC-Julia-768x576.jpg 768w\" sizes=\"auto, (max-width: 1000px) 100vw, 1000px\" \/><figcaption id=\"caption-attachment-574\" class=\"wp-caption-text\"><em><span style=\"font-size: 10pt; font-family: tahoma, arial, helvetica, sans-serif;\"> Auritha com a bibliotec\u00e1ria da ESC Santa Rita, Julia Alves. Foto: Divulga\u00e7\u00e3o<\/span><\/em><\/figcaption><\/figure>\n<p data-start=\"744\" data-end=\"858\"><span style=\"font-family: tahoma, arial, helvetica, sans-serif;\">\u201c<strong data-start=\"745\" data-end=\"837\">Estou muito feliz em estar aqui. Agrade\u00e7o pela oportunidade e ao Sesi-SP pela iniciativa<\/strong>\u201d, disse a escritora.<\/span><\/p>\n<p data-start=\"860\" data-end=\"1038\"><span style=\"font-family: tahoma, arial, helvetica, sans-serif;\">O concurso foi aberto \u00e0 comunidade nas categorias <strong data-start=\"910\" data-end=\"940\">Adulto, Juvenil e Infantil<\/strong> e aconteceu nas Esta\u00e7\u00f5es Sesi de Cultura de <strong data-start=\"985\" data-end=\"1037\">Santa Rita do Passa Quatro, Cosm\u00f3polis e Atibaia<\/strong>.<\/span><\/p>\n<p data-start=\"1040\" data-end=\"1180\"><span style=\"font-family: tahoma, arial, helvetica, sans-serif;\">As poesias selecionadas tamb\u00e9m v\u00e3o integrar um <strong data-start=\"1087\" data-end=\"1119\">e-book do concurso liter\u00e1rio<\/strong>, reunindo os trabalhos premiados nas unidades participantes.<\/span><\/p>\n<p data-start=\"1182\" data-end=\"1195\"><span style=\"font-family: tahoma, arial, helvetica, sans-serif; font-size: 14pt;\"><strong data-start=\"1182\" data-end=\"1195\">Premia\u00e7\u00e3o<\/strong><\/span><\/p>\n<p data-start=\"1197\" data-end=\"1462\"><span style=\"font-family: tahoma, arial, helvetica, sans-serif;\">No concurso, o <strong data-start=\"1212\" data-end=\"1278\">primeiro colocado de cada categoria recebeu pr\u00eamio de R$ 2 mil<\/strong>. Os tr\u00eas primeiros colocados tamb\u00e9m receberam uma <strong data-start=\"1329\" data-end=\"1356\">placa de reconhecimento<\/strong>, enquanto os participantes que ficaram em <strong data-start=\"1399\" data-end=\"1461\">quarto e quinto lugar ganharam certificado de participa\u00e7\u00e3o<\/strong>.<\/span><\/p>\n<p data-start=\"1464\" data-end=\"1559\"><span style=\"font-family: tahoma, arial, helvetica, sans-serif;\"><strong data-start=\"1464\" data-end=\"1559\">Confira os vencedores do concurso na Esta\u00e7\u00e3o Sesi de Cultura de Santa Rita do Passa Quatro:<\/strong><\/span><\/p>\n<p data-start=\"1561\" data-end=\"1880\"><span style=\"font-family: tahoma, arial, helvetica, sans-serif;\"><strong data-start=\"1561\" data-end=\"1581\">Categoria Adulto<\/strong><\/span><br data-start=\"1581\" data-end=\"1584\" \/><span style=\"font-family: tahoma, arial, helvetica, sans-serif;\">1\u00ba lugar \u2013 <em data-start=\"1595\" data-end=\"1630\">A devo\u00e7\u00e3o das coisas e dos bichos<\/em>, de Carlos Eug\u00eanio da Silva R\u00eago<\/span><br data-start=\"1663\" data-end=\"1666\" \/><span style=\"font-family: tahoma, arial, helvetica, sans-serif;\">2\u00ba lugar \u2013 <em data-start=\"1677\" data-end=\"1687\">Floresta<\/em>, de Alexandre Polettini Neto<\/span><br data-start=\"1716\" data-end=\"1719\" \/><span style=\"font-family: tahoma, arial, helvetica, sans-serif;\">3\u00ba lugar \u2013 <em data-start=\"1730\" data-end=\"1737\">Cesto<\/em>, de Marcos Arantes Cestari<\/span><br data-start=\"1764\" data-end=\"1767\" \/><span style=\"font-family: tahoma, arial, helvetica, sans-serif;\">4\u00ba lugar \u2013 <em data-start=\"1778\" data-end=\"1790\">Exist\u00eancia<\/em>, de Fernando Marques da Silva<\/span><br data-start=\"1820\" data-end=\"1823\" \/><span style=\"font-family: tahoma, arial, helvetica, sans-serif;\">5\u00ba lugar \u2013 <em data-start=\"1834\" data-end=\"1852\">Mente em Solid\u00e3o<\/em>, de Otavio Menon Ferreira<\/span><\/p>\n<p data-start=\"1882\" data-end=\"2269\"><span style=\"font-family: tahoma, arial, helvetica, sans-serif;\"><strong data-start=\"1882\" data-end=\"1903\">Categoria Juvenil<\/strong><\/span><br data-start=\"1903\" data-end=\"1906\" \/><span style=\"font-family: tahoma, arial, helvetica, sans-serif;\">1\u00ba lugar \u2013 <em data-start=\"1917\" data-end=\"1936\">Semente Ancestral<\/em>, de Ana Carolina Pereira da Silva<\/span><br data-start=\"1970\" data-end=\"1973\" \/><span style=\"font-family: tahoma, arial, helvetica, sans-serif;\">2\u00ba lugar \u2013 <em data-start=\"1984\" data-end=\"2009\">A cicatriz do progresso<\/em>, de Beatriz Gracielly de Oliveira Andrade<\/span><br data-start=\"2051\" data-end=\"2054\" \/><span style=\"font-family: tahoma, arial, helvetica, sans-serif;\">3\u00ba lugar \u2013 <em data-start=\"2065\" data-end=\"2089\">Entre L\u00f3tus e papoulas<\/em>, de Murilo Henrique dos Santos Catai<\/span><br data-start=\"2126\" data-end=\"2129\" \/><span style=\"font-family: tahoma, arial, helvetica, sans-serif;\">4\u00ba lugar \u2013 <em data-start=\"2140\" data-end=\"2154\">(sem t\u00edtulo)<\/em>, de Mathias Augusto Tondato Villa Bella Providelo<\/span><br data-start=\"2204\" data-end=\"2207\" \/><span style=\"font-family: tahoma, arial, helvetica, sans-serif;\">5\u00ba lugar \u2013 <em data-start=\"2218\" data-end=\"2244\">Entre ondas e cicatrizes<\/em>, de Gabrieli Gasparoto<\/span><\/p>\n<p data-start=\"2271\" data-end=\"2639\"><span style=\"font-family: tahoma, arial, helvetica, sans-serif;\"><strong data-start=\"2271\" data-end=\"2293\">Categoria Infantil<\/strong><\/span><br data-start=\"2293\" data-end=\"2296\" \/><span style=\"font-family: tahoma, arial, helvetica, sans-serif;\">1\u00ba lugar \u2013 <em data-start=\"2307\" data-end=\"2334\">Entre a Aldeia e a Cidade<\/em>, de Helena Naca Ciscato<\/span><br data-start=\"2358\" data-end=\"2361\" \/><span style=\"font-family: tahoma, arial, helvetica, sans-serif;\">2\u00ba lugar \u2013 <em data-start=\"2372\" data-end=\"2401\">As dores que ningu\u00e9m lembra<\/em>, de Marcus Junior Ribeiro Avelino<\/span><br data-start=\"2435\" data-end=\"2438\" \/><span style=\"font-family: tahoma, arial, helvetica, sans-serif;\">3\u00ba lugar \u2013 <em data-start=\"2449\" data-end=\"2470\">Eterna Cidade poema<\/em>, de Maria Clara Souza Duarte<\/span><br data-start=\"2499\" data-end=\"2502\" \/><span style=\"font-family: tahoma, arial, helvetica, sans-serif;\">4\u00ba lugar \u2013 <em data-start=\"2513\" data-end=\"2545\">Al\u00e9m do que os olhos podem ver<\/em>, de Lorrayni dos Santos Pinheiro<\/span><br data-start=\"2578\" data-end=\"2581\" \/><span style=\"font-family: tahoma, arial, helvetica, sans-serif;\">5\u00ba lugar \u2013 <em data-start=\"2592\" data-end=\"2608\">Poema profundo<\/em>, de Antonella Souza Paulista<\/span><\/p>\n<p data-start=\"2641\" data-end=\"2820\"><span style=\"font-family: tahoma, arial, helvetica, sans-serif;\">A estudante do Sesi de Santa Rita do Passa Quatro <strong data-start=\"2691\" data-end=\"2714\">Helena Naca Ciscato<\/strong>, vencedora do <strong data-start=\"2729\" data-end=\"2763\">1\u00ba lugar na categoria Infantil<\/strong>, comentou sobre a experi\u00eancia de participar do concurso.<\/span><\/p>\n<p data-start=\"2822\" data-end=\"2972\" data-is-last-node=\"\" data-is-only-node=\"\"><span style=\"font-family: tahoma, arial, helvetica, sans-serif;\">\u201c<strong data-start=\"2823\" data-end=\"2961\">Foi muito legal essa experi\u00eancia. Vou continuar escrevendo poesia. Valeu todo esfor\u00e7o. Tamb\u00e9m fiquei muito feliz de conhecer a Auritha<\/strong>\u201d, afirmou.<\/span><\/p>\n<p data-start=\"778\" data-end=\"1029\" data-is-last-node=\"\" data-is-only-node=\"\"><span style=\"font-family: tahoma, arial, helvetica, sans-serif;\">\u270d\ufe0f <em data-start=\"1160\" data-end=\"1198\" data-is-last-node=\"\">Da reda\u00e7\u00e3o: <a href=\"https:\/\/www.facebook.com\/jornalistatonioliveiraon\/\"><strong>Jornalista Toni Oliveira<\/strong><\/a><\/em><\/span><\/p>\n<p><span style=\"font-family: tahoma, arial, helvetica, sans-serif;\"><em>( Fica proibida a reprodu\u00e7\u00e3o total ou parcial, c\u00f3pia ou distribui\u00e7\u00e3o do conte\u00fado, sem autoriza\u00e7\u00e3o expressa por parte do <strong>jornal O Santarritense<\/strong>)<\/em><\/span><\/p>\n<\/div>\n<\/div>\n<\/div>\n<\/div>\n<\/div>\n<\/div>\n<\/article>\n<\/div>\n","protected":false},"excerpt":{"rendered":"<p>A Esta\u00e7\u00e3o Sesi de Cultura (ESC) de Santa Rita do Passa Quatro realizou na sexta-feira (6) a premia\u00e7\u00e3o do Concurso&hellip;<\/p>\n","protected":false},"author":1,"featured_media":573,"comment_status":"closed","ping_status":"closed","sticky":false,"template":"","format":"standard","meta":{"footnotes":""},"categories":[3],"tags":[],"class_list":["post-572","post","type-post","status-publish","format-standard","has-post-thumbnail","hentry","category-cidade"],"yoast_head":"<!-- This site is optimized with the Yoast SEO plugin v26.8 - https:\/\/yoast.com\/product\/yoast-seo-wordpress\/ -->\n<title>Concurso liter\u00e1rio do Sesi premia escritores em Santa Rita com presen\u00e7a de Auritha Tabajara - O Santarritense<\/title>\n<meta name=\"robots\" content=\"index, follow, max-snippet:-1, max-image-preview:large, max-video-preview:-1\" \/>\n<link rel=\"canonical\" href=\"https:\/\/www.osantarritense.com.br\/jornal\/concurso-literario-do-sesi-premia-escritores-em-santa-rita-com-presenca-de-auritha-tabajara\/\" \/>\n<meta property=\"og:locale\" content=\"pt_BR\" \/>\n<meta property=\"og:type\" content=\"article\" \/>\n<meta property=\"og:title\" content=\"Concurso liter\u00e1rio do Sesi premia escritores em Santa Rita com presen\u00e7a de Auritha Tabajara - O Santarritense\" \/>\n<meta property=\"og:description\" content=\"A Esta\u00e7\u00e3o Sesi de Cultura (ESC) de Santa Rita do Passa Quatro realizou na sexta-feira (6) a premia\u00e7\u00e3o do Concurso&hellip;\" \/>\n<meta property=\"og:url\" content=\"https:\/\/www.osantarritense.com.br\/jornal\/concurso-literario-do-sesi-premia-escritores-em-santa-rita-com-presenca-de-auritha-tabajara\/\" \/>\n<meta property=\"og:site_name\" content=\"O Santarritense\" \/>\n<meta property=\"article:published_time\" content=\"2026-03-09T21:09:14+00:00\" \/>\n<meta property=\"og:image\" content=\"https:\/\/www.osantarritense.com.br\/jornal\/wp-content\/uploads\/2026\/03\/Helena.jpg\" \/>\n\t<meta property=\"og:image:width\" content=\"905\" \/>\n\t<meta property=\"og:image:height\" content=\"608\" \/>\n\t<meta property=\"og:image:type\" content=\"image\/jpeg\" \/>\n<meta name=\"author\" content=\"Reda\u00e7\u00e3o\" \/>\n<meta name=\"twitter:card\" content=\"summary_large_image\" \/>\n<meta name=\"twitter:label1\" content=\"Escrito por\" \/>\n\t<meta name=\"twitter:data1\" content=\"Reda\u00e7\u00e3o\" \/>\n\t<meta name=\"twitter:label2\" content=\"Est. tempo de leitura\" \/>\n\t<meta name=\"twitter:data2\" content=\"4 minutos\" \/>\n<script type=\"application\/ld+json\" class=\"yoast-schema-graph\">{\"@context\":\"https:\/\/schema.org\",\"@graph\":[{\"@type\":\"Article\",\"@id\":\"https:\/\/www.osantarritense.com.br\/jornal\/concurso-literario-do-sesi-premia-escritores-em-santa-rita-com-presenca-de-auritha-tabajara\/#article\",\"isPartOf\":{\"@id\":\"https:\/\/www.osantarritense.com.br\/jornal\/concurso-literario-do-sesi-premia-escritores-em-santa-rita-com-presenca-de-auritha-tabajara\/\"},\"author\":{\"name\":\"Reda\u00e7\u00e3o\",\"@id\":\"https:\/\/www.osantarritense.com.br\/jornal\/#\/schema\/person\/e126b4df363ecdbcf21dc50a978dd9b8\"},\"headline\":\"Concurso liter\u00e1rio do Sesi premia escritores em Santa Rita com presen\u00e7a de Auritha Tabajara\",\"datePublished\":\"2026-03-09T21:09:14+00:00\",\"mainEntityOfPage\":{\"@id\":\"https:\/\/www.osantarritense.com.br\/jornal\/concurso-literario-do-sesi-premia-escritores-em-santa-rita-com-presenca-de-auritha-tabajara\/\"},\"wordCount\":514,\"publisher\":{\"@id\":\"https:\/\/www.osantarritense.com.br\/jornal\/#\/schema\/person\/e126b4df363ecdbcf21dc50a978dd9b8\"},\"image\":{\"@id\":\"https:\/\/www.osantarritense.com.br\/jornal\/concurso-literario-do-sesi-premia-escritores-em-santa-rita-com-presenca-de-auritha-tabajara\/#primaryimage\"},\"thumbnailUrl\":\"https:\/\/www.osantarritense.com.br\/jornal\/wp-content\/uploads\/2026\/03\/Helena.jpg\",\"articleSection\":[\"Cidade\"],\"inLanguage\":\"pt-BR\"},{\"@type\":\"WebPage\",\"@id\":\"https:\/\/www.osantarritense.com.br\/jornal\/concurso-literario-do-sesi-premia-escritores-em-santa-rita-com-presenca-de-auritha-tabajara\/\",\"url\":\"https:\/\/www.osantarritense.com.br\/jornal\/concurso-literario-do-sesi-premia-escritores-em-santa-rita-com-presenca-de-auritha-tabajara\/\",\"name\":\"Concurso liter\u00e1rio do Sesi premia escritores em Santa Rita com presen\u00e7a de Auritha Tabajara - O Santarritense\",\"isPartOf\":{\"@id\":\"https:\/\/www.osantarritense.com.br\/jornal\/#website\"},\"primaryImageOfPage\":{\"@id\":\"https:\/\/www.osantarritense.com.br\/jornal\/concurso-literario-do-sesi-premia-escritores-em-santa-rita-com-presenca-de-auritha-tabajara\/#primaryimage\"},\"image\":{\"@id\":\"https:\/\/www.osantarritense.com.br\/jornal\/concurso-literario-do-sesi-premia-escritores-em-santa-rita-com-presenca-de-auritha-tabajara\/#primaryimage\"},\"thumbnailUrl\":\"https:\/\/www.osantarritense.com.br\/jornal\/wp-content\/uploads\/2026\/03\/Helena.jpg\",\"datePublished\":\"2026-03-09T21:09:14+00:00\",\"breadcrumb\":{\"@id\":\"https:\/\/www.osantarritense.com.br\/jornal\/concurso-literario-do-sesi-premia-escritores-em-santa-rita-com-presenca-de-auritha-tabajara\/#breadcrumb\"},\"inLanguage\":\"pt-BR\",\"potentialAction\":[{\"@type\":\"ReadAction\",\"target\":[\"https:\/\/www.osantarritense.com.br\/jornal\/concurso-literario-do-sesi-premia-escritores-em-santa-rita-com-presenca-de-auritha-tabajara\/\"]}]},{\"@type\":\"ImageObject\",\"inLanguage\":\"pt-BR\",\"@id\":\"https:\/\/www.osantarritense.com.br\/jornal\/concurso-literario-do-sesi-premia-escritores-em-santa-rita-com-presenca-de-auritha-tabajara\/#primaryimage\",\"url\":\"https:\/\/www.osantarritense.com.br\/jornal\/wp-content\/uploads\/2026\/03\/Helena.jpg\",\"contentUrl\":\"https:\/\/www.osantarritense.com.br\/jornal\/wp-content\/uploads\/2026\/03\/Helena.jpg\",\"width\":905,\"height\":608},{\"@type\":\"BreadcrumbList\",\"@id\":\"https:\/\/www.osantarritense.com.br\/jornal\/concurso-literario-do-sesi-premia-escritores-em-santa-rita-com-presenca-de-auritha-tabajara\/#breadcrumb\",\"itemListElement\":[{\"@type\":\"ListItem\",\"position\":1,\"name\":\"In\u00edcio\",\"item\":\"https:\/\/www.osantarritense.com.br\/jornal\/\"},{\"@type\":\"ListItem\",\"position\":2,\"name\":\"Concurso liter\u00e1rio do Sesi premia escritores em Santa Rita com presen\u00e7a de Auritha Tabajara\"}]},{\"@type\":\"WebSite\",\"@id\":\"https:\/\/www.osantarritense.com.br\/jornal\/#website\",\"url\":\"https:\/\/www.osantarritense.com.br\/jornal\/\",\"name\":\"O Santarritense\",\"description\":\"Jornal\",\"publisher\":{\"@id\":\"https:\/\/www.osantarritense.com.br\/jornal\/#\/schema\/person\/e126b4df363ecdbcf21dc50a978dd9b8\"},\"potentialAction\":[{\"@type\":\"SearchAction\",\"target\":{\"@type\":\"EntryPoint\",\"urlTemplate\":\"https:\/\/www.osantarritense.com.br\/jornal\/?s={search_term_string}\"},\"query-input\":{\"@type\":\"PropertyValueSpecification\",\"valueRequired\":true,\"valueName\":\"search_term_string\"}}],\"inLanguage\":\"pt-BR\"},{\"@type\":[\"Person\",\"Organization\"],\"@id\":\"https:\/\/www.osantarritense.com.br\/jornal\/#\/schema\/person\/e126b4df363ecdbcf21dc50a978dd9b8\",\"name\":\"Reda\u00e7\u00e3o\",\"image\":{\"@type\":\"ImageObject\",\"inLanguage\":\"pt-BR\",\"@id\":\"https:\/\/www.osantarritense.com.br\/jornal\/#\/schema\/person\/image\/\",\"url\":\"https:\/\/www.osantarritense.com.br\/jornal\/wp-content\/uploads\/2026\/02\/cropped-logosantarritense.jpg\",\"contentUrl\":\"https:\/\/www.osantarritense.com.br\/jornal\/wp-content\/uploads\/2026\/02\/cropped-logosantarritense.jpg\",\"width\":1221,\"height\":251,\"caption\":\"Reda\u00e7\u00e3o\"},\"logo\":{\"@id\":\"https:\/\/www.osantarritense.com.br\/jornal\/#\/schema\/person\/image\/\"},\"sameAs\":[\"https:\/\/www.osantarritense.com.br\/jornal\"],\"url\":\"https:\/\/www.osantarritense.com.br\/jornal\/author\/admin\/\"}]}<\/script>\n<!-- \/ Yoast SEO plugin. -->","yoast_head_json":{"title":"Concurso liter\u00e1rio do Sesi premia escritores em Santa Rita com presen\u00e7a de Auritha Tabajara - O Santarritense","robots":{"index":"index","follow":"follow","max-snippet":"max-snippet:-1","max-image-preview":"max-image-preview:large","max-video-preview":"max-video-preview:-1"},"canonical":"https:\/\/www.osantarritense.com.br\/jornal\/concurso-literario-do-sesi-premia-escritores-em-santa-rita-com-presenca-de-auritha-tabajara\/","og_locale":"pt_BR","og_type":"article","og_title":"Concurso liter\u00e1rio do Sesi premia escritores em Santa Rita com presen\u00e7a de Auritha Tabajara - O Santarritense","og_description":"A Esta\u00e7\u00e3o Sesi de Cultura (ESC) de Santa Rita do Passa Quatro realizou na sexta-feira (6) a premia\u00e7\u00e3o do Concurso&hellip;","og_url":"https:\/\/www.osantarritense.com.br\/jornal\/concurso-literario-do-sesi-premia-escritores-em-santa-rita-com-presenca-de-auritha-tabajara\/","og_site_name":"O Santarritense","article_published_time":"2026-03-09T21:09:14+00:00","og_image":[{"width":905,"height":608,"url":"https:\/\/www.osantarritense.com.br\/jornal\/wp-content\/uploads\/2026\/03\/Helena.jpg","type":"image\/jpeg"}],"author":"Reda\u00e7\u00e3o","twitter_card":"summary_large_image","twitter_misc":{"Escrito por":"Reda\u00e7\u00e3o","Est. tempo de leitura":"4 minutos"},"schema":{"@context":"https:\/\/schema.org","@graph":[{"@type":"Article","@id":"https:\/\/www.osantarritense.com.br\/jornal\/concurso-literario-do-sesi-premia-escritores-em-santa-rita-com-presenca-de-auritha-tabajara\/#article","isPartOf":{"@id":"https:\/\/www.osantarritense.com.br\/jornal\/concurso-literario-do-sesi-premia-escritores-em-santa-rita-com-presenca-de-auritha-tabajara\/"},"author":{"name":"Reda\u00e7\u00e3o","@id":"https:\/\/www.osantarritense.com.br\/jornal\/#\/schema\/person\/e126b4df363ecdbcf21dc50a978dd9b8"},"headline":"Concurso liter\u00e1rio do Sesi premia escritores em Santa Rita com presen\u00e7a de Auritha Tabajara","datePublished":"2026-03-09T21:09:14+00:00","mainEntityOfPage":{"@id":"https:\/\/www.osantarritense.com.br\/jornal\/concurso-literario-do-sesi-premia-escritores-em-santa-rita-com-presenca-de-auritha-tabajara\/"},"wordCount":514,"publisher":{"@id":"https:\/\/www.osantarritense.com.br\/jornal\/#\/schema\/person\/e126b4df363ecdbcf21dc50a978dd9b8"},"image":{"@id":"https:\/\/www.osantarritense.com.br\/jornal\/concurso-literario-do-sesi-premia-escritores-em-santa-rita-com-presenca-de-auritha-tabajara\/#primaryimage"},"thumbnailUrl":"https:\/\/www.osantarritense.com.br\/jornal\/wp-content\/uploads\/2026\/03\/Helena.jpg","articleSection":["Cidade"],"inLanguage":"pt-BR"},{"@type":"WebPage","@id":"https:\/\/www.osantarritense.com.br\/jornal\/concurso-literario-do-sesi-premia-escritores-em-santa-rita-com-presenca-de-auritha-tabajara\/","url":"https:\/\/www.osantarritense.com.br\/jornal\/concurso-literario-do-sesi-premia-escritores-em-santa-rita-com-presenca-de-auritha-tabajara\/","name":"Concurso liter\u00e1rio do Sesi premia escritores em Santa Rita com presen\u00e7a de Auritha Tabajara - O Santarritense","isPartOf":{"@id":"https:\/\/www.osantarritense.com.br\/jornal\/#website"},"primaryImageOfPage":{"@id":"https:\/\/www.osantarritense.com.br\/jornal\/concurso-literario-do-sesi-premia-escritores-em-santa-rita-com-presenca-de-auritha-tabajara\/#primaryimage"},"image":{"@id":"https:\/\/www.osantarritense.com.br\/jornal\/concurso-literario-do-sesi-premia-escritores-em-santa-rita-com-presenca-de-auritha-tabajara\/#primaryimage"},"thumbnailUrl":"https:\/\/www.osantarritense.com.br\/jornal\/wp-content\/uploads\/2026\/03\/Helena.jpg","datePublished":"2026-03-09T21:09:14+00:00","breadcrumb":{"@id":"https:\/\/www.osantarritense.com.br\/jornal\/concurso-literario-do-sesi-premia-escritores-em-santa-rita-com-presenca-de-auritha-tabajara\/#breadcrumb"},"inLanguage":"pt-BR","potentialAction":[{"@type":"ReadAction","target":["https:\/\/www.osantarritense.com.br\/jornal\/concurso-literario-do-sesi-premia-escritores-em-santa-rita-com-presenca-de-auritha-tabajara\/"]}]},{"@type":"ImageObject","inLanguage":"pt-BR","@id":"https:\/\/www.osantarritense.com.br\/jornal\/concurso-literario-do-sesi-premia-escritores-em-santa-rita-com-presenca-de-auritha-tabajara\/#primaryimage","url":"https:\/\/www.osantarritense.com.br\/jornal\/wp-content\/uploads\/2026\/03\/Helena.jpg","contentUrl":"https:\/\/www.osantarritense.com.br\/jornal\/wp-content\/uploads\/2026\/03\/Helena.jpg","width":905,"height":608},{"@type":"BreadcrumbList","@id":"https:\/\/www.osantarritense.com.br\/jornal\/concurso-literario-do-sesi-premia-escritores-em-santa-rita-com-presenca-de-auritha-tabajara\/#breadcrumb","itemListElement":[{"@type":"ListItem","position":1,"name":"In\u00edcio","item":"https:\/\/www.osantarritense.com.br\/jornal\/"},{"@type":"ListItem","position":2,"name":"Concurso liter\u00e1rio do Sesi premia escritores em Santa Rita com presen\u00e7a de Auritha Tabajara"}]},{"@type":"WebSite","@id":"https:\/\/www.osantarritense.com.br\/jornal\/#website","url":"https:\/\/www.osantarritense.com.br\/jornal\/","name":"O Santarritense","description":"Jornal","publisher":{"@id":"https:\/\/www.osantarritense.com.br\/jornal\/#\/schema\/person\/e126b4df363ecdbcf21dc50a978dd9b8"},"potentialAction":[{"@type":"SearchAction","target":{"@type":"EntryPoint","urlTemplate":"https:\/\/www.osantarritense.com.br\/jornal\/?s={search_term_string}"},"query-input":{"@type":"PropertyValueSpecification","valueRequired":true,"valueName":"search_term_string"}}],"inLanguage":"pt-BR"},{"@type":["Person","Organization"],"@id":"https:\/\/www.osantarritense.com.br\/jornal\/#\/schema\/person\/e126b4df363ecdbcf21dc50a978dd9b8","name":"Reda\u00e7\u00e3o","image":{"@type":"ImageObject","inLanguage":"pt-BR","@id":"https:\/\/www.osantarritense.com.br\/jornal\/#\/schema\/person\/image\/","url":"https:\/\/www.osantarritense.com.br\/jornal\/wp-content\/uploads\/2026\/02\/cropped-logosantarritense.jpg","contentUrl":"https:\/\/www.osantarritense.com.br\/jornal\/wp-content\/uploads\/2026\/02\/cropped-logosantarritense.jpg","width":1221,"height":251,"caption":"Reda\u00e7\u00e3o"},"logo":{"@id":"https:\/\/www.osantarritense.com.br\/jornal\/#\/schema\/person\/image\/"},"sameAs":["https:\/\/www.osantarritense.com.br\/jornal"],"url":"https:\/\/www.osantarritense.com.br\/jornal\/author\/admin\/"}]}},"_links":{"self":[{"href":"https:\/\/www.osantarritense.com.br\/jornal\/wp-json\/wp\/v2\/posts\/572","targetHints":{"allow":["GET"]}}],"collection":[{"href":"https:\/\/www.osantarritense.com.br\/jornal\/wp-json\/wp\/v2\/posts"}],"about":[{"href":"https:\/\/www.osantarritense.com.br\/jornal\/wp-json\/wp\/v2\/types\/post"}],"author":[{"embeddable":true,"href":"https:\/\/www.osantarritense.com.br\/jornal\/wp-json\/wp\/v2\/users\/1"}],"replies":[{"embeddable":true,"href":"https:\/\/www.osantarritense.com.br\/jornal\/wp-json\/wp\/v2\/comments?post=572"}],"version-history":[{"count":1,"href":"https:\/\/www.osantarritense.com.br\/jornal\/wp-json\/wp\/v2\/posts\/572\/revisions"}],"predecessor-version":[{"id":575,"href":"https:\/\/www.osantarritense.com.br\/jornal\/wp-json\/wp\/v2\/posts\/572\/revisions\/575"}],"wp:featuredmedia":[{"embeddable":true,"href":"https:\/\/www.osantarritense.com.br\/jornal\/wp-json\/wp\/v2\/media\/573"}],"wp:attachment":[{"href":"https:\/\/www.osantarritense.com.br\/jornal\/wp-json\/wp\/v2\/media?parent=572"}],"wp:term":[{"taxonomy":"category","embeddable":true,"href":"https:\/\/www.osantarritense.com.br\/jornal\/wp-json\/wp\/v2\/categories?post=572"},{"taxonomy":"post_tag","embeddable":true,"href":"https:\/\/www.osantarritense.com.br\/jornal\/wp-json\/wp\/v2\/tags?post=572"}],"curies":[{"name":"wp","href":"https:\/\/api.w.org\/{rel}","templated":true}]}}