{"id":558,"date":"2026-03-09T17:16:18","date_gmt":"2026-03-09T17:16:18","guid":{"rendered":"https:\/\/www.osantarritense.com.br\/jornal\/?p=558"},"modified":"2026-03-09T18:51:37","modified_gmt":"2026-03-09T18:51:37","slug":"empresario-nelson-cury-filho-lanca-podcast-sobre-sucessao-e-gestao-de-empresas-familiares","status":"publish","type":"post","link":"https:\/\/www.osantarritense.com.br\/jornal\/empresario-nelson-cury-filho-lanca-podcast-sobre-sucessao-e-gestao-de-empresas-familiares\/","title":{"rendered":"Empres\u00e1rio Nelson Cury Filho lan\u00e7a podcast sobre sucess\u00e3o e gest\u00e3o de empresas familiares"},"content":{"rendered":"<p><span style=\"font-family: tahoma, arial, helvetica, sans-serif;\">O empres\u00e1rio\u00a0<b>Nelson Cury Filho<\/b>\u00a0lan\u00e7ou o\u00a0<strong>Family Business Voice<\/strong>, podcast dedicado a discutir os desafios, aprendizados e decis\u00f5es que fazem parte da constru\u00e7\u00e3o de empresas capazes de atravessar gera\u00e7\u00f5es.<\/span><\/p>\n<p><span style=\"font-family: tahoma, arial, helvetica, sans-serif;\">Dispon\u00edvel no <strong><a href=\"https:\/\/www.youtube.com\/@FamilyBusinessVoice\">YouTube<\/a>, <a href=\"https:\/\/open.spotify.com\/show\/0ONo878WYUB2tv6lCKDlRo\">Spotify<\/a>,<a href=\"https:\/\/www.instagram.com\/familybusinessvoice\/\"> Instagram<\/a>, <a href=\"https:\/\/www.tiktok.com\/@familybusinessvoice?is_from_webapp=1&amp;sender_device=pc\">TikTok<\/a> e <a href=\"https:\/\/www.linkedin.com\/feed\/\">LinkedIn<\/a><\/strong>, o projeto re\u00fane conversas com empres\u00e1rios, membros de fam\u00edlias empres\u00e1rias, conselheiros e especialistas que compartilham experi\u00eancias reais sobre lideran\u00e7a, governan\u00e7a, sucess\u00e3o e continuidade dos neg\u00f3cios.<\/span><\/p>\n<blockquote><p><em><span style=\"font-family: tahoma, arial, helvetica, sans-serif;\">\u201cO objetivo \u00e9 trazer hist\u00f3rias e aprendizados de quem vive o mundo das empresas familiares na pr\u00e1tica. S\u00e3o conversas que ajudam a ampliar a vis\u00e3o sobre gest\u00e3o, sucess\u00e3o e constru\u00e7\u00e3o de legado\u201d, <strong>afirma Nelson Cury Filho<\/strong>.<\/span><\/em><\/p><\/blockquote>\n<figure id=\"attachment_565\" aria-describedby=\"caption-attachment-565\" style=\"width: 900px\" class=\"wp-caption alignnone\"><img loading=\"lazy\" decoding=\"async\" class=\"wp-image-565 size-full\" src=\"https:\/\/www.osantarritense.com.br\/jornal\/wp-content\/uploads\/2026\/03\/IMG_4005.jpg.jpeg\" alt=\"\" width=\"900\" height=\"540\" srcset=\"https:\/\/www.osantarritense.com.br\/jornal\/wp-content\/uploads\/2026\/03\/IMG_4005.jpg.jpeg 900w, https:\/\/www.osantarritense.com.br\/jornal\/wp-content\/uploads\/2026\/03\/IMG_4005.jpg-300x180.jpeg 300w, https:\/\/www.osantarritense.com.br\/jornal\/wp-content\/uploads\/2026\/03\/IMG_4005.jpg-768x461.jpeg 768w\" sizes=\"auto, (max-width: 900px) 100vw, 900px\" \/><figcaption id=\"caption-attachment-565\" class=\"wp-caption-text\"><em>\u00a0Podcast Family Business Voice. \ud83d\udcf8 Foto: Divulga\u00e7\u00e3o<\/em><\/figcaption><\/figure>\n<h3><span style=\"font-family: tahoma, arial, helvetica, sans-serif;\">Conversas com quem vive o mundo dos neg\u00f3cios<\/span><\/h3>\n<p><span style=\"font-family: tahoma, arial, helvetica, sans-serif;\">Desde o lan\u00e7amento, o\u00a0<strong>Family Business Voice<\/strong>\u00a0j\u00e1 conta com mais de\u00a0<strong>35 epis\u00f3dios<\/strong>, reunindo convidados que atuam diretamente no universo empresarial.<\/span><\/p>\n<p><span style=\"font-family: tahoma, arial, helvetica, sans-serif;\">Ao longo das conversas, s\u00e3o abordados temas fundamentais para a continuidade de empresas ao longo das gera\u00e7\u00f5es, como:<\/span><\/p>\n<ul>\n<li><span style=\"font-family: tahoma, arial, helvetica, sans-serif;\">sucess\u00e3o entre gera\u00e7\u00f5es<\/span><\/li>\n<li><span style=\"font-family: tahoma, arial, helvetica, sans-serif;\">governan\u00e7a familiar e corporativa<\/span><\/li>\n<li><span style=\"font-family: tahoma, arial, helvetica, sans-serif;\">profissionaliza\u00e7\u00e3o da gest\u00e3o<\/span><\/li>\n<li><span style=\"font-family: tahoma, arial, helvetica, sans-serif;\">prepara\u00e7\u00e3o da nova gera\u00e7\u00e3o<\/span><\/li>\n<li><span style=\"font-family: tahoma, arial, helvetica, sans-serif;\">constru\u00e7\u00e3o e preserva\u00e7\u00e3o do legado empresarial<\/span><\/li>\n<\/ul>\n<p><span style=\"font-family: tahoma, arial, helvetica, sans-serif;\">Al\u00e9m dos epis\u00f3dios completos, o projeto tamb\u00e9m publica\u00a0<strong>cortes das entrevistas, reflex\u00f5es e bastidores<\/strong>, ampliando o acesso \u00e0s ideias e experi\u00eancias compartilhadas pelos convidados.<\/span><\/p>\n<figure id=\"attachment_570\" aria-describedby=\"caption-attachment-570\" style=\"width: 811px\" class=\"wp-caption aligncenter\"><img loading=\"lazy\" decoding=\"async\" class=\"wp-image-570\" src=\"https:\/\/www.osantarritense.com.br\/jornal\/wp-content\/uploads\/2026\/03\/cats-5.jpg\" alt=\"\" width=\"811\" height=\"572\" srcset=\"https:\/\/www.osantarritense.com.br\/jornal\/wp-content\/uploads\/2026\/03\/cats-5.jpg 640w, https:\/\/www.osantarritense.com.br\/jornal\/wp-content\/uploads\/2026\/03\/cats-5-300x211.jpg 300w\" sizes=\"auto, (max-width: 811px) 100vw, 811px\" \/><figcaption id=\"caption-attachment-570\" class=\"wp-caption-text\"><em>Empres\u00e1rio Nelson Cury Filho, criador do podcast Family Business Voice, ao lado de Jo\u00e3o Ometto, herdeiro e executivo da Usina S\u00e3o Jo\u00e3o. \ud83d\udcf8 Foto: Divulga\u00e7\u00e3o<\/em><\/figcaption><\/figure>\n<h3><span style=\"font-family: tahoma, arial, helvetica, sans-serif;\">Conte\u00fado para quem empreende ou quer come\u00e7ar um neg\u00f3cio<\/span><\/h3>\n<p><span style=\"font-family: tahoma, arial, helvetica, sans-serif;\">No Brasil, a grande maioria das empresas \u00e9\u00a0<strong>familiar<\/strong>, sendo respons\u00e1vel por uma parcela significativa da gera\u00e7\u00e3o de empregos e riqueza no pa\u00eds.<\/span><\/p>\n<p><span style=\"font-family: tahoma, arial, helvetica, sans-serif;\">Por isso, o conte\u00fado tamb\u00e9m se torna relevante para quem deseja\u00a0<strong>empreender ou iniciar um neg\u00f3cio<\/strong>, seja em fam\u00edlia (com pais, filhos, irm\u00e3os, tios, primos) ou em outros formatos.<\/span><\/p>\n<p><span style=\"font-family: tahoma, arial, helvetica, sans-serif;\">Ao ouvir as diferentes trajet\u00f3rias apresentadas no podcast, o p\u00fablico tem acesso a\u00a0<strong>vis\u00f5es estrat\u00e9gicas, aprendizados pr\u00e1ticos e reflex\u00f5es importantes sobre lideran\u00e7a, tomada de decis\u00e3o e constru\u00e7\u00e3o de empresas s\u00f3lidas<\/strong>.<\/span><\/p>\n<p><span style=\"font-family: tahoma, arial, helvetica, sans-serif;\">S\u00e3o conversas que ajudam a entender melhor os desafios do mundo empresarial e a se preparar para dilemas que fazem parte da jornada de quem empreende.<\/span><\/p>\n<h3><span style=\"font-family: tahoma, arial, helvetica, sans-serif;\">Novos epis\u00f3dios todas as semanas<\/span><\/h3>\n<p><span style=\"font-family: tahoma, arial, helvetica, sans-serif;\">O\u00a0<strong>Family Business Voice<\/strong>\u00a0est\u00e1 atualmente na reta final da\u00a0<strong>quarta temporada<\/strong>, consolidando-se como um espa\u00e7o relevante de troca de experi\u00eancias no universo das empresas familiares.<\/span><\/p>\n<p><span style=\"font-family: tahoma, arial, helvetica, sans-serif;\">A\u00a0<strong>quinta temporada<\/strong>\u00a0j\u00e1 est\u00e1 em produ\u00e7\u00e3o e promete trazer ainda mais hist\u00f3rias, aprendizados e perspectivas sobre\u00a0<strong>lideran\u00e7a, sucess\u00e3o e legado<\/strong>.<\/span><\/p>\n<p><span style=\"font-family: tahoma, arial, helvetica, sans-serif;\"><img decoding=\"async\" class=\"an1\" draggable=\"false\" src=\"https:\/\/fonts.gstatic.com\/s\/e\/notoemoji\/17.0\/1f4c5\/32.png\" alt=\"\ud83d\udcc5\" data-emoji=\"\ud83d\udcc5\" aria-label=\"\ud83d\udcc5\" \/>\u00a0<strong>Novos epis\u00f3dios s\u00e3o publicados todas \u00e0s ter\u00e7as-feiras, \u00e0s 19h.<\/strong><\/span><\/p>\n<h3><span style=\"font-family: tahoma, arial, helvetica, sans-serif;\">Acompanhe nas plataformas digitais<\/span><\/h3>\n<p><span style=\"font-family: tahoma, arial, helvetica, sans-serif;\">O\u00a0<strong>Family Business Voice<\/strong>\u00a0pode ser acompanhado nas principais plataformas digitais.<\/span><\/p>\n<p><span style=\"font-family: tahoma, arial, helvetica, sans-serif;\"><img decoding=\"async\" class=\"an1\" draggable=\"false\" src=\"https:\/\/fonts.gstatic.com\/s\/e\/notoemoji\/17.0\/25b6_fe0f\/32.png\" alt=\"\u25b6\ufe0f\" data-emoji=\"\u25b6\ufe0f\" aria-label=\"\u25b6\ufe0f\" \/>\u00a0Inscreva-se no canal no\u00a0<a href=\"https:\/\/www.youtube.com\/@FamilyBusinessVoice\"><strong>YouTube<\/strong><\/a>\u00a0para assistir aos epis\u00f3dios completos<\/span><br \/>\n<span style=\"font-family: tahoma, arial, helvetica, sans-serif;\"><img decoding=\"async\" class=\"an1\" draggable=\"false\" src=\"https:\/\/fonts.gstatic.com\/s\/e\/notoemoji\/17.0\/1f3a7\/32.png\" alt=\"\ud83c\udfa7\" data-emoji=\"\ud83c\udfa7\" aria-label=\"\ud83c\udfa7\" \/>\u00a0Siga o podcast no\u00a0<a href=\"https:\/\/open.spotify.com\/show\/0ONo878WYUB2tv6lCKDlRo?si=TwOpEej2QWK5XhQ47nduXg\"><strong>Spotify<\/strong><\/a><\/span><br \/>\n<span style=\"font-family: tahoma, arial, helvetica, sans-serif;\"><img decoding=\"async\" class=\"an1\" draggable=\"false\" src=\"https:\/\/fonts.gstatic.com\/s\/e\/notoemoji\/17.0\/1f4f1\/32.png\" alt=\"\ud83d\udcf1\" data-emoji=\"\ud83d\udcf1\" aria-label=\"\ud83d\udcf1\" \/>\u00a0Acompanhe tamb\u00e9m no\u00a0<strong><a href=\"https:\/\/www.instagram.com\/familybusinessvoice\/\">Instagram<\/a>, <a href=\"https:\/\/www.tiktok.com\/@familybusinessvoice?is_from_webapp=1&amp;sender_device=pc\">TikTok<\/a> e <a href=\"https:\/\/www.linkedin.com\/feed\/\">LinkedIn<\/a><\/strong>\u00a0para cortes, bastidores e conte\u00fados extras<\/span><\/p>\n<p><span style=\"font-family: tahoma, arial, helvetica, sans-serif;\"><strong>Family Business Voice<\/strong><\/span><\/p>\n<p><span style=\"font-family: tahoma, arial, helvetica, sans-serif;\"><img decoding=\"async\" class=\"an1\" draggable=\"false\" src=\"https:\/\/fonts.gstatic.com\/s\/e\/notoemoji\/17.0\/1f4fa\/32.png\" alt=\"\ud83d\udcfa\" data-emoji=\"\ud83d\udcfa\" aria-label=\"\ud83d\udcfa\" \/> YouTube: <a href=\"https:\/\/www.youtube.com\/@FamilyBusinessVoice\">link<\/a><\/span><br \/>\n<span style=\"font-family: tahoma, arial, helvetica, sans-serif;\"><img decoding=\"async\" class=\"an1\" draggable=\"false\" src=\"https:\/\/fonts.gstatic.com\/s\/e\/notoemoji\/17.0\/1f3a7\/32.png\" alt=\"\ud83c\udfa7\" data-emoji=\"\ud83c\udfa7\" aria-label=\"\ud83c\udfa7\" \/> Spotify: <a href=\"https:\/\/open.spotify.com\/show\/0ONo878WYUB2tv6lCKDlRo?si=TwOpEej2QWK5XhQ47nduXg\">link<\/a><\/span><br \/>\n<span style=\"font-family: tahoma, arial, helvetica, sans-serif;\"><img decoding=\"async\" class=\"an1\" draggable=\"false\" src=\"https:\/\/fonts.gstatic.com\/s\/e\/notoemoji\/17.0\/1f4f1\/32.png\" alt=\"\ud83d\udcf1\" data-emoji=\"\ud83d\udcf1\" aria-label=\"\ud83d\udcf1\" \/> Instagram: <a href=\"https:\/\/www.instagram.com\/familybusinessvoice\/\">link<\/a><\/span><br \/>\n<span style=\"font-family: tahoma, arial, helvetica, sans-serif;\"><img decoding=\"async\" class=\"an1\" draggable=\"false\" src=\"https:\/\/fonts.gstatic.com\/s\/e\/notoemoji\/17.0\/1f3b5\/32.png\" alt=\"\ud83c\udfb5\" data-emoji=\"\ud83c\udfb5\" aria-label=\"\ud83c\udfb5\" \/> TikTok: <a href=\"https:\/\/www.tiktok.com\/@familybusinessvoice?is_from_webapp=1&amp;sender_device=pc\">link<\/a><\/span><br \/>\n<span style=\"font-family: tahoma, arial, helvetica, sans-serif;\"><img decoding=\"async\" class=\"an1\" draggable=\"false\" src=\"https:\/\/fonts.gstatic.com\/s\/e\/notoemoji\/17.0\/1f4bc\/32.png\" alt=\"\ud83d\udcbc\" data-emoji=\"\ud83d\udcbc\" aria-label=\"\ud83d\udcbc\" \/> LinkedIn:<a href=\"https:\/\/www.linkedin.com\/feed\/\"> link<\/a><\/span><\/p>\n<p data-start=\"778\" data-end=\"1029\" data-is-last-node=\"\" data-is-only-node=\"\"><span style=\"font-family: tahoma, arial, helvetica, sans-serif;\">\u270d\ufe0f <em data-start=\"1160\" data-end=\"1198\" data-is-last-node=\"\">Da reda\u00e7\u00e3o: <a href=\"https:\/\/www.facebook.com\/jornalistatonioliveiraon\/\"><strong>Jornalista Toni Oliveira<\/strong><\/a><\/em><\/span><\/p>\n<p><span style=\"font-family: tahoma, arial, helvetica, sans-serif;\"><em>( Fica proibida a reprodu\u00e7\u00e3o total ou parcial, c\u00f3pia ou distribui\u00e7\u00e3o do conte\u00fado, sem autoriza\u00e7\u00e3o expressa por parte do <strong>jornal O Santarritense<\/strong>)<\/em><\/span><\/p>\n","protected":false},"excerpt":{"rendered":"<p>O empres\u00e1rio\u00a0Nelson Cury Filho\u00a0lan\u00e7ou o\u00a0Family Business Voice, podcast dedicado a discutir os desafios, aprendizados e decis\u00f5es que fazem parte da&hellip;<\/p>\n","protected":false},"author":1,"featured_media":564,"comment_status":"closed","ping_status":"closed","sticky":false,"template":"","format":"standard","meta":{"footnotes":""},"categories":[5],"tags":[],"class_list":["post-558","post","type-post","status-publish","format-standard","has-post-thumbnail","hentry","category-cotidiano"],"yoast_head":"<!-- This site is optimized with the Yoast SEO plugin v26.8 - https:\/\/yoast.com\/product\/yoast-seo-wordpress\/ -->\n<title>Empres\u00e1rio Nelson Cury Filho lan\u00e7a podcast sobre sucess\u00e3o e gest\u00e3o de empresas familiares - O Santarritense<\/title>\n<meta name=\"robots\" content=\"index, follow, max-snippet:-1, max-image-preview:large, max-video-preview:-1\" \/>\n<link rel=\"canonical\" href=\"https:\/\/www.osantarritense.com.br\/jornal\/empresario-nelson-cury-filho-lanca-podcast-sobre-sucessao-e-gestao-de-empresas-familiares\/\" \/>\n<meta property=\"og:locale\" content=\"pt_BR\" \/>\n<meta property=\"og:type\" content=\"article\" \/>\n<meta property=\"og:title\" content=\"Empres\u00e1rio Nelson Cury Filho lan\u00e7a podcast sobre sucess\u00e3o e gest\u00e3o de empresas familiares - O Santarritense\" \/>\n<meta property=\"og:description\" content=\"O empres\u00e1rio\u00a0Nelson Cury Filho\u00a0lan\u00e7ou o\u00a0Family Business Voice, podcast dedicado a discutir os desafios, aprendizados e decis\u00f5es que fazem parte da&hellip;\" \/>\n<meta property=\"og:url\" content=\"https:\/\/www.osantarritense.com.br\/jornal\/empresario-nelson-cury-filho-lanca-podcast-sobre-sucessao-e-gestao-de-empresas-familiares\/\" \/>\n<meta property=\"og:site_name\" content=\"O Santarritense\" \/>\n<meta property=\"article:published_time\" content=\"2026-03-09T17:16:18+00:00\" \/>\n<meta property=\"article:modified_time\" content=\"2026-03-09T18:51:37+00:00\" \/>\n<meta property=\"og:image\" content=\"https:\/\/www.osantarritense.com.br\/jornal\/wp-content\/uploads\/2026\/03\/IMG_0778.jpg.jpeg\" \/>\n\t<meta property=\"og:image:width\" content=\"900\" \/>\n\t<meta property=\"og:image:height\" content=\"561\" \/>\n\t<meta property=\"og:image:type\" content=\"image\/jpeg\" \/>\n<meta name=\"author\" content=\"Reda\u00e7\u00e3o\" \/>\n<meta name=\"twitter:card\" content=\"summary_large_image\" \/>\n<meta name=\"twitter:label1\" content=\"Escrito por\" \/>\n\t<meta name=\"twitter:data1\" content=\"Reda\u00e7\u00e3o\" \/>\n\t<meta name=\"twitter:label2\" content=\"Est. tempo de leitura\" \/>\n\t<meta name=\"twitter:data2\" content=\"5 minutos\" \/>\n<script type=\"application\/ld+json\" class=\"yoast-schema-graph\">{\"@context\":\"https:\/\/schema.org\",\"@graph\":[{\"@type\":\"Article\",\"@id\":\"https:\/\/www.osantarritense.com.br\/jornal\/empresario-nelson-cury-filho-lanca-podcast-sobre-sucessao-e-gestao-de-empresas-familiares\/#article\",\"isPartOf\":{\"@id\":\"https:\/\/www.osantarritense.com.br\/jornal\/empresario-nelson-cury-filho-lanca-podcast-sobre-sucessao-e-gestao-de-empresas-familiares\/\"},\"author\":{\"name\":\"Reda\u00e7\u00e3o\",\"@id\":\"https:\/\/www.osantarritense.com.br\/jornal\/#\/schema\/person\/e126b4df363ecdbcf21dc50a978dd9b8\"},\"headline\":\"Empres\u00e1rio Nelson Cury Filho lan\u00e7a podcast sobre sucess\u00e3o e gest\u00e3o de empresas familiares\",\"datePublished\":\"2026-03-09T17:16:18+00:00\",\"dateModified\":\"2026-03-09T18:51:37+00:00\",\"mainEntityOfPage\":{\"@id\":\"https:\/\/www.osantarritense.com.br\/jornal\/empresario-nelson-cury-filho-lanca-podcast-sobre-sucessao-e-gestao-de-empresas-familiares\/\"},\"wordCount\":597,\"publisher\":{\"@id\":\"https:\/\/www.osantarritense.com.br\/jornal\/#\/schema\/person\/e126b4df363ecdbcf21dc50a978dd9b8\"},\"image\":{\"@id\":\"https:\/\/www.osantarritense.com.br\/jornal\/empresario-nelson-cury-filho-lanca-podcast-sobre-sucessao-e-gestao-de-empresas-familiares\/#primaryimage\"},\"thumbnailUrl\":\"https:\/\/www.osantarritense.com.br\/jornal\/wp-content\/uploads\/2026\/03\/IMG_0778.jpg.jpeg\",\"articleSection\":[\"Cotidiano\"],\"inLanguage\":\"pt-BR\"},{\"@type\":\"WebPage\",\"@id\":\"https:\/\/www.osantarritense.com.br\/jornal\/empresario-nelson-cury-filho-lanca-podcast-sobre-sucessao-e-gestao-de-empresas-familiares\/\",\"url\":\"https:\/\/www.osantarritense.com.br\/jornal\/empresario-nelson-cury-filho-lanca-podcast-sobre-sucessao-e-gestao-de-empresas-familiares\/\",\"name\":\"Empres\u00e1rio Nelson Cury Filho lan\u00e7a podcast sobre sucess\u00e3o e gest\u00e3o de empresas familiares - O Santarritense\",\"isPartOf\":{\"@id\":\"https:\/\/www.osantarritense.com.br\/jornal\/#website\"},\"primaryImageOfPage\":{\"@id\":\"https:\/\/www.osantarritense.com.br\/jornal\/empresario-nelson-cury-filho-lanca-podcast-sobre-sucessao-e-gestao-de-empresas-familiares\/#primaryimage\"},\"image\":{\"@id\":\"https:\/\/www.osantarritense.com.br\/jornal\/empresario-nelson-cury-filho-lanca-podcast-sobre-sucessao-e-gestao-de-empresas-familiares\/#primaryimage\"},\"thumbnailUrl\":\"https:\/\/www.osantarritense.com.br\/jornal\/wp-content\/uploads\/2026\/03\/IMG_0778.jpg.jpeg\",\"datePublished\":\"2026-03-09T17:16:18+00:00\",\"dateModified\":\"2026-03-09T18:51:37+00:00\",\"breadcrumb\":{\"@id\":\"https:\/\/www.osantarritense.com.br\/jornal\/empresario-nelson-cury-filho-lanca-podcast-sobre-sucessao-e-gestao-de-empresas-familiares\/#breadcrumb\"},\"inLanguage\":\"pt-BR\",\"potentialAction\":[{\"@type\":\"ReadAction\",\"target\":[\"https:\/\/www.osantarritense.com.br\/jornal\/empresario-nelson-cury-filho-lanca-podcast-sobre-sucessao-e-gestao-de-empresas-familiares\/\"]}]},{\"@type\":\"ImageObject\",\"inLanguage\":\"pt-BR\",\"@id\":\"https:\/\/www.osantarritense.com.br\/jornal\/empresario-nelson-cury-filho-lanca-podcast-sobre-sucessao-e-gestao-de-empresas-familiares\/#primaryimage\",\"url\":\"https:\/\/www.osantarritense.com.br\/jornal\/wp-content\/uploads\/2026\/03\/IMG_0778.jpg.jpeg\",\"contentUrl\":\"https:\/\/www.osantarritense.com.br\/jornal\/wp-content\/uploads\/2026\/03\/IMG_0778.jpg.jpeg\",\"width\":900,\"height\":561},{\"@type\":\"BreadcrumbList\",\"@id\":\"https:\/\/www.osantarritense.com.br\/jornal\/empresario-nelson-cury-filho-lanca-podcast-sobre-sucessao-e-gestao-de-empresas-familiares\/#breadcrumb\",\"itemListElement\":[{\"@type\":\"ListItem\",\"position\":1,\"name\":\"In\u00edcio\",\"item\":\"https:\/\/www.osantarritense.com.br\/jornal\/\"},{\"@type\":\"ListItem\",\"position\":2,\"name\":\"Empres\u00e1rio Nelson Cury Filho lan\u00e7a podcast sobre sucess\u00e3o e gest\u00e3o de empresas familiares\"}]},{\"@type\":\"WebSite\",\"@id\":\"https:\/\/www.osantarritense.com.br\/jornal\/#website\",\"url\":\"https:\/\/www.osantarritense.com.br\/jornal\/\",\"name\":\"O Santarritense\",\"description\":\"Jornal\",\"publisher\":{\"@id\":\"https:\/\/www.osantarritense.com.br\/jornal\/#\/schema\/person\/e126b4df363ecdbcf21dc50a978dd9b8\"},\"potentialAction\":[{\"@type\":\"SearchAction\",\"target\":{\"@type\":\"EntryPoint\",\"urlTemplate\":\"https:\/\/www.osantarritense.com.br\/jornal\/?s={search_term_string}\"},\"query-input\":{\"@type\":\"PropertyValueSpecification\",\"valueRequired\":true,\"valueName\":\"search_term_string\"}}],\"inLanguage\":\"pt-BR\"},{\"@type\":[\"Person\",\"Organization\"],\"@id\":\"https:\/\/www.osantarritense.com.br\/jornal\/#\/schema\/person\/e126b4df363ecdbcf21dc50a978dd9b8\",\"name\":\"Reda\u00e7\u00e3o\",\"image\":{\"@type\":\"ImageObject\",\"inLanguage\":\"pt-BR\",\"@id\":\"https:\/\/www.osantarritense.com.br\/jornal\/#\/schema\/person\/image\/\",\"url\":\"https:\/\/www.osantarritense.com.br\/jornal\/wp-content\/uploads\/2026\/02\/cropped-logosantarritense.jpg\",\"contentUrl\":\"https:\/\/www.osantarritense.com.br\/jornal\/wp-content\/uploads\/2026\/02\/cropped-logosantarritense.jpg\",\"width\":1221,\"height\":251,\"caption\":\"Reda\u00e7\u00e3o\"},\"logo\":{\"@id\":\"https:\/\/www.osantarritense.com.br\/jornal\/#\/schema\/person\/image\/\"},\"sameAs\":[\"https:\/\/www.osantarritense.com.br\/jornal\"],\"url\":\"https:\/\/www.osantarritense.com.br\/jornal\/author\/admin\/\"}]}<\/script>\n<!-- \/ Yoast SEO plugin. -->","yoast_head_json":{"title":"Empres\u00e1rio Nelson Cury Filho lan\u00e7a podcast sobre sucess\u00e3o e gest\u00e3o de empresas familiares - O Santarritense","robots":{"index":"index","follow":"follow","max-snippet":"max-snippet:-1","max-image-preview":"max-image-preview:large","max-video-preview":"max-video-preview:-1"},"canonical":"https:\/\/www.osantarritense.com.br\/jornal\/empresario-nelson-cury-filho-lanca-podcast-sobre-sucessao-e-gestao-de-empresas-familiares\/","og_locale":"pt_BR","og_type":"article","og_title":"Empres\u00e1rio Nelson Cury Filho lan\u00e7a podcast sobre sucess\u00e3o e gest\u00e3o de empresas familiares - O Santarritense","og_description":"O empres\u00e1rio\u00a0Nelson Cury Filho\u00a0lan\u00e7ou o\u00a0Family Business Voice, podcast dedicado a discutir os desafios, aprendizados e decis\u00f5es que fazem parte da&hellip;","og_url":"https:\/\/www.osantarritense.com.br\/jornal\/empresario-nelson-cury-filho-lanca-podcast-sobre-sucessao-e-gestao-de-empresas-familiares\/","og_site_name":"O Santarritense","article_published_time":"2026-03-09T17:16:18+00:00","article_modified_time":"2026-03-09T18:51:37+00:00","og_image":[{"width":900,"height":561,"url":"https:\/\/www.osantarritense.com.br\/jornal\/wp-content\/uploads\/2026\/03\/IMG_0778.jpg.jpeg","type":"image\/jpeg"}],"author":"Reda\u00e7\u00e3o","twitter_card":"summary_large_image","twitter_misc":{"Escrito por":"Reda\u00e7\u00e3o","Est. tempo de leitura":"5 minutos"},"schema":{"@context":"https:\/\/schema.org","@graph":[{"@type":"Article","@id":"https:\/\/www.osantarritense.com.br\/jornal\/empresario-nelson-cury-filho-lanca-podcast-sobre-sucessao-e-gestao-de-empresas-familiares\/#article","isPartOf":{"@id":"https:\/\/www.osantarritense.com.br\/jornal\/empresario-nelson-cury-filho-lanca-podcast-sobre-sucessao-e-gestao-de-empresas-familiares\/"},"author":{"name":"Reda\u00e7\u00e3o","@id":"https:\/\/www.osantarritense.com.br\/jornal\/#\/schema\/person\/e126b4df363ecdbcf21dc50a978dd9b8"},"headline":"Empres\u00e1rio Nelson Cury Filho lan\u00e7a podcast sobre sucess\u00e3o e gest\u00e3o de empresas familiares","datePublished":"2026-03-09T17:16:18+00:00","dateModified":"2026-03-09T18:51:37+00:00","mainEntityOfPage":{"@id":"https:\/\/www.osantarritense.com.br\/jornal\/empresario-nelson-cury-filho-lanca-podcast-sobre-sucessao-e-gestao-de-empresas-familiares\/"},"wordCount":597,"publisher":{"@id":"https:\/\/www.osantarritense.com.br\/jornal\/#\/schema\/person\/e126b4df363ecdbcf21dc50a978dd9b8"},"image":{"@id":"https:\/\/www.osantarritense.com.br\/jornal\/empresario-nelson-cury-filho-lanca-podcast-sobre-sucessao-e-gestao-de-empresas-familiares\/#primaryimage"},"thumbnailUrl":"https:\/\/www.osantarritense.com.br\/jornal\/wp-content\/uploads\/2026\/03\/IMG_0778.jpg.jpeg","articleSection":["Cotidiano"],"inLanguage":"pt-BR"},{"@type":"WebPage","@id":"https:\/\/www.osantarritense.com.br\/jornal\/empresario-nelson-cury-filho-lanca-podcast-sobre-sucessao-e-gestao-de-empresas-familiares\/","url":"https:\/\/www.osantarritense.com.br\/jornal\/empresario-nelson-cury-filho-lanca-podcast-sobre-sucessao-e-gestao-de-empresas-familiares\/","name":"Empres\u00e1rio Nelson Cury Filho lan\u00e7a podcast sobre sucess\u00e3o e gest\u00e3o de empresas familiares - O Santarritense","isPartOf":{"@id":"https:\/\/www.osantarritense.com.br\/jornal\/#website"},"primaryImageOfPage":{"@id":"https:\/\/www.osantarritense.com.br\/jornal\/empresario-nelson-cury-filho-lanca-podcast-sobre-sucessao-e-gestao-de-empresas-familiares\/#primaryimage"},"image":{"@id":"https:\/\/www.osantarritense.com.br\/jornal\/empresario-nelson-cury-filho-lanca-podcast-sobre-sucessao-e-gestao-de-empresas-familiares\/#primaryimage"},"thumbnailUrl":"https:\/\/www.osantarritense.com.br\/jornal\/wp-content\/uploads\/2026\/03\/IMG_0778.jpg.jpeg","datePublished":"2026-03-09T17:16:18+00:00","dateModified":"2026-03-09T18:51:37+00:00","breadcrumb":{"@id":"https:\/\/www.osantarritense.com.br\/jornal\/empresario-nelson-cury-filho-lanca-podcast-sobre-sucessao-e-gestao-de-empresas-familiares\/#breadcrumb"},"inLanguage":"pt-BR","potentialAction":[{"@type":"ReadAction","target":["https:\/\/www.osantarritense.com.br\/jornal\/empresario-nelson-cury-filho-lanca-podcast-sobre-sucessao-e-gestao-de-empresas-familiares\/"]}]},{"@type":"ImageObject","inLanguage":"pt-BR","@id":"https:\/\/www.osantarritense.com.br\/jornal\/empresario-nelson-cury-filho-lanca-podcast-sobre-sucessao-e-gestao-de-empresas-familiares\/#primaryimage","url":"https:\/\/www.osantarritense.com.br\/jornal\/wp-content\/uploads\/2026\/03\/IMG_0778.jpg.jpeg","contentUrl":"https:\/\/www.osantarritense.com.br\/jornal\/wp-content\/uploads\/2026\/03\/IMG_0778.jpg.jpeg","width":900,"height":561},{"@type":"BreadcrumbList","@id":"https:\/\/www.osantarritense.com.br\/jornal\/empresario-nelson-cury-filho-lanca-podcast-sobre-sucessao-e-gestao-de-empresas-familiares\/#breadcrumb","itemListElement":[{"@type":"ListItem","position":1,"name":"In\u00edcio","item":"https:\/\/www.osantarritense.com.br\/jornal\/"},{"@type":"ListItem","position":2,"name":"Empres\u00e1rio Nelson Cury Filho lan\u00e7a podcast sobre sucess\u00e3o e gest\u00e3o de empresas familiares"}]},{"@type":"WebSite","@id":"https:\/\/www.osantarritense.com.br\/jornal\/#website","url":"https:\/\/www.osantarritense.com.br\/jornal\/","name":"O Santarritense","description":"Jornal","publisher":{"@id":"https:\/\/www.osantarritense.com.br\/jornal\/#\/schema\/person\/e126b4df363ecdbcf21dc50a978dd9b8"},"potentialAction":[{"@type":"SearchAction","target":{"@type":"EntryPoint","urlTemplate":"https:\/\/www.osantarritense.com.br\/jornal\/?s={search_term_string}"},"query-input":{"@type":"PropertyValueSpecification","valueRequired":true,"valueName":"search_term_string"}}],"inLanguage":"pt-BR"},{"@type":["Person","Organization"],"@id":"https:\/\/www.osantarritense.com.br\/jornal\/#\/schema\/person\/e126b4df363ecdbcf21dc50a978dd9b8","name":"Reda\u00e7\u00e3o","image":{"@type":"ImageObject","inLanguage":"pt-BR","@id":"https:\/\/www.osantarritense.com.br\/jornal\/#\/schema\/person\/image\/","url":"https:\/\/www.osantarritense.com.br\/jornal\/wp-content\/uploads\/2026\/02\/cropped-logosantarritense.jpg","contentUrl":"https:\/\/www.osantarritense.com.br\/jornal\/wp-content\/uploads\/2026\/02\/cropped-logosantarritense.jpg","width":1221,"height":251,"caption":"Reda\u00e7\u00e3o"},"logo":{"@id":"https:\/\/www.osantarritense.com.br\/jornal\/#\/schema\/person\/image\/"},"sameAs":["https:\/\/www.osantarritense.com.br\/jornal"],"url":"https:\/\/www.osantarritense.com.br\/jornal\/author\/admin\/"}]}},"_links":{"self":[{"href":"https:\/\/www.osantarritense.com.br\/jornal\/wp-json\/wp\/v2\/posts\/558","targetHints":{"allow":["GET"]}}],"collection":[{"href":"https:\/\/www.osantarritense.com.br\/jornal\/wp-json\/wp\/v2\/posts"}],"about":[{"href":"https:\/\/www.osantarritense.com.br\/jornal\/wp-json\/wp\/v2\/types\/post"}],"author":[{"embeddable":true,"href":"https:\/\/www.osantarritense.com.br\/jornal\/wp-json\/wp\/v2\/users\/1"}],"replies":[{"embeddable":true,"href":"https:\/\/www.osantarritense.com.br\/jornal\/wp-json\/wp\/v2\/comments?post=558"}],"version-history":[{"count":9,"href":"https:\/\/www.osantarritense.com.br\/jornal\/wp-json\/wp\/v2\/posts\/558\/revisions"}],"predecessor-version":[{"id":571,"href":"https:\/\/www.osantarritense.com.br\/jornal\/wp-json\/wp\/v2\/posts\/558\/revisions\/571"}],"wp:featuredmedia":[{"embeddable":true,"href":"https:\/\/www.osantarritense.com.br\/jornal\/wp-json\/wp\/v2\/media\/564"}],"wp:attachment":[{"href":"https:\/\/www.osantarritense.com.br\/jornal\/wp-json\/wp\/v2\/media?parent=558"}],"wp:term":[{"taxonomy":"category","embeddable":true,"href":"https:\/\/www.osantarritense.com.br\/jornal\/wp-json\/wp\/v2\/categories?post=558"},{"taxonomy":"post_tag","embeddable":true,"href":"https:\/\/www.osantarritense.com.br\/jornal\/wp-json\/wp\/v2\/tags?post=558"}],"curies":[{"name":"wp","href":"https:\/\/api.w.org\/{rel}","templated":true}]}}