{"id":554,"date":"2026-03-09T14:52:48","date_gmt":"2026-03-09T14:52:48","guid":{"rendered":"https:\/\/www.osantarritense.com.br\/jornal\/?p=554"},"modified":"2026-03-09T14:52:48","modified_gmt":"2026-03-09T14:52:48","slug":"policia-militar-promove-palestra-sobre-lei-maria-da-penha-e-aplicativo-sos-mulher-em-santa-rita","status":"publish","type":"post","link":"https:\/\/www.osantarritense.com.br\/jornal\/policia-militar-promove-palestra-sobre-lei-maria-da-penha-e-aplicativo-sos-mulher-em-santa-rita\/","title":{"rendered":"Pol\u00edcia Militar promove palestra sobre Lei Maria da Penha e aplicativo SOS Mulher em Santa Rita"},"content":{"rendered":"<p data-start=\"236\" data-end=\"494\"><span style=\"font-family: tahoma, arial, helvetica, sans-serif;\">A Pol\u00edcia Militar do 2\u00b0 Pelot\u00e3o da 3\u00b0 Cia do 38\u00b0 BPM\/I realizou nesta semana uma palestra com representantes do Departamento Municipal de Educa\u00e7\u00e3o de Santa Rita do Passa Quatro, com foco na <strong data-start=\"426\" data-end=\"491\">preven\u00e7\u00e3o e conscientiza\u00e7\u00e3o sobre a viol\u00eancia contra a mulher<\/strong>.<\/span><\/p>\n<p data-start=\"496\" data-end=\"672\"><span style=\"font-family: tahoma, arial, helvetica, sans-serif;\">O encontro abordou a <strong data-start=\"517\" data-end=\"539\">Lei Maria da Penha<\/strong> e o funcionamento do <strong data-start=\"561\" data-end=\"586\">aplicativo SOS Mulher<\/strong>, ferramenta que auxilia mulheres com medidas protetivas em situa\u00e7\u00f5es de emerg\u00eancia.<\/span><\/p>\n<p data-start=\"496\" data-end=\"672\"><span style=\"font-family: tahoma, arial, helvetica, sans-serif;\">\ud83d\udcf1 <em>Siga o O Santarritense no <a href=\"https:\/\/www.instagram.com\/osantarritense\/\">Instagram\u00a0<\/a><\/em><\/span><\/p>\n<p data-start=\"674\" data-end=\"904\"><span style=\"font-family: tahoma, arial, helvetica, sans-serif;\">A palestra foi conduzida pelo 1\u00ba Sargento PM Cardim e pela Soldado PM Ana J\u00falia (Proerd), que enfatizaram a <strong data-start=\"782\" data-end=\"860\">import\u00e2ncia da informa\u00e7\u00e3o, da preven\u00e7\u00e3o e da integra\u00e7\u00e3o entre institui\u00e7\u00f5es<\/strong> para garantir maior prote\u00e7\u00e3o \u00e0s mulheres.<\/span><\/p>\n<p data-start=\"906\" data-end=\"1313\"><span style=\"font-family: tahoma, arial, helvetica, sans-serif;\"><strong>Participaram representantes do Departamento Municipal de Educa\u00e7\u00e3o, entre eles:<\/strong> Luciana Terassi Froner (diretora), Angela Maria Oliveira Pereira (gestora da Rede Municipal), T\u00e2nia Aparecida de Paula Linares (supervisora da Educa\u00e7\u00e3o Infantil), Sharon Fadel Fragoso (supervisora do Ensino Fundamental), Olga Providelo (gestora da Creche Assumpta) e Patr\u00edcia Alves dos Santos Barbuio (oficial administrativa).<\/span><\/p>\n<p data-start=\"1315\" data-end=\"1484\"><span style=\"font-family: tahoma, arial, helvetica, sans-serif;\">A iniciativa refor\u00e7a a <strong data-start=\"1338\" data-end=\"1387\">parceria entre a Pol\u00edcia Militar e a educa\u00e7\u00e3o<\/strong> no munic\u00edpio, ampliando a rede de apoio e fortalecendo a\u00e7\u00f5es de combate \u00e0 viol\u00eancia dom\u00e9stica.<\/span><\/p>\n<p data-start=\"778\" data-end=\"1029\" data-is-last-node=\"\" data-is-only-node=\"\"><span style=\"font-family: tahoma, arial, helvetica, sans-serif;\">\u270d\ufe0f <em data-start=\"1160\" data-end=\"1198\" data-is-last-node=\"\">Da reda\u00e7\u00e3o: <a href=\"https:\/\/www.facebook.com\/jornalistatonioliveiraon\/\"><strong>Jornalista Toni Oliveira<\/strong><\/a><\/em><\/span><\/p>\n<p><span style=\"font-family: tahoma, arial, helvetica, sans-serif;\"><em>( Fica proibida a reprodu\u00e7\u00e3o total ou parcial, c\u00f3pia ou distribui\u00e7\u00e3o do conte\u00fado, sem autoriza\u00e7\u00e3o expressa por parte do <strong>jornal O Santarritense<\/strong>)<\/em><\/span><\/p>\n","protected":false},"excerpt":{"rendered":"<p>A Pol\u00edcia Militar do 2\u00b0 Pelot\u00e3o da 3\u00b0 Cia do 38\u00b0 BPM\/I realizou nesta semana uma palestra com representantes do&hellip;<\/p>\n","protected":false},"author":1,"featured_media":555,"comment_status":"closed","ping_status":"closed","sticky":false,"template":"","format":"standard","meta":{"footnotes":""},"categories":[3],"tags":[],"class_list":["post-554","post","type-post","status-publish","format-standard","has-post-thumbnail","hentry","category-cidade"],"yoast_head":"<!-- This site is optimized with the Yoast SEO plugin v26.8 - https:\/\/yoast.com\/product\/yoast-seo-wordpress\/ -->\n<title>Pol\u00edcia Militar promove palestra sobre Lei Maria da Penha e aplicativo SOS Mulher em Santa Rita - O Santarritense<\/title>\n<meta name=\"robots\" content=\"index, follow, max-snippet:-1, max-image-preview:large, max-video-preview:-1\" \/>\n<link rel=\"canonical\" href=\"https:\/\/www.osantarritense.com.br\/jornal\/policia-militar-promove-palestra-sobre-lei-maria-da-penha-e-aplicativo-sos-mulher-em-santa-rita\/\" \/>\n<meta property=\"og:locale\" content=\"pt_BR\" \/>\n<meta property=\"og:type\" content=\"article\" \/>\n<meta property=\"og:title\" content=\"Pol\u00edcia Militar promove palestra sobre Lei Maria da Penha e aplicativo SOS Mulher em Santa Rita - O Santarritense\" \/>\n<meta property=\"og:description\" content=\"A Pol\u00edcia Militar do 2\u00b0 Pelot\u00e3o da 3\u00b0 Cia do 38\u00b0 BPM\/I realizou nesta semana uma palestra com representantes do&hellip;\" \/>\n<meta property=\"og:url\" content=\"https:\/\/www.osantarritense.com.br\/jornal\/policia-militar-promove-palestra-sobre-lei-maria-da-penha-e-aplicativo-sos-mulher-em-santa-rita\/\" \/>\n<meta property=\"og:site_name\" content=\"O Santarritense\" \/>\n<meta property=\"article:published_time\" content=\"2026-03-09T14:52:48+00:00\" \/>\n<meta property=\"og:image\" content=\"https:\/\/www.osantarritense.com.br\/jornal\/wp-content\/uploads\/2026\/03\/2a8f289c-b5d5-4f91-afbc-db3a97be98f3.jpg\" \/>\n\t<meta property=\"og:image:width\" content=\"1270\" \/>\n\t<meta property=\"og:image:height\" content=\"576\" \/>\n\t<meta property=\"og:image:type\" content=\"image\/jpeg\" \/>\n<meta name=\"author\" content=\"Reda\u00e7\u00e3o\" \/>\n<meta name=\"twitter:card\" content=\"summary_large_image\" \/>\n<meta name=\"twitter:label1\" content=\"Escrito por\" \/>\n\t<meta name=\"twitter:data1\" content=\"Reda\u00e7\u00e3o\" \/>\n\t<meta name=\"twitter:label2\" content=\"Est. tempo de leitura\" \/>\n\t<meta name=\"twitter:data2\" content=\"2 minutos\" \/>\n<script type=\"application\/ld+json\" class=\"yoast-schema-graph\">{\"@context\":\"https:\/\/schema.org\",\"@graph\":[{\"@type\":\"Article\",\"@id\":\"https:\/\/www.osantarritense.com.br\/jornal\/policia-militar-promove-palestra-sobre-lei-maria-da-penha-e-aplicativo-sos-mulher-em-santa-rita\/#article\",\"isPartOf\":{\"@id\":\"https:\/\/www.osantarritense.com.br\/jornal\/policia-militar-promove-palestra-sobre-lei-maria-da-penha-e-aplicativo-sos-mulher-em-santa-rita\/\"},\"author\":{\"name\":\"Reda\u00e7\u00e3o\",\"@id\":\"https:\/\/www.osantarritense.com.br\/jornal\/#\/schema\/person\/e126b4df363ecdbcf21dc50a978dd9b8\"},\"headline\":\"Pol\u00edcia Militar promove palestra sobre Lei Maria da Penha e aplicativo SOS Mulher em Santa Rita\",\"datePublished\":\"2026-03-09T14:52:48+00:00\",\"mainEntityOfPage\":{\"@id\":\"https:\/\/www.osantarritense.com.br\/jornal\/policia-militar-promove-palestra-sobre-lei-maria-da-penha-e-aplicativo-sos-mulher-em-santa-rita\/\"},\"wordCount\":258,\"publisher\":{\"@id\":\"https:\/\/www.osantarritense.com.br\/jornal\/#\/schema\/person\/e126b4df363ecdbcf21dc50a978dd9b8\"},\"image\":{\"@id\":\"https:\/\/www.osantarritense.com.br\/jornal\/policia-militar-promove-palestra-sobre-lei-maria-da-penha-e-aplicativo-sos-mulher-em-santa-rita\/#primaryimage\"},\"thumbnailUrl\":\"https:\/\/www.osantarritense.com.br\/jornal\/wp-content\/uploads\/2026\/03\/2a8f289c-b5d5-4f91-afbc-db3a97be98f3.jpg\",\"articleSection\":[\"Cidade\"],\"inLanguage\":\"pt-BR\"},{\"@type\":\"WebPage\",\"@id\":\"https:\/\/www.osantarritense.com.br\/jornal\/policia-militar-promove-palestra-sobre-lei-maria-da-penha-e-aplicativo-sos-mulher-em-santa-rita\/\",\"url\":\"https:\/\/www.osantarritense.com.br\/jornal\/policia-militar-promove-palestra-sobre-lei-maria-da-penha-e-aplicativo-sos-mulher-em-santa-rita\/\",\"name\":\"Pol\u00edcia Militar promove palestra sobre Lei Maria da Penha e aplicativo SOS Mulher em Santa Rita - O Santarritense\",\"isPartOf\":{\"@id\":\"https:\/\/www.osantarritense.com.br\/jornal\/#website\"},\"primaryImageOfPage\":{\"@id\":\"https:\/\/www.osantarritense.com.br\/jornal\/policia-militar-promove-palestra-sobre-lei-maria-da-penha-e-aplicativo-sos-mulher-em-santa-rita\/#primaryimage\"},\"image\":{\"@id\":\"https:\/\/www.osantarritense.com.br\/jornal\/policia-militar-promove-palestra-sobre-lei-maria-da-penha-e-aplicativo-sos-mulher-em-santa-rita\/#primaryimage\"},\"thumbnailUrl\":\"https:\/\/www.osantarritense.com.br\/jornal\/wp-content\/uploads\/2026\/03\/2a8f289c-b5d5-4f91-afbc-db3a97be98f3.jpg\",\"datePublished\":\"2026-03-09T14:52:48+00:00\",\"breadcrumb\":{\"@id\":\"https:\/\/www.osantarritense.com.br\/jornal\/policia-militar-promove-palestra-sobre-lei-maria-da-penha-e-aplicativo-sos-mulher-em-santa-rita\/#breadcrumb\"},\"inLanguage\":\"pt-BR\",\"potentialAction\":[{\"@type\":\"ReadAction\",\"target\":[\"https:\/\/www.osantarritense.com.br\/jornal\/policia-militar-promove-palestra-sobre-lei-maria-da-penha-e-aplicativo-sos-mulher-em-santa-rita\/\"]}]},{\"@type\":\"ImageObject\",\"inLanguage\":\"pt-BR\",\"@id\":\"https:\/\/www.osantarritense.com.br\/jornal\/policia-militar-promove-palestra-sobre-lei-maria-da-penha-e-aplicativo-sos-mulher-em-santa-rita\/#primaryimage\",\"url\":\"https:\/\/www.osantarritense.com.br\/jornal\/wp-content\/uploads\/2026\/03\/2a8f289c-b5d5-4f91-afbc-db3a97be98f3.jpg\",\"contentUrl\":\"https:\/\/www.osantarritense.com.br\/jornal\/wp-content\/uploads\/2026\/03\/2a8f289c-b5d5-4f91-afbc-db3a97be98f3.jpg\",\"width\":1270,\"height\":576},{\"@type\":\"BreadcrumbList\",\"@id\":\"https:\/\/www.osantarritense.com.br\/jornal\/policia-militar-promove-palestra-sobre-lei-maria-da-penha-e-aplicativo-sos-mulher-em-santa-rita\/#breadcrumb\",\"itemListElement\":[{\"@type\":\"ListItem\",\"position\":1,\"name\":\"In\u00edcio\",\"item\":\"https:\/\/www.osantarritense.com.br\/jornal\/\"},{\"@type\":\"ListItem\",\"position\":2,\"name\":\"Pol\u00edcia Militar promove palestra sobre Lei Maria da Penha e aplicativo SOS Mulher em Santa Rita\"}]},{\"@type\":\"WebSite\",\"@id\":\"https:\/\/www.osantarritense.com.br\/jornal\/#website\",\"url\":\"https:\/\/www.osantarritense.com.br\/jornal\/\",\"name\":\"O Santarritense\",\"description\":\"Jornal\",\"publisher\":{\"@id\":\"https:\/\/www.osantarritense.com.br\/jornal\/#\/schema\/person\/e126b4df363ecdbcf21dc50a978dd9b8\"},\"potentialAction\":[{\"@type\":\"SearchAction\",\"target\":{\"@type\":\"EntryPoint\",\"urlTemplate\":\"https:\/\/www.osantarritense.com.br\/jornal\/?s={search_term_string}\"},\"query-input\":{\"@type\":\"PropertyValueSpecification\",\"valueRequired\":true,\"valueName\":\"search_term_string\"}}],\"inLanguage\":\"pt-BR\"},{\"@type\":[\"Person\",\"Organization\"],\"@id\":\"https:\/\/www.osantarritense.com.br\/jornal\/#\/schema\/person\/e126b4df363ecdbcf21dc50a978dd9b8\",\"name\":\"Reda\u00e7\u00e3o\",\"image\":{\"@type\":\"ImageObject\",\"inLanguage\":\"pt-BR\",\"@id\":\"https:\/\/www.osantarritense.com.br\/jornal\/#\/schema\/person\/image\/\",\"url\":\"https:\/\/www.osantarritense.com.br\/jornal\/wp-content\/uploads\/2026\/02\/cropped-logosantarritense.jpg\",\"contentUrl\":\"https:\/\/www.osantarritense.com.br\/jornal\/wp-content\/uploads\/2026\/02\/cropped-logosantarritense.jpg\",\"width\":1221,\"height\":251,\"caption\":\"Reda\u00e7\u00e3o\"},\"logo\":{\"@id\":\"https:\/\/www.osantarritense.com.br\/jornal\/#\/schema\/person\/image\/\"},\"sameAs\":[\"https:\/\/www.osantarritense.com.br\/jornal\"],\"url\":\"https:\/\/www.osantarritense.com.br\/jornal\/author\/admin\/\"}]}<\/script>\n<!-- \/ Yoast SEO plugin. -->","yoast_head_json":{"title":"Pol\u00edcia Militar promove palestra sobre Lei Maria da Penha e aplicativo SOS Mulher em Santa Rita - O Santarritense","robots":{"index":"index","follow":"follow","max-snippet":"max-snippet:-1","max-image-preview":"max-image-preview:large","max-video-preview":"max-video-preview:-1"},"canonical":"https:\/\/www.osantarritense.com.br\/jornal\/policia-militar-promove-palestra-sobre-lei-maria-da-penha-e-aplicativo-sos-mulher-em-santa-rita\/","og_locale":"pt_BR","og_type":"article","og_title":"Pol\u00edcia Militar promove palestra sobre Lei Maria da Penha e aplicativo SOS Mulher em Santa Rita - O Santarritense","og_description":"A Pol\u00edcia Militar do 2\u00b0 Pelot\u00e3o da 3\u00b0 Cia do 38\u00b0 BPM\/I realizou nesta semana uma palestra com representantes do&hellip;","og_url":"https:\/\/www.osantarritense.com.br\/jornal\/policia-militar-promove-palestra-sobre-lei-maria-da-penha-e-aplicativo-sos-mulher-em-santa-rita\/","og_site_name":"O Santarritense","article_published_time":"2026-03-09T14:52:48+00:00","og_image":[{"width":1270,"height":576,"url":"https:\/\/www.osantarritense.com.br\/jornal\/wp-content\/uploads\/2026\/03\/2a8f289c-b5d5-4f91-afbc-db3a97be98f3.jpg","type":"image\/jpeg"}],"author":"Reda\u00e7\u00e3o","twitter_card":"summary_large_image","twitter_misc":{"Escrito por":"Reda\u00e7\u00e3o","Est. tempo de leitura":"2 minutos"},"schema":{"@context":"https:\/\/schema.org","@graph":[{"@type":"Article","@id":"https:\/\/www.osantarritense.com.br\/jornal\/policia-militar-promove-palestra-sobre-lei-maria-da-penha-e-aplicativo-sos-mulher-em-santa-rita\/#article","isPartOf":{"@id":"https:\/\/www.osantarritense.com.br\/jornal\/policia-militar-promove-palestra-sobre-lei-maria-da-penha-e-aplicativo-sos-mulher-em-santa-rita\/"},"author":{"name":"Reda\u00e7\u00e3o","@id":"https:\/\/www.osantarritense.com.br\/jornal\/#\/schema\/person\/e126b4df363ecdbcf21dc50a978dd9b8"},"headline":"Pol\u00edcia Militar promove palestra sobre Lei Maria da Penha e aplicativo SOS Mulher em Santa Rita","datePublished":"2026-03-09T14:52:48+00:00","mainEntityOfPage":{"@id":"https:\/\/www.osantarritense.com.br\/jornal\/policia-militar-promove-palestra-sobre-lei-maria-da-penha-e-aplicativo-sos-mulher-em-santa-rita\/"},"wordCount":258,"publisher":{"@id":"https:\/\/www.osantarritense.com.br\/jornal\/#\/schema\/person\/e126b4df363ecdbcf21dc50a978dd9b8"},"image":{"@id":"https:\/\/www.osantarritense.com.br\/jornal\/policia-militar-promove-palestra-sobre-lei-maria-da-penha-e-aplicativo-sos-mulher-em-santa-rita\/#primaryimage"},"thumbnailUrl":"https:\/\/www.osantarritense.com.br\/jornal\/wp-content\/uploads\/2026\/03\/2a8f289c-b5d5-4f91-afbc-db3a97be98f3.jpg","articleSection":["Cidade"],"inLanguage":"pt-BR"},{"@type":"WebPage","@id":"https:\/\/www.osantarritense.com.br\/jornal\/policia-militar-promove-palestra-sobre-lei-maria-da-penha-e-aplicativo-sos-mulher-em-santa-rita\/","url":"https:\/\/www.osantarritense.com.br\/jornal\/policia-militar-promove-palestra-sobre-lei-maria-da-penha-e-aplicativo-sos-mulher-em-santa-rita\/","name":"Pol\u00edcia Militar promove palestra sobre Lei Maria da Penha e aplicativo SOS Mulher em Santa Rita - O Santarritense","isPartOf":{"@id":"https:\/\/www.osantarritense.com.br\/jornal\/#website"},"primaryImageOfPage":{"@id":"https:\/\/www.osantarritense.com.br\/jornal\/policia-militar-promove-palestra-sobre-lei-maria-da-penha-e-aplicativo-sos-mulher-em-santa-rita\/#primaryimage"},"image":{"@id":"https:\/\/www.osantarritense.com.br\/jornal\/policia-militar-promove-palestra-sobre-lei-maria-da-penha-e-aplicativo-sos-mulher-em-santa-rita\/#primaryimage"},"thumbnailUrl":"https:\/\/www.osantarritense.com.br\/jornal\/wp-content\/uploads\/2026\/03\/2a8f289c-b5d5-4f91-afbc-db3a97be98f3.jpg","datePublished":"2026-03-09T14:52:48+00:00","breadcrumb":{"@id":"https:\/\/www.osantarritense.com.br\/jornal\/policia-militar-promove-palestra-sobre-lei-maria-da-penha-e-aplicativo-sos-mulher-em-santa-rita\/#breadcrumb"},"inLanguage":"pt-BR","potentialAction":[{"@type":"ReadAction","target":["https:\/\/www.osantarritense.com.br\/jornal\/policia-militar-promove-palestra-sobre-lei-maria-da-penha-e-aplicativo-sos-mulher-em-santa-rita\/"]}]},{"@type":"ImageObject","inLanguage":"pt-BR","@id":"https:\/\/www.osantarritense.com.br\/jornal\/policia-militar-promove-palestra-sobre-lei-maria-da-penha-e-aplicativo-sos-mulher-em-santa-rita\/#primaryimage","url":"https:\/\/www.osantarritense.com.br\/jornal\/wp-content\/uploads\/2026\/03\/2a8f289c-b5d5-4f91-afbc-db3a97be98f3.jpg","contentUrl":"https:\/\/www.osantarritense.com.br\/jornal\/wp-content\/uploads\/2026\/03\/2a8f289c-b5d5-4f91-afbc-db3a97be98f3.jpg","width":1270,"height":576},{"@type":"BreadcrumbList","@id":"https:\/\/www.osantarritense.com.br\/jornal\/policia-militar-promove-palestra-sobre-lei-maria-da-penha-e-aplicativo-sos-mulher-em-santa-rita\/#breadcrumb","itemListElement":[{"@type":"ListItem","position":1,"name":"In\u00edcio","item":"https:\/\/www.osantarritense.com.br\/jornal\/"},{"@type":"ListItem","position":2,"name":"Pol\u00edcia Militar promove palestra sobre Lei Maria da Penha e aplicativo SOS Mulher em Santa Rita"}]},{"@type":"WebSite","@id":"https:\/\/www.osantarritense.com.br\/jornal\/#website","url":"https:\/\/www.osantarritense.com.br\/jornal\/","name":"O Santarritense","description":"Jornal","publisher":{"@id":"https:\/\/www.osantarritense.com.br\/jornal\/#\/schema\/person\/e126b4df363ecdbcf21dc50a978dd9b8"},"potentialAction":[{"@type":"SearchAction","target":{"@type":"EntryPoint","urlTemplate":"https:\/\/www.osantarritense.com.br\/jornal\/?s={search_term_string}"},"query-input":{"@type":"PropertyValueSpecification","valueRequired":true,"valueName":"search_term_string"}}],"inLanguage":"pt-BR"},{"@type":["Person","Organization"],"@id":"https:\/\/www.osantarritense.com.br\/jornal\/#\/schema\/person\/e126b4df363ecdbcf21dc50a978dd9b8","name":"Reda\u00e7\u00e3o","image":{"@type":"ImageObject","inLanguage":"pt-BR","@id":"https:\/\/www.osantarritense.com.br\/jornal\/#\/schema\/person\/image\/","url":"https:\/\/www.osantarritense.com.br\/jornal\/wp-content\/uploads\/2026\/02\/cropped-logosantarritense.jpg","contentUrl":"https:\/\/www.osantarritense.com.br\/jornal\/wp-content\/uploads\/2026\/02\/cropped-logosantarritense.jpg","width":1221,"height":251,"caption":"Reda\u00e7\u00e3o"},"logo":{"@id":"https:\/\/www.osantarritense.com.br\/jornal\/#\/schema\/person\/image\/"},"sameAs":["https:\/\/www.osantarritense.com.br\/jornal"],"url":"https:\/\/www.osantarritense.com.br\/jornal\/author\/admin\/"}]}},"_links":{"self":[{"href":"https:\/\/www.osantarritense.com.br\/jornal\/wp-json\/wp\/v2\/posts\/554","targetHints":{"allow":["GET"]}}],"collection":[{"href":"https:\/\/www.osantarritense.com.br\/jornal\/wp-json\/wp\/v2\/posts"}],"about":[{"href":"https:\/\/www.osantarritense.com.br\/jornal\/wp-json\/wp\/v2\/types\/post"}],"author":[{"embeddable":true,"href":"https:\/\/www.osantarritense.com.br\/jornal\/wp-json\/wp\/v2\/users\/1"}],"replies":[{"embeddable":true,"href":"https:\/\/www.osantarritense.com.br\/jornal\/wp-json\/wp\/v2\/comments?post=554"}],"version-history":[{"count":1,"href":"https:\/\/www.osantarritense.com.br\/jornal\/wp-json\/wp\/v2\/posts\/554\/revisions"}],"predecessor-version":[{"id":556,"href":"https:\/\/www.osantarritense.com.br\/jornal\/wp-json\/wp\/v2\/posts\/554\/revisions\/556"}],"wp:featuredmedia":[{"embeddable":true,"href":"https:\/\/www.osantarritense.com.br\/jornal\/wp-json\/wp\/v2\/media\/555"}],"wp:attachment":[{"href":"https:\/\/www.osantarritense.com.br\/jornal\/wp-json\/wp\/v2\/media?parent=554"}],"wp:term":[{"taxonomy":"category","embeddable":true,"href":"https:\/\/www.osantarritense.com.br\/jornal\/wp-json\/wp\/v2\/categories?post=554"},{"taxonomy":"post_tag","embeddable":true,"href":"https:\/\/www.osantarritense.com.br\/jornal\/wp-json\/wp\/v2\/tags?post=554"}],"curies":[{"name":"wp","href":"https:\/\/api.w.org\/{rel}","templated":true}]}}