{"id":551,"date":"2026-03-09T10:47:15","date_gmt":"2026-03-09T10:47:15","guid":{"rendered":"https:\/\/www.osantarritense.com.br\/jornal\/?p=551"},"modified":"2026-03-09T10:47:15","modified_gmt":"2026-03-09T10:47:15","slug":"tempo-fica-instavel-e-temperaturas-caem-no-meio-da-semana-em-santa-rita","status":"publish","type":"post","link":"https:\/\/www.osantarritense.com.br\/jornal\/tempo-fica-instavel-e-temperaturas-caem-no-meio-da-semana-em-santa-rita\/","title":{"rendered":"Tempo fica inst\u00e1vel e temperaturas caem no meio da semana em Santa Rita"},"content":{"rendered":"<p data-start=\"103\" data-end=\"272\"><span style=\"font-family: tahoma, arial, helvetica, sans-serif;\">O come\u00e7o da semana ser\u00e1 de tempo inst\u00e1vel em Santa Rita do Passa Quatro e cidades do entorno, com predom\u00ednio de nebulosidade, chuva frequente e temperaturas mais amenas.<\/span><\/p>\n<p data-start=\"274\" data-end=\"501\"><span style=\"font-family: tahoma, arial, helvetica, sans-serif;\">Nesta segunda-feira (9), o dia ser\u00e1 de <strong data-start=\"313\" data-end=\"350\">chuva persistente e c\u00e9u encoberto<\/strong>, com acumulado previsto de 18 mil\u00edmetros. As temperaturas variam entre <strong data-start=\"421\" data-end=\"438\">20 \u00b0C e 27 \u00b0C<\/strong>, mantendo o ar \u00famido e sensa\u00e7\u00e3o de abafamento ao longo do dia.<\/span><\/p>\n<p data-start=\"274\" data-end=\"501\"><span style=\"font-family: tahoma, arial, helvetica, sans-serif;\">\ud83d\udcf1 <em>Siga o O Santarritense no <a href=\"https:\/\/www.instagram.com\/osantarritense\/\">Instagram<\/a><\/em><\/span><\/p>\n<p data-start=\"503\" data-end=\"786\"><span style=\"font-family: tahoma, arial, helvetica, sans-serif;\">Na ter\u00e7a-feira (10), o sol volta a aparecer entre muitas nuvens, mas a melhora \u00e9 tempor\u00e1ria. H\u00e1 previs\u00e3o de <strong data-start=\"611\" data-end=\"650\">pancadas de chuva \u00e0 tarde e \u00e0 noite<\/strong>, com volume estimado em 5,3 mil\u00edmetros. Os term\u00f4metros oscilam entre <strong data-start=\"720\" data-end=\"737\">20 \u00b0C e 28 \u00b0C<\/strong>, com varia\u00e7\u00e3o de nebulosidade e umidade elevada.<\/span><\/p>\n<p data-start=\"788\" data-end=\"1089\"><span style=\"font-family: tahoma, arial, helvetica, sans-serif;\">J\u00e1 na quarta-feira (11), a instabilidade se intensifica. A manh\u00e3 come\u00e7a com c\u00e9u nublado e chuva fraca, mas o tempo evolui para <strong data-start=\"915\" data-end=\"943\">temporal durante a tarde<\/strong>, seguido de noite chuvosa. O acumulado pode chegar a <strong data-start=\"997\" data-end=\"1014\">11 mil\u00edmetros<\/strong>, o maior do per\u00edodo. As temperaturas caem e ficam entre <strong data-start=\"1071\" data-end=\"1088\">20 \u00b0C e 23 \u00b0C<\/strong>.<\/span><\/p>\n<p data-start=\"1091\" data-end=\"1269\" data-is-last-node=\"\" data-is-only-node=\"\"><span style=\"font-family: tahoma, arial, helvetica, sans-serif;\">A tend\u00eancia indica sequ\u00eancia de dias com <strong data-start=\"1132\" data-end=\"1190\">alta umidade, muitas nuvens e risco de pancadas fortes<\/strong>, cen\u00e1rio t\u00edpico de per\u00edodos de instabilidade atmosf\u00e9rica no interior paulista.<\/span><\/p>\n<p data-start=\"778\" data-end=\"1029\" data-is-last-node=\"\" data-is-only-node=\"\"><span style=\"font-family: tahoma, arial, helvetica, sans-serif;\">\u270d\ufe0f <em data-start=\"1160\" data-end=\"1198\" data-is-last-node=\"\">Da reda\u00e7\u00e3o: <a href=\"https:\/\/www.facebook.com\/jornalistatonioliveiraon\/\"><strong>Jornalista Toni Oliveira<\/strong><\/a><\/em><\/span><\/p>\n<p><span style=\"font-family: tahoma, arial, helvetica, sans-serif;\"><em>( Fica proibida a reprodu\u00e7\u00e3o total ou parcial, c\u00f3pia ou distribui\u00e7\u00e3o do conte\u00fado, sem autoriza\u00e7\u00e3o expressa por parte do <strong>jornal O Santarritense<\/strong>)<\/em><\/span><\/p>\n","protected":false},"excerpt":{"rendered":"<p>O come\u00e7o da semana ser\u00e1 de tempo inst\u00e1vel em Santa Rita do Passa Quatro e cidades do entorno, com predom\u00ednio&hellip;<\/p>\n","protected":false},"author":1,"featured_media":552,"comment_status":"closed","ping_status":"closed","sticky":false,"template":"","format":"standard","meta":{"footnotes":""},"categories":[3],"tags":[],"class_list":["post-551","post","type-post","status-publish","format-standard","has-post-thumbnail","hentry","category-cidade"],"yoast_head":"<!-- This site is optimized with the Yoast SEO plugin v26.8 - https:\/\/yoast.com\/product\/yoast-seo-wordpress\/ -->\n<title>Tempo fica inst\u00e1vel e temperaturas caem no meio da semana em Santa Rita - O Santarritense<\/title>\n<meta name=\"robots\" content=\"index, follow, max-snippet:-1, max-image-preview:large, max-video-preview:-1\" \/>\n<link rel=\"canonical\" href=\"https:\/\/www.osantarritense.com.br\/jornal\/tempo-fica-instavel-e-temperaturas-caem-no-meio-da-semana-em-santa-rita\/\" \/>\n<meta property=\"og:locale\" content=\"pt_BR\" \/>\n<meta property=\"og:type\" content=\"article\" \/>\n<meta property=\"og:title\" content=\"Tempo fica inst\u00e1vel e temperaturas caem no meio da semana em Santa Rita - O Santarritense\" \/>\n<meta property=\"og:description\" content=\"O come\u00e7o da semana ser\u00e1 de tempo inst\u00e1vel em Santa Rita do Passa Quatro e cidades do entorno, com predom\u00ednio&hellip;\" \/>\n<meta property=\"og:url\" content=\"https:\/\/www.osantarritense.com.br\/jornal\/tempo-fica-instavel-e-temperaturas-caem-no-meio-da-semana-em-santa-rita\/\" \/>\n<meta property=\"og:site_name\" content=\"O Santarritense\" \/>\n<meta property=\"article:published_time\" content=\"2026-03-09T10:47:15+00:00\" \/>\n<meta property=\"og:image\" content=\"https:\/\/www.osantarritense.com.br\/jornal\/wp-content\/uploads\/2026\/03\/cats-3.jpg\" \/>\n\t<meta property=\"og:image:width\" content=\"900\" \/>\n\t<meta property=\"og:image:height\" content=\"540\" \/>\n\t<meta property=\"og:image:type\" content=\"image\/jpeg\" \/>\n<meta name=\"author\" content=\"Reda\u00e7\u00e3o\" \/>\n<meta name=\"twitter:card\" content=\"summary_large_image\" \/>\n<meta name=\"twitter:label1\" content=\"Escrito por\" \/>\n\t<meta name=\"twitter:data1\" content=\"Reda\u00e7\u00e3o\" \/>\n\t<meta name=\"twitter:label2\" content=\"Est. tempo de leitura\" \/>\n\t<meta name=\"twitter:data2\" content=\"2 minutos\" \/>\n<script type=\"application\/ld+json\" class=\"yoast-schema-graph\">{\"@context\":\"https:\/\/schema.org\",\"@graph\":[{\"@type\":\"Article\",\"@id\":\"https:\/\/www.osantarritense.com.br\/jornal\/tempo-fica-instavel-e-temperaturas-caem-no-meio-da-semana-em-santa-rita\/#article\",\"isPartOf\":{\"@id\":\"https:\/\/www.osantarritense.com.br\/jornal\/tempo-fica-instavel-e-temperaturas-caem-no-meio-da-semana-em-santa-rita\/\"},\"author\":{\"name\":\"Reda\u00e7\u00e3o\",\"@id\":\"https:\/\/www.osantarritense.com.br\/jornal\/#\/schema\/person\/e126b4df363ecdbcf21dc50a978dd9b8\"},\"headline\":\"Tempo fica inst\u00e1vel e temperaturas caem no meio da semana em Santa Rita\",\"datePublished\":\"2026-03-09T10:47:15+00:00\",\"mainEntityOfPage\":{\"@id\":\"https:\/\/www.osantarritense.com.br\/jornal\/tempo-fica-instavel-e-temperaturas-caem-no-meio-da-semana-em-santa-rita\/\"},\"wordCount\":253,\"publisher\":{\"@id\":\"https:\/\/www.osantarritense.com.br\/jornal\/#\/schema\/person\/e126b4df363ecdbcf21dc50a978dd9b8\"},\"image\":{\"@id\":\"https:\/\/www.osantarritense.com.br\/jornal\/tempo-fica-instavel-e-temperaturas-caem-no-meio-da-semana-em-santa-rita\/#primaryimage\"},\"thumbnailUrl\":\"https:\/\/www.osantarritense.com.br\/jornal\/wp-content\/uploads\/2026\/03\/cats-3.jpg\",\"articleSection\":[\"Cidade\"],\"inLanguage\":\"pt-BR\"},{\"@type\":\"WebPage\",\"@id\":\"https:\/\/www.osantarritense.com.br\/jornal\/tempo-fica-instavel-e-temperaturas-caem-no-meio-da-semana-em-santa-rita\/\",\"url\":\"https:\/\/www.osantarritense.com.br\/jornal\/tempo-fica-instavel-e-temperaturas-caem-no-meio-da-semana-em-santa-rita\/\",\"name\":\"Tempo fica inst\u00e1vel e temperaturas caem no meio da semana em Santa Rita - O Santarritense\",\"isPartOf\":{\"@id\":\"https:\/\/www.osantarritense.com.br\/jornal\/#website\"},\"primaryImageOfPage\":{\"@id\":\"https:\/\/www.osantarritense.com.br\/jornal\/tempo-fica-instavel-e-temperaturas-caem-no-meio-da-semana-em-santa-rita\/#primaryimage\"},\"image\":{\"@id\":\"https:\/\/www.osantarritense.com.br\/jornal\/tempo-fica-instavel-e-temperaturas-caem-no-meio-da-semana-em-santa-rita\/#primaryimage\"},\"thumbnailUrl\":\"https:\/\/www.osantarritense.com.br\/jornal\/wp-content\/uploads\/2026\/03\/cats-3.jpg\",\"datePublished\":\"2026-03-09T10:47:15+00:00\",\"breadcrumb\":{\"@id\":\"https:\/\/www.osantarritense.com.br\/jornal\/tempo-fica-instavel-e-temperaturas-caem-no-meio-da-semana-em-santa-rita\/#breadcrumb\"},\"inLanguage\":\"pt-BR\",\"potentialAction\":[{\"@type\":\"ReadAction\",\"target\":[\"https:\/\/www.osantarritense.com.br\/jornal\/tempo-fica-instavel-e-temperaturas-caem-no-meio-da-semana-em-santa-rita\/\"]}]},{\"@type\":\"ImageObject\",\"inLanguage\":\"pt-BR\",\"@id\":\"https:\/\/www.osantarritense.com.br\/jornal\/tempo-fica-instavel-e-temperaturas-caem-no-meio-da-semana-em-santa-rita\/#primaryimage\",\"url\":\"https:\/\/www.osantarritense.com.br\/jornal\/wp-content\/uploads\/2026\/03\/cats-3.jpg\",\"contentUrl\":\"https:\/\/www.osantarritense.com.br\/jornal\/wp-content\/uploads\/2026\/03\/cats-3.jpg\",\"width\":900,\"height\":540},{\"@type\":\"BreadcrumbList\",\"@id\":\"https:\/\/www.osantarritense.com.br\/jornal\/tempo-fica-instavel-e-temperaturas-caem-no-meio-da-semana-em-santa-rita\/#breadcrumb\",\"itemListElement\":[{\"@type\":\"ListItem\",\"position\":1,\"name\":\"In\u00edcio\",\"item\":\"https:\/\/www.osantarritense.com.br\/jornal\/\"},{\"@type\":\"ListItem\",\"position\":2,\"name\":\"Tempo fica inst\u00e1vel e temperaturas caem no meio da semana em Santa Rita\"}]},{\"@type\":\"WebSite\",\"@id\":\"https:\/\/www.osantarritense.com.br\/jornal\/#website\",\"url\":\"https:\/\/www.osantarritense.com.br\/jornal\/\",\"name\":\"O Santarritense\",\"description\":\"Jornal\",\"publisher\":{\"@id\":\"https:\/\/www.osantarritense.com.br\/jornal\/#\/schema\/person\/e126b4df363ecdbcf21dc50a978dd9b8\"},\"potentialAction\":[{\"@type\":\"SearchAction\",\"target\":{\"@type\":\"EntryPoint\",\"urlTemplate\":\"https:\/\/www.osantarritense.com.br\/jornal\/?s={search_term_string}\"},\"query-input\":{\"@type\":\"PropertyValueSpecification\",\"valueRequired\":true,\"valueName\":\"search_term_string\"}}],\"inLanguage\":\"pt-BR\"},{\"@type\":[\"Person\",\"Organization\"],\"@id\":\"https:\/\/www.osantarritense.com.br\/jornal\/#\/schema\/person\/e126b4df363ecdbcf21dc50a978dd9b8\",\"name\":\"Reda\u00e7\u00e3o\",\"image\":{\"@type\":\"ImageObject\",\"inLanguage\":\"pt-BR\",\"@id\":\"https:\/\/www.osantarritense.com.br\/jornal\/#\/schema\/person\/image\/\",\"url\":\"https:\/\/www.osantarritense.com.br\/jornal\/wp-content\/uploads\/2026\/02\/cropped-logosantarritense.jpg\",\"contentUrl\":\"https:\/\/www.osantarritense.com.br\/jornal\/wp-content\/uploads\/2026\/02\/cropped-logosantarritense.jpg\",\"width\":1221,\"height\":251,\"caption\":\"Reda\u00e7\u00e3o\"},\"logo\":{\"@id\":\"https:\/\/www.osantarritense.com.br\/jornal\/#\/schema\/person\/image\/\"},\"sameAs\":[\"https:\/\/www.osantarritense.com.br\/jornal\"],\"url\":\"https:\/\/www.osantarritense.com.br\/jornal\/author\/admin\/\"}]}<\/script>\n<!-- \/ Yoast SEO plugin. -->","yoast_head_json":{"title":"Tempo fica inst\u00e1vel e temperaturas caem no meio da semana em Santa Rita - O Santarritense","robots":{"index":"index","follow":"follow","max-snippet":"max-snippet:-1","max-image-preview":"max-image-preview:large","max-video-preview":"max-video-preview:-1"},"canonical":"https:\/\/www.osantarritense.com.br\/jornal\/tempo-fica-instavel-e-temperaturas-caem-no-meio-da-semana-em-santa-rita\/","og_locale":"pt_BR","og_type":"article","og_title":"Tempo fica inst\u00e1vel e temperaturas caem no meio da semana em Santa Rita - O Santarritense","og_description":"O come\u00e7o da semana ser\u00e1 de tempo inst\u00e1vel em Santa Rita do Passa Quatro e cidades do entorno, com predom\u00ednio&hellip;","og_url":"https:\/\/www.osantarritense.com.br\/jornal\/tempo-fica-instavel-e-temperaturas-caem-no-meio-da-semana-em-santa-rita\/","og_site_name":"O Santarritense","article_published_time":"2026-03-09T10:47:15+00:00","og_image":[{"width":900,"height":540,"url":"https:\/\/www.osantarritense.com.br\/jornal\/wp-content\/uploads\/2026\/03\/cats-3.jpg","type":"image\/jpeg"}],"author":"Reda\u00e7\u00e3o","twitter_card":"summary_large_image","twitter_misc":{"Escrito por":"Reda\u00e7\u00e3o","Est. tempo de leitura":"2 minutos"},"schema":{"@context":"https:\/\/schema.org","@graph":[{"@type":"Article","@id":"https:\/\/www.osantarritense.com.br\/jornal\/tempo-fica-instavel-e-temperaturas-caem-no-meio-da-semana-em-santa-rita\/#article","isPartOf":{"@id":"https:\/\/www.osantarritense.com.br\/jornal\/tempo-fica-instavel-e-temperaturas-caem-no-meio-da-semana-em-santa-rita\/"},"author":{"name":"Reda\u00e7\u00e3o","@id":"https:\/\/www.osantarritense.com.br\/jornal\/#\/schema\/person\/e126b4df363ecdbcf21dc50a978dd9b8"},"headline":"Tempo fica inst\u00e1vel e temperaturas caem no meio da semana em Santa Rita","datePublished":"2026-03-09T10:47:15+00:00","mainEntityOfPage":{"@id":"https:\/\/www.osantarritense.com.br\/jornal\/tempo-fica-instavel-e-temperaturas-caem-no-meio-da-semana-em-santa-rita\/"},"wordCount":253,"publisher":{"@id":"https:\/\/www.osantarritense.com.br\/jornal\/#\/schema\/person\/e126b4df363ecdbcf21dc50a978dd9b8"},"image":{"@id":"https:\/\/www.osantarritense.com.br\/jornal\/tempo-fica-instavel-e-temperaturas-caem-no-meio-da-semana-em-santa-rita\/#primaryimage"},"thumbnailUrl":"https:\/\/www.osantarritense.com.br\/jornal\/wp-content\/uploads\/2026\/03\/cats-3.jpg","articleSection":["Cidade"],"inLanguage":"pt-BR"},{"@type":"WebPage","@id":"https:\/\/www.osantarritense.com.br\/jornal\/tempo-fica-instavel-e-temperaturas-caem-no-meio-da-semana-em-santa-rita\/","url":"https:\/\/www.osantarritense.com.br\/jornal\/tempo-fica-instavel-e-temperaturas-caem-no-meio-da-semana-em-santa-rita\/","name":"Tempo fica inst\u00e1vel e temperaturas caem no meio da semana em Santa Rita - O Santarritense","isPartOf":{"@id":"https:\/\/www.osantarritense.com.br\/jornal\/#website"},"primaryImageOfPage":{"@id":"https:\/\/www.osantarritense.com.br\/jornal\/tempo-fica-instavel-e-temperaturas-caem-no-meio-da-semana-em-santa-rita\/#primaryimage"},"image":{"@id":"https:\/\/www.osantarritense.com.br\/jornal\/tempo-fica-instavel-e-temperaturas-caem-no-meio-da-semana-em-santa-rita\/#primaryimage"},"thumbnailUrl":"https:\/\/www.osantarritense.com.br\/jornal\/wp-content\/uploads\/2026\/03\/cats-3.jpg","datePublished":"2026-03-09T10:47:15+00:00","breadcrumb":{"@id":"https:\/\/www.osantarritense.com.br\/jornal\/tempo-fica-instavel-e-temperaturas-caem-no-meio-da-semana-em-santa-rita\/#breadcrumb"},"inLanguage":"pt-BR","potentialAction":[{"@type":"ReadAction","target":["https:\/\/www.osantarritense.com.br\/jornal\/tempo-fica-instavel-e-temperaturas-caem-no-meio-da-semana-em-santa-rita\/"]}]},{"@type":"ImageObject","inLanguage":"pt-BR","@id":"https:\/\/www.osantarritense.com.br\/jornal\/tempo-fica-instavel-e-temperaturas-caem-no-meio-da-semana-em-santa-rita\/#primaryimage","url":"https:\/\/www.osantarritense.com.br\/jornal\/wp-content\/uploads\/2026\/03\/cats-3.jpg","contentUrl":"https:\/\/www.osantarritense.com.br\/jornal\/wp-content\/uploads\/2026\/03\/cats-3.jpg","width":900,"height":540},{"@type":"BreadcrumbList","@id":"https:\/\/www.osantarritense.com.br\/jornal\/tempo-fica-instavel-e-temperaturas-caem-no-meio-da-semana-em-santa-rita\/#breadcrumb","itemListElement":[{"@type":"ListItem","position":1,"name":"In\u00edcio","item":"https:\/\/www.osantarritense.com.br\/jornal\/"},{"@type":"ListItem","position":2,"name":"Tempo fica inst\u00e1vel e temperaturas caem no meio da semana em Santa Rita"}]},{"@type":"WebSite","@id":"https:\/\/www.osantarritense.com.br\/jornal\/#website","url":"https:\/\/www.osantarritense.com.br\/jornal\/","name":"O Santarritense","description":"Jornal","publisher":{"@id":"https:\/\/www.osantarritense.com.br\/jornal\/#\/schema\/person\/e126b4df363ecdbcf21dc50a978dd9b8"},"potentialAction":[{"@type":"SearchAction","target":{"@type":"EntryPoint","urlTemplate":"https:\/\/www.osantarritense.com.br\/jornal\/?s={search_term_string}"},"query-input":{"@type":"PropertyValueSpecification","valueRequired":true,"valueName":"search_term_string"}}],"inLanguage":"pt-BR"},{"@type":["Person","Organization"],"@id":"https:\/\/www.osantarritense.com.br\/jornal\/#\/schema\/person\/e126b4df363ecdbcf21dc50a978dd9b8","name":"Reda\u00e7\u00e3o","image":{"@type":"ImageObject","inLanguage":"pt-BR","@id":"https:\/\/www.osantarritense.com.br\/jornal\/#\/schema\/person\/image\/","url":"https:\/\/www.osantarritense.com.br\/jornal\/wp-content\/uploads\/2026\/02\/cropped-logosantarritense.jpg","contentUrl":"https:\/\/www.osantarritense.com.br\/jornal\/wp-content\/uploads\/2026\/02\/cropped-logosantarritense.jpg","width":1221,"height":251,"caption":"Reda\u00e7\u00e3o"},"logo":{"@id":"https:\/\/www.osantarritense.com.br\/jornal\/#\/schema\/person\/image\/"},"sameAs":["https:\/\/www.osantarritense.com.br\/jornal"],"url":"https:\/\/www.osantarritense.com.br\/jornal\/author\/admin\/"}]}},"_links":{"self":[{"href":"https:\/\/www.osantarritense.com.br\/jornal\/wp-json\/wp\/v2\/posts\/551","targetHints":{"allow":["GET"]}}],"collection":[{"href":"https:\/\/www.osantarritense.com.br\/jornal\/wp-json\/wp\/v2\/posts"}],"about":[{"href":"https:\/\/www.osantarritense.com.br\/jornal\/wp-json\/wp\/v2\/types\/post"}],"author":[{"embeddable":true,"href":"https:\/\/www.osantarritense.com.br\/jornal\/wp-json\/wp\/v2\/users\/1"}],"replies":[{"embeddable":true,"href":"https:\/\/www.osantarritense.com.br\/jornal\/wp-json\/wp\/v2\/comments?post=551"}],"version-history":[{"count":1,"href":"https:\/\/www.osantarritense.com.br\/jornal\/wp-json\/wp\/v2\/posts\/551\/revisions"}],"predecessor-version":[{"id":553,"href":"https:\/\/www.osantarritense.com.br\/jornal\/wp-json\/wp\/v2\/posts\/551\/revisions\/553"}],"wp:featuredmedia":[{"embeddable":true,"href":"https:\/\/www.osantarritense.com.br\/jornal\/wp-json\/wp\/v2\/media\/552"}],"wp:attachment":[{"href":"https:\/\/www.osantarritense.com.br\/jornal\/wp-json\/wp\/v2\/media?parent=551"}],"wp:term":[{"taxonomy":"category","embeddable":true,"href":"https:\/\/www.osantarritense.com.br\/jornal\/wp-json\/wp\/v2\/categories?post=551"},{"taxonomy":"post_tag","embeddable":true,"href":"https:\/\/www.osantarritense.com.br\/jornal\/wp-json\/wp\/v2\/tags?post=551"}],"curies":[{"name":"wp","href":"https:\/\/api.w.org\/{rel}","templated":true}]}}