{"id":542,"date":"2026-03-07T14:49:31","date_gmt":"2026-03-07T14:49:31","guid":{"rendered":"https:\/\/www.osantarritense.com.br\/jornal\/?p=542"},"modified":"2026-03-07T14:50:17","modified_gmt":"2026-03-07T14:50:17","slug":"curso-gratuito-de-corte-e-costura-tem-inscricoes-abertas-em-santa-rita","status":"publish","type":"post","link":"https:\/\/www.osantarritense.com.br\/jornal\/curso-gratuito-de-corte-e-costura-tem-inscricoes-abertas-em-santa-rita\/","title":{"rendered":"Curso gratuito de corte e costura tem inscri\u00e7\u00f5es abertas em Santa Rita"},"content":{"rendered":"<div class=\"text-base my-auto mx-auto [--thread-content-margin:var(--thread-content-margin-xs,calc(var(--spacing)*4))] @w-sm\/main:[--thread-content-margin:var(--thread-content-margin-sm,calc(var(--spacing)*6))] @w-lg\/main:[--thread-content-margin:var(--thread-content-margin-lg,calc(var(--spacing)*16))] px-(--thread-content-margin)\">\n<div class=\"[--thread-content-max-width:40rem] @w-lg\/main:[--thread-content-max-width:48rem] mx-auto max-w-(--thread-content-max-width) flex-1 group\/turn-messages focus-visible:outline-hidden relative flex w-full min-w-0 flex-col agent-turn\" tabindex=\"-1\">\n<div class=\"flex max-w-full flex-col gap-4 grow\">\n<div class=\"min-h-8 text-message relative flex w-full flex-col items-end gap-2 text-start break-words whitespace-normal [.text-message+&amp;]:mt-1\" dir=\"auto\" data-message-author-role=\"assistant\" data-message-id=\"c19e7ac3-bd95-43fe-9c9e-93e27224ceea\" data-message-model-slug=\"gpt-5-3\">\n<div class=\"flex w-full flex-col gap-1 empty:hidden\">\n<div class=\"markdown prose dark:prose-invert w-full wrap-break-word light markdown-new-styling\">\n<p data-start=\"0\" data-end=\"369\"><span style=\"font-family: tahoma, arial, helvetica, sans-serif;\">A Prefeitura de Santa Rita do Passa Quatro (SP) abriu inscri\u00e7\u00f5es para um <strong data-start=\"73\" data-end=\"110\">curso gratuito de corte e costura<\/strong> voltado \u00e0 qualifica\u00e7\u00e3o profissional da popula\u00e7\u00e3o. A iniciativa \u00e9 destinada a moradores <strong data-start=\"198\" data-end=\"221\">a partir de 16 anos<\/strong> e faz parte do programa <strong data-start=\"246\" data-end=\"272\">Caminho da Capacita\u00e7\u00e3o<\/strong>, do Fundo Social de S\u00e3o Paulo, em parceria com o <strong data-start=\"322\" data-end=\"368\">Fundo Social de Solidariedade do munic\u00edpio<\/strong>.<\/span><\/p>\n<p data-start=\"371\" data-end=\"643\"><span style=\"font-family: tahoma, arial, helvetica, sans-serif;\">O curso ser\u00e1 realizado em uma <strong data-start=\"401\" data-end=\"491\">carreta-escola instalada na Pra\u00e7a Poeta M\u00e1rio Mattoso, conhecida como Pra\u00e7a da Esta\u00e7\u00e3o<\/strong>. A proposta \u00e9 ensinar t\u00e9cnicas b\u00e1sicas de corte, costura e acabamento, al\u00e9m de estimular a gera\u00e7\u00e3o de renda e o desenvolvimento de habilidades manuais.<\/span><\/p>\n<p data-start=\"371\" data-end=\"643\"><span style=\"font-family: tahoma, arial, helvetica, sans-serif;\">\ud83d\udcf1 <em>Siga o O Santarritense no <a href=\"https:\/\/www.instagram.com\/osantarritense\/\">Instagram<\/a><\/em><\/span><\/p>\n<p data-start=\"645\" data-end=\"813\"><span style=\"font-family: tahoma, arial, helvetica, sans-serif;\">A capacita\u00e7\u00e3o ter\u00e1 <strong data-start=\"664\" data-end=\"693\">carga hor\u00e1ria de 40 horas<\/strong>, com dura\u00e7\u00e3o de <strong data-start=\"710\" data-end=\"721\">10 dias<\/strong>. Ser\u00e3o disponibilizadas <strong data-start=\"746\" data-end=\"768\">20 vagas por turma<\/strong>, com <strong data-start=\"774\" data-end=\"812\">tr\u00eas turmas em per\u00edodos diferentes<\/strong>.<\/span><\/p>\n<p data-start=\"815\" data-end=\"939\"><span style=\"font-family: tahoma, arial, helvetica, sans-serif;\">As aulas ser\u00e3o divididas nos seguintes hor\u00e1rios: <strong data-start=\"864\" data-end=\"938\">das 8h \u00e0s 12h (manh\u00e3), das 13h \u00e0s 17h (tarde) e das 18h \u00e0s 22h (noite)<\/strong>.<\/span><\/p>\n<p data-start=\"941\" data-end=\"1237\"><span style=\"font-family: tahoma, arial, helvetica, sans-serif;\">As <strong data-start=\"944\" data-end=\"1012\">inscri\u00e7\u00f5es devem ser feitas presencialmente na segunda-feira (9)<\/strong> em um dos pontos de atendimento do munic\u00edpio. No <strong data-start=\"1062\" data-end=\"1109\">Fundo Social de Solidariedade da Prefeitura<\/strong>, localizado na Rua Visconde do Rio Branco, 1135, no Jardim 22 de Maio, o atendimento ser\u00e1 das <strong data-start=\"1204\" data-end=\"1234\">8h \u00e0s 11h e das 13h \u00e0s 17h<\/strong>.<\/span><\/p>\n<p data-start=\"1239\" data-end=\"1503\"><span style=\"font-family: tahoma, arial, helvetica, sans-serif;\">Tamb\u00e9m \u00e9 poss\u00edvel se inscrever no <strong data-start=\"1273\" data-end=\"1281\">CRAS<\/strong>, na Avenida Jos\u00e9 Ribeiro de Oliveira, 3231, no Jardim Boa Vista III, e no <strong data-start=\"1356\" data-end=\"1394\">Departamento de Assist\u00eancia Social<\/strong>, na Avenida Severino Meirelles, 1761, no Centro, ambos com atendimento <strong data-start=\"1466\" data-end=\"1500\">das 7h \u00e0s 11h e das 13h \u00e0s 16h<\/strong>.<\/span><\/p>\n<p data-start=\"1505\" data-end=\"1602\"><span style=\"font-family: tahoma, arial, helvetica, sans-serif;\">Outra op\u00e7\u00e3o \u00e9 o <strong data-start=\"1521\" data-end=\"1565\">PSF do Distrito de Santa Cruz da Estrela<\/strong>, com atendimento <strong data-start=\"1583\" data-end=\"1601\">das 13h \u00e0s 16h<\/strong>.<\/span><\/p>\n<p data-start=\"1604\" data-end=\"1693\"><span style=\"font-family: tahoma, arial, helvetica, sans-serif;\">Para realizar a inscri\u00e7\u00e3o, \u00e9 necess\u00e1rio apresentar <strong data-start=\"1655\" data-end=\"1692\">RG, CPF e comprovante de endere\u00e7o<\/strong>.<\/span><\/p>\n<p data-start=\"1695\" data-end=\"1893\" data-is-last-node=\"\" data-is-only-node=\"\"><span style=\"font-family: tahoma, arial, helvetica, sans-serif;\">Segundo a prefeitura, <strong data-start=\"1717\" data-end=\"1757\">as aulas come\u00e7am na ter\u00e7a-feira (10)<\/strong>. A expectativa \u00e9 que o curso ajude a ampliar as oportunidades de qualifica\u00e7\u00e3o profissional e gera\u00e7\u00e3o de renda para moradores da cidade.<\/span><\/p>\n<p data-start=\"778\" data-end=\"1029\" data-is-last-node=\"\" data-is-only-node=\"\"><span style=\"font-family: tahoma, arial, helvetica, sans-serif;\">\u270d\ufe0f <em data-start=\"1160\" data-end=\"1198\" data-is-last-node=\"\">Da reda\u00e7\u00e3o: <a href=\"https:\/\/www.facebook.com\/jornalistatonioliveiraon\/\"><strong>Jornalista Toni Oliveira<\/strong><\/a><\/em><\/span><\/p>\n<p><span style=\"font-family: tahoma, arial, helvetica, sans-serif;\"><em>( Fica proibida a reprodu\u00e7\u00e3o total ou parcial, c\u00f3pia ou distribui\u00e7\u00e3o do conte\u00fado, sem autoriza\u00e7\u00e3o expressa por parte do <strong>jornal O Santarritense<\/strong>)<\/em><\/span><\/p>\n<\/div>\n<\/div>\n<\/div>\n<\/div>\n<\/div>\n<\/div>\n","protected":false},"excerpt":{"rendered":"<p>A Prefeitura de Santa Rita do Passa Quatro (SP) abriu inscri\u00e7\u00f5es para um curso gratuito de corte e costura voltado&hellip;<\/p>\n","protected":false},"author":1,"featured_media":543,"comment_status":"closed","ping_status":"closed","sticky":false,"template":"","format":"standard","meta":{"footnotes":""},"categories":[3],"tags":[],"class_list":["post-542","post","type-post","status-publish","format-standard","has-post-thumbnail","hentry","category-cidade"],"yoast_head":"<!-- This site is optimized with the Yoast SEO plugin v26.8 - https:\/\/yoast.com\/product\/yoast-seo-wordpress\/ -->\n<title>Curso gratuito de corte e costura tem inscri\u00e7\u00f5es abertas em Santa Rita - O Santarritense<\/title>\n<meta name=\"robots\" content=\"index, follow, max-snippet:-1, max-image-preview:large, max-video-preview:-1\" \/>\n<link rel=\"canonical\" href=\"https:\/\/www.osantarritense.com.br\/jornal\/curso-gratuito-de-corte-e-costura-tem-inscricoes-abertas-em-santa-rita\/\" \/>\n<meta property=\"og:locale\" content=\"pt_BR\" \/>\n<meta property=\"og:type\" content=\"article\" \/>\n<meta property=\"og:title\" content=\"Curso gratuito de corte e costura tem inscri\u00e7\u00f5es abertas em Santa Rita - O Santarritense\" \/>\n<meta property=\"og:description\" content=\"A Prefeitura de Santa Rita do Passa Quatro (SP) abriu inscri\u00e7\u00f5es para um curso gratuito de corte e costura voltado&hellip;\" \/>\n<meta property=\"og:url\" content=\"https:\/\/www.osantarritense.com.br\/jornal\/curso-gratuito-de-corte-e-costura-tem-inscricoes-abertas-em-santa-rita\/\" \/>\n<meta property=\"og:site_name\" content=\"O Santarritense\" \/>\n<meta property=\"article:published_time\" content=\"2026-03-07T14:49:31+00:00\" \/>\n<meta property=\"article:modified_time\" content=\"2026-03-07T14:50:17+00:00\" \/>\n<meta property=\"og:image\" content=\"https:\/\/www.osantarritense.com.br\/jornal\/wp-content\/uploads\/2026\/03\/3084516.jpg\" \/>\n\t<meta property=\"og:image:width\" content=\"1280\" \/>\n\t<meta property=\"og:image:height\" content=\"720\" \/>\n\t<meta property=\"og:image:type\" content=\"image\/jpeg\" \/>\n<meta name=\"author\" content=\"Reda\u00e7\u00e3o\" \/>\n<meta name=\"twitter:card\" content=\"summary_large_image\" \/>\n<meta name=\"twitter:label1\" content=\"Escrito por\" \/>\n\t<meta name=\"twitter:data1\" content=\"Reda\u00e7\u00e3o\" \/>\n\t<meta name=\"twitter:label2\" content=\"Est. tempo de leitura\" \/>\n\t<meta name=\"twitter:data2\" content=\"3 minutos\" \/>\n<script type=\"application\/ld+json\" class=\"yoast-schema-graph\">{\"@context\":\"https:\/\/schema.org\",\"@graph\":[{\"@type\":\"Article\",\"@id\":\"https:\/\/www.osantarritense.com.br\/jornal\/curso-gratuito-de-corte-e-costura-tem-inscricoes-abertas-em-santa-rita\/#article\",\"isPartOf\":{\"@id\":\"https:\/\/www.osantarritense.com.br\/jornal\/curso-gratuito-de-corte-e-costura-tem-inscricoes-abertas-em-santa-rita\/\"},\"author\":{\"name\":\"Reda\u00e7\u00e3o\",\"@id\":\"https:\/\/www.osantarritense.com.br\/jornal\/#\/schema\/person\/e126b4df363ecdbcf21dc50a978dd9b8\"},\"headline\":\"Curso gratuito de corte e costura tem inscri\u00e7\u00f5es abertas em Santa Rita\",\"datePublished\":\"2026-03-07T14:49:31+00:00\",\"dateModified\":\"2026-03-07T14:50:17+00:00\",\"mainEntityOfPage\":{\"@id\":\"https:\/\/www.osantarritense.com.br\/jornal\/curso-gratuito-de-corte-e-costura-tem-inscricoes-abertas-em-santa-rita\/\"},\"wordCount\":374,\"publisher\":{\"@id\":\"https:\/\/www.osantarritense.com.br\/jornal\/#\/schema\/person\/e126b4df363ecdbcf21dc50a978dd9b8\"},\"image\":{\"@id\":\"https:\/\/www.osantarritense.com.br\/jornal\/curso-gratuito-de-corte-e-costura-tem-inscricoes-abertas-em-santa-rita\/#primaryimage\"},\"thumbnailUrl\":\"https:\/\/www.osantarritense.com.br\/jornal\/wp-content\/uploads\/2026\/03\/3084516.jpg\",\"articleSection\":[\"Cidade\"],\"inLanguage\":\"pt-BR\"},{\"@type\":\"WebPage\",\"@id\":\"https:\/\/www.osantarritense.com.br\/jornal\/curso-gratuito-de-corte-e-costura-tem-inscricoes-abertas-em-santa-rita\/\",\"url\":\"https:\/\/www.osantarritense.com.br\/jornal\/curso-gratuito-de-corte-e-costura-tem-inscricoes-abertas-em-santa-rita\/\",\"name\":\"Curso gratuito de corte e costura tem inscri\u00e7\u00f5es abertas em Santa Rita - O Santarritense\",\"isPartOf\":{\"@id\":\"https:\/\/www.osantarritense.com.br\/jornal\/#website\"},\"primaryImageOfPage\":{\"@id\":\"https:\/\/www.osantarritense.com.br\/jornal\/curso-gratuito-de-corte-e-costura-tem-inscricoes-abertas-em-santa-rita\/#primaryimage\"},\"image\":{\"@id\":\"https:\/\/www.osantarritense.com.br\/jornal\/curso-gratuito-de-corte-e-costura-tem-inscricoes-abertas-em-santa-rita\/#primaryimage\"},\"thumbnailUrl\":\"https:\/\/www.osantarritense.com.br\/jornal\/wp-content\/uploads\/2026\/03\/3084516.jpg\",\"datePublished\":\"2026-03-07T14:49:31+00:00\",\"dateModified\":\"2026-03-07T14:50:17+00:00\",\"breadcrumb\":{\"@id\":\"https:\/\/www.osantarritense.com.br\/jornal\/curso-gratuito-de-corte-e-costura-tem-inscricoes-abertas-em-santa-rita\/#breadcrumb\"},\"inLanguage\":\"pt-BR\",\"potentialAction\":[{\"@type\":\"ReadAction\",\"target\":[\"https:\/\/www.osantarritense.com.br\/jornal\/curso-gratuito-de-corte-e-costura-tem-inscricoes-abertas-em-santa-rita\/\"]}]},{\"@type\":\"ImageObject\",\"inLanguage\":\"pt-BR\",\"@id\":\"https:\/\/www.osantarritense.com.br\/jornal\/curso-gratuito-de-corte-e-costura-tem-inscricoes-abertas-em-santa-rita\/#primaryimage\",\"url\":\"https:\/\/www.osantarritense.com.br\/jornal\/wp-content\/uploads\/2026\/03\/3084516.jpg\",\"contentUrl\":\"https:\/\/www.osantarritense.com.br\/jornal\/wp-content\/uploads\/2026\/03\/3084516.jpg\",\"width\":1280,\"height\":720},{\"@type\":\"BreadcrumbList\",\"@id\":\"https:\/\/www.osantarritense.com.br\/jornal\/curso-gratuito-de-corte-e-costura-tem-inscricoes-abertas-em-santa-rita\/#breadcrumb\",\"itemListElement\":[{\"@type\":\"ListItem\",\"position\":1,\"name\":\"In\u00edcio\",\"item\":\"https:\/\/www.osantarritense.com.br\/jornal\/\"},{\"@type\":\"ListItem\",\"position\":2,\"name\":\"Curso gratuito de corte e costura tem inscri\u00e7\u00f5es abertas em Santa Rita\"}]},{\"@type\":\"WebSite\",\"@id\":\"https:\/\/www.osantarritense.com.br\/jornal\/#website\",\"url\":\"https:\/\/www.osantarritense.com.br\/jornal\/\",\"name\":\"O Santarritense\",\"description\":\"Jornal\",\"publisher\":{\"@id\":\"https:\/\/www.osantarritense.com.br\/jornal\/#\/schema\/person\/e126b4df363ecdbcf21dc50a978dd9b8\"},\"potentialAction\":[{\"@type\":\"SearchAction\",\"target\":{\"@type\":\"EntryPoint\",\"urlTemplate\":\"https:\/\/www.osantarritense.com.br\/jornal\/?s={search_term_string}\"},\"query-input\":{\"@type\":\"PropertyValueSpecification\",\"valueRequired\":true,\"valueName\":\"search_term_string\"}}],\"inLanguage\":\"pt-BR\"},{\"@type\":[\"Person\",\"Organization\"],\"@id\":\"https:\/\/www.osantarritense.com.br\/jornal\/#\/schema\/person\/e126b4df363ecdbcf21dc50a978dd9b8\",\"name\":\"Reda\u00e7\u00e3o\",\"image\":{\"@type\":\"ImageObject\",\"inLanguage\":\"pt-BR\",\"@id\":\"https:\/\/www.osantarritense.com.br\/jornal\/#\/schema\/person\/image\/\",\"url\":\"https:\/\/www.osantarritense.com.br\/jornal\/wp-content\/uploads\/2026\/02\/cropped-logosantarritense.jpg\",\"contentUrl\":\"https:\/\/www.osantarritense.com.br\/jornal\/wp-content\/uploads\/2026\/02\/cropped-logosantarritense.jpg\",\"width\":1221,\"height\":251,\"caption\":\"Reda\u00e7\u00e3o\"},\"logo\":{\"@id\":\"https:\/\/www.osantarritense.com.br\/jornal\/#\/schema\/person\/image\/\"},\"sameAs\":[\"https:\/\/www.osantarritense.com.br\/jornal\"],\"url\":\"https:\/\/www.osantarritense.com.br\/jornal\/author\/admin\/\"}]}<\/script>\n<!-- \/ Yoast SEO plugin. -->","yoast_head_json":{"title":"Curso gratuito de corte e costura tem inscri\u00e7\u00f5es abertas em Santa Rita - O Santarritense","robots":{"index":"index","follow":"follow","max-snippet":"max-snippet:-1","max-image-preview":"max-image-preview:large","max-video-preview":"max-video-preview:-1"},"canonical":"https:\/\/www.osantarritense.com.br\/jornal\/curso-gratuito-de-corte-e-costura-tem-inscricoes-abertas-em-santa-rita\/","og_locale":"pt_BR","og_type":"article","og_title":"Curso gratuito de corte e costura tem inscri\u00e7\u00f5es abertas em Santa Rita - O Santarritense","og_description":"A Prefeitura de Santa Rita do Passa Quatro (SP) abriu inscri\u00e7\u00f5es para um curso gratuito de corte e costura voltado&hellip;","og_url":"https:\/\/www.osantarritense.com.br\/jornal\/curso-gratuito-de-corte-e-costura-tem-inscricoes-abertas-em-santa-rita\/","og_site_name":"O Santarritense","article_published_time":"2026-03-07T14:49:31+00:00","article_modified_time":"2026-03-07T14:50:17+00:00","og_image":[{"width":1280,"height":720,"url":"https:\/\/www.osantarritense.com.br\/jornal\/wp-content\/uploads\/2026\/03\/3084516.jpg","type":"image\/jpeg"}],"author":"Reda\u00e7\u00e3o","twitter_card":"summary_large_image","twitter_misc":{"Escrito por":"Reda\u00e7\u00e3o","Est. tempo de leitura":"3 minutos"},"schema":{"@context":"https:\/\/schema.org","@graph":[{"@type":"Article","@id":"https:\/\/www.osantarritense.com.br\/jornal\/curso-gratuito-de-corte-e-costura-tem-inscricoes-abertas-em-santa-rita\/#article","isPartOf":{"@id":"https:\/\/www.osantarritense.com.br\/jornal\/curso-gratuito-de-corte-e-costura-tem-inscricoes-abertas-em-santa-rita\/"},"author":{"name":"Reda\u00e7\u00e3o","@id":"https:\/\/www.osantarritense.com.br\/jornal\/#\/schema\/person\/e126b4df363ecdbcf21dc50a978dd9b8"},"headline":"Curso gratuito de corte e costura tem inscri\u00e7\u00f5es abertas em Santa Rita","datePublished":"2026-03-07T14:49:31+00:00","dateModified":"2026-03-07T14:50:17+00:00","mainEntityOfPage":{"@id":"https:\/\/www.osantarritense.com.br\/jornal\/curso-gratuito-de-corte-e-costura-tem-inscricoes-abertas-em-santa-rita\/"},"wordCount":374,"publisher":{"@id":"https:\/\/www.osantarritense.com.br\/jornal\/#\/schema\/person\/e126b4df363ecdbcf21dc50a978dd9b8"},"image":{"@id":"https:\/\/www.osantarritense.com.br\/jornal\/curso-gratuito-de-corte-e-costura-tem-inscricoes-abertas-em-santa-rita\/#primaryimage"},"thumbnailUrl":"https:\/\/www.osantarritense.com.br\/jornal\/wp-content\/uploads\/2026\/03\/3084516.jpg","articleSection":["Cidade"],"inLanguage":"pt-BR"},{"@type":"WebPage","@id":"https:\/\/www.osantarritense.com.br\/jornal\/curso-gratuito-de-corte-e-costura-tem-inscricoes-abertas-em-santa-rita\/","url":"https:\/\/www.osantarritense.com.br\/jornal\/curso-gratuito-de-corte-e-costura-tem-inscricoes-abertas-em-santa-rita\/","name":"Curso gratuito de corte e costura tem inscri\u00e7\u00f5es abertas em Santa Rita - O Santarritense","isPartOf":{"@id":"https:\/\/www.osantarritense.com.br\/jornal\/#website"},"primaryImageOfPage":{"@id":"https:\/\/www.osantarritense.com.br\/jornal\/curso-gratuito-de-corte-e-costura-tem-inscricoes-abertas-em-santa-rita\/#primaryimage"},"image":{"@id":"https:\/\/www.osantarritense.com.br\/jornal\/curso-gratuito-de-corte-e-costura-tem-inscricoes-abertas-em-santa-rita\/#primaryimage"},"thumbnailUrl":"https:\/\/www.osantarritense.com.br\/jornal\/wp-content\/uploads\/2026\/03\/3084516.jpg","datePublished":"2026-03-07T14:49:31+00:00","dateModified":"2026-03-07T14:50:17+00:00","breadcrumb":{"@id":"https:\/\/www.osantarritense.com.br\/jornal\/curso-gratuito-de-corte-e-costura-tem-inscricoes-abertas-em-santa-rita\/#breadcrumb"},"inLanguage":"pt-BR","potentialAction":[{"@type":"ReadAction","target":["https:\/\/www.osantarritense.com.br\/jornal\/curso-gratuito-de-corte-e-costura-tem-inscricoes-abertas-em-santa-rita\/"]}]},{"@type":"ImageObject","inLanguage":"pt-BR","@id":"https:\/\/www.osantarritense.com.br\/jornal\/curso-gratuito-de-corte-e-costura-tem-inscricoes-abertas-em-santa-rita\/#primaryimage","url":"https:\/\/www.osantarritense.com.br\/jornal\/wp-content\/uploads\/2026\/03\/3084516.jpg","contentUrl":"https:\/\/www.osantarritense.com.br\/jornal\/wp-content\/uploads\/2026\/03\/3084516.jpg","width":1280,"height":720},{"@type":"BreadcrumbList","@id":"https:\/\/www.osantarritense.com.br\/jornal\/curso-gratuito-de-corte-e-costura-tem-inscricoes-abertas-em-santa-rita\/#breadcrumb","itemListElement":[{"@type":"ListItem","position":1,"name":"In\u00edcio","item":"https:\/\/www.osantarritense.com.br\/jornal\/"},{"@type":"ListItem","position":2,"name":"Curso gratuito de corte e costura tem inscri\u00e7\u00f5es abertas em Santa Rita"}]},{"@type":"WebSite","@id":"https:\/\/www.osantarritense.com.br\/jornal\/#website","url":"https:\/\/www.osantarritense.com.br\/jornal\/","name":"O Santarritense","description":"Jornal","publisher":{"@id":"https:\/\/www.osantarritense.com.br\/jornal\/#\/schema\/person\/e126b4df363ecdbcf21dc50a978dd9b8"},"potentialAction":[{"@type":"SearchAction","target":{"@type":"EntryPoint","urlTemplate":"https:\/\/www.osantarritense.com.br\/jornal\/?s={search_term_string}"},"query-input":{"@type":"PropertyValueSpecification","valueRequired":true,"valueName":"search_term_string"}}],"inLanguage":"pt-BR"},{"@type":["Person","Organization"],"@id":"https:\/\/www.osantarritense.com.br\/jornal\/#\/schema\/person\/e126b4df363ecdbcf21dc50a978dd9b8","name":"Reda\u00e7\u00e3o","image":{"@type":"ImageObject","inLanguage":"pt-BR","@id":"https:\/\/www.osantarritense.com.br\/jornal\/#\/schema\/person\/image\/","url":"https:\/\/www.osantarritense.com.br\/jornal\/wp-content\/uploads\/2026\/02\/cropped-logosantarritense.jpg","contentUrl":"https:\/\/www.osantarritense.com.br\/jornal\/wp-content\/uploads\/2026\/02\/cropped-logosantarritense.jpg","width":1221,"height":251,"caption":"Reda\u00e7\u00e3o"},"logo":{"@id":"https:\/\/www.osantarritense.com.br\/jornal\/#\/schema\/person\/image\/"},"sameAs":["https:\/\/www.osantarritense.com.br\/jornal"],"url":"https:\/\/www.osantarritense.com.br\/jornal\/author\/admin\/"}]}},"_links":{"self":[{"href":"https:\/\/www.osantarritense.com.br\/jornal\/wp-json\/wp\/v2\/posts\/542","targetHints":{"allow":["GET"]}}],"collection":[{"href":"https:\/\/www.osantarritense.com.br\/jornal\/wp-json\/wp\/v2\/posts"}],"about":[{"href":"https:\/\/www.osantarritense.com.br\/jornal\/wp-json\/wp\/v2\/types\/post"}],"author":[{"embeddable":true,"href":"https:\/\/www.osantarritense.com.br\/jornal\/wp-json\/wp\/v2\/users\/1"}],"replies":[{"embeddable":true,"href":"https:\/\/www.osantarritense.com.br\/jornal\/wp-json\/wp\/v2\/comments?post=542"}],"version-history":[{"count":3,"href":"https:\/\/www.osantarritense.com.br\/jornal\/wp-json\/wp\/v2\/posts\/542\/revisions"}],"predecessor-version":[{"id":546,"href":"https:\/\/www.osantarritense.com.br\/jornal\/wp-json\/wp\/v2\/posts\/542\/revisions\/546"}],"wp:featuredmedia":[{"embeddable":true,"href":"https:\/\/www.osantarritense.com.br\/jornal\/wp-json\/wp\/v2\/media\/543"}],"wp:attachment":[{"href":"https:\/\/www.osantarritense.com.br\/jornal\/wp-json\/wp\/v2\/media?parent=542"}],"wp:term":[{"taxonomy":"category","embeddable":true,"href":"https:\/\/www.osantarritense.com.br\/jornal\/wp-json\/wp\/v2\/categories?post=542"},{"taxonomy":"post_tag","embeddable":true,"href":"https:\/\/www.osantarritense.com.br\/jornal\/wp-json\/wp\/v2\/tags?post=542"}],"curies":[{"name":"wp","href":"https:\/\/api.w.org\/{rel}","templated":true}]}}