{"id":538,"date":"2026-03-07T13:59:18","date_gmt":"2026-03-07T13:59:18","guid":{"rendered":"https:\/\/www.osantarritense.com.br\/jornal\/?p=538"},"modified":"2026-03-07T14:00:14","modified_gmt":"2026-03-07T14:00:14","slug":"deputados-destinam-r-700-mil-para-programas-sociais-em-santa-rita","status":"publish","type":"post","link":"https:\/\/www.osantarritense.com.br\/jornal\/deputados-destinam-r-700-mil-para-programas-sociais-em-santa-rita\/","title":{"rendered":"Deputados destinam R$ 700 mil para programas sociais em Santa Rita"},"content":{"rendered":"<p data-start=\"68\" data-end=\"314\"><span style=\"font-family: tahoma, arial, helvetica, sans-serif;\">O munic\u00edpio de Santa Rita do Passa Quatro vai receber <strong data-start=\"122\" data-end=\"205\">R$ 700 mil em recursos destinados ao fortalecimento de programas da \u00e1rea social<\/strong>. A verba foi viabilizada pelos deputados <strong data-start=\"247\" data-end=\"313\">Baleia Rossi (MDB-SP), federal, e L\u00e9o Oliveira (MDB), estadual<\/strong>.<\/span><\/p>\n<p data-start=\"316\" data-end=\"601\"><span style=\"font-family: tahoma, arial, helvetica, sans-serif;\">Os recursos ser\u00e3o utilizados na <strong data-start=\"348\" data-end=\"421\">manuten\u00e7\u00e3o e amplia\u00e7\u00e3o de a\u00e7\u00f5es do Departamento de Assist\u00eancia Social<\/strong>, beneficiando iniciativas importantes como o <strong data-start=\"467\" data-end=\"509\">Centro de Conviv\u00eancia dos Idosos (CCI)<\/strong>, o projeto <strong data-start=\"521\" data-end=\"544\">F\u00e9rias em Movimento<\/strong> e outros programas voltados ao atendimento da popula\u00e7\u00e3o.<\/span><\/p>\n<p data-start=\"316\" data-end=\"601\"><span style=\"font-family: tahoma, arial, helvetica, sans-serif;\">\ud83d\udcf1 <em>Siga o O Santarritense no <a href=\"https:\/\/www.instagram.com\/osantarritense\/\">Instagram<\/a><\/em><\/span><\/p>\n<p data-start=\"603\" data-end=\"814\"><span style=\"font-family: tahoma, arial, helvetica, sans-serif;\">O trabalho da pasta \u00e9 coordenado pela diretora <strong data-start=\"650\" data-end=\"674\">Patr\u00edcia Mion Jord\u00e3o<\/strong>, respons\u00e1vel por conduzir as pol\u00edticas p\u00fablicas sociais no munic\u00edpio e fortalecer o atendimento \u00e0s fam\u00edlias em situa\u00e7\u00e3o de vulnerabilidade.<\/span><\/p>\n<p data-start=\"816\" data-end=\"1127\"><span style=\"font-family: tahoma, arial, helvetica, sans-serif;\">A administra\u00e7\u00e3o municipal destacou a import\u00e2ncia da parceria pol\u00edtica para a conquista da verba. <strong data-start=\"913\" data-end=\"989\">O prefeito Marcelo Sim\u00e3o (MDB) e a vice-prefeita Ariana Jamus Pupo (MDB)<\/strong> agradeceram o apoio dos parlamentares e ressaltaram que o investimento vai contribuir para ampliar o alcance das a\u00e7\u00f5es sociais na cidade.<\/span><\/p>\n<p data-start=\"1129\" data-end=\"1333\" data-is-last-node=\"\" data-is-only-node=\"\"><span style=\"font-family: tahoma, arial, helvetica, sans-serif;\">Segundo a prefeitura, <strong data-start=\"1151\" data-end=\"1237\">os recursos devem garantir a continuidade e o fortalecimento dos programas sociais<\/strong>, beneficiando principalmente idosos, crian\u00e7as e fam\u00edlias atendidas pelos projetos do munic\u00edpio.<\/span><\/p>\n<p data-start=\"778\" data-end=\"1029\" data-is-last-node=\"\" data-is-only-node=\"\"><span style=\"font-family: tahoma, arial, helvetica, sans-serif;\">\u270d\ufe0f <em data-start=\"1160\" data-end=\"1198\" data-is-last-node=\"\">Da reda\u00e7\u00e3o: <a href=\"https:\/\/www.facebook.com\/jornalistatonioliveiraon\/\"><strong>Jornalista Toni Oliveira<\/strong><\/a><\/em><\/span><\/p>\n<p><span style=\"font-family: tahoma, arial, helvetica, sans-serif;\"><em>( Fica proibida a reprodu\u00e7\u00e3o total ou parcial, c\u00f3pia ou distribui\u00e7\u00e3o do conte\u00fado, sem autoriza\u00e7\u00e3o expressa por parte do <strong>jornal O Santarritense<\/strong>)<\/em><\/span><\/p>\n","protected":false},"excerpt":{"rendered":"<p>O munic\u00edpio de Santa Rita do Passa Quatro vai receber R$ 700 mil em recursos destinados ao fortalecimento de programas&hellip;<\/p>\n","protected":false},"author":1,"featured_media":539,"comment_status":"closed","ping_status":"closed","sticky":false,"template":"","format":"standard","meta":{"footnotes":""},"categories":[3],"tags":[],"class_list":["post-538","post","type-post","status-publish","format-standard","has-post-thumbnail","hentry","category-cidade"],"yoast_head":"<!-- This site is optimized with the Yoast SEO plugin v26.8 - https:\/\/yoast.com\/product\/yoast-seo-wordpress\/ -->\n<title>Deputados destinam R$ 700 mil para programas sociais em Santa Rita - O Santarritense<\/title>\n<meta name=\"robots\" content=\"index, follow, max-snippet:-1, max-image-preview:large, max-video-preview:-1\" \/>\n<link rel=\"canonical\" href=\"https:\/\/www.osantarritense.com.br\/jornal\/deputados-destinam-r-700-mil-para-programas-sociais-em-santa-rita\/\" \/>\n<meta property=\"og:locale\" content=\"pt_BR\" \/>\n<meta property=\"og:type\" content=\"article\" \/>\n<meta property=\"og:title\" content=\"Deputados destinam R$ 700 mil para programas sociais em Santa Rita - O Santarritense\" \/>\n<meta property=\"og:description\" content=\"O munic\u00edpio de Santa Rita do Passa Quatro vai receber R$ 700 mil em recursos destinados ao fortalecimento de programas&hellip;\" \/>\n<meta property=\"og:url\" content=\"https:\/\/www.osantarritense.com.br\/jornal\/deputados-destinam-r-700-mil-para-programas-sociais-em-santa-rita\/\" \/>\n<meta property=\"og:site_name\" content=\"O Santarritense\" \/>\n<meta property=\"article:published_time\" content=\"2026-03-07T13:59:18+00:00\" \/>\n<meta property=\"article:modified_time\" content=\"2026-03-07T14:00:14+00:00\" \/>\n<meta property=\"og:image\" content=\"https:\/\/www.osantarritense.com.br\/jornal\/wp-content\/uploads\/2026\/03\/cats-2.jpg\" \/>\n\t<meta property=\"og:image:width\" content=\"1024\" \/>\n\t<meta property=\"og:image:height\" content=\"731\" \/>\n\t<meta property=\"og:image:type\" content=\"image\/jpeg\" \/>\n<meta name=\"author\" content=\"Reda\u00e7\u00e3o\" \/>\n<meta name=\"twitter:card\" content=\"summary_large_image\" \/>\n<meta name=\"twitter:label1\" content=\"Escrito por\" \/>\n\t<meta name=\"twitter:data1\" content=\"Reda\u00e7\u00e3o\" \/>\n\t<meta name=\"twitter:label2\" content=\"Est. tempo de leitura\" \/>\n\t<meta name=\"twitter:data2\" content=\"2 minutos\" \/>\n<script type=\"application\/ld+json\" class=\"yoast-schema-graph\">{\"@context\":\"https:\/\/schema.org\",\"@graph\":[{\"@type\":\"Article\",\"@id\":\"https:\/\/www.osantarritense.com.br\/jornal\/deputados-destinam-r-700-mil-para-programas-sociais-em-santa-rita\/#article\",\"isPartOf\":{\"@id\":\"https:\/\/www.osantarritense.com.br\/jornal\/deputados-destinam-r-700-mil-para-programas-sociais-em-santa-rita\/\"},\"author\":{\"name\":\"Reda\u00e7\u00e3o\",\"@id\":\"https:\/\/www.osantarritense.com.br\/jornal\/#\/schema\/person\/e126b4df363ecdbcf21dc50a978dd9b8\"},\"headline\":\"Deputados destinam R$ 700 mil para programas sociais em Santa Rita\",\"datePublished\":\"2026-03-07T13:59:18+00:00\",\"dateModified\":\"2026-03-07T14:00:14+00:00\",\"mainEntityOfPage\":{\"@id\":\"https:\/\/www.osantarritense.com.br\/jornal\/deputados-destinam-r-700-mil-para-programas-sociais-em-santa-rita\/\"},\"wordCount\":252,\"publisher\":{\"@id\":\"https:\/\/www.osantarritense.com.br\/jornal\/#\/schema\/person\/e126b4df363ecdbcf21dc50a978dd9b8\"},\"image\":{\"@id\":\"https:\/\/www.osantarritense.com.br\/jornal\/deputados-destinam-r-700-mil-para-programas-sociais-em-santa-rita\/#primaryimage\"},\"thumbnailUrl\":\"https:\/\/www.osantarritense.com.br\/jornal\/wp-content\/uploads\/2026\/03\/cats-2.jpg\",\"articleSection\":[\"Cidade\"],\"inLanguage\":\"pt-BR\"},{\"@type\":\"WebPage\",\"@id\":\"https:\/\/www.osantarritense.com.br\/jornal\/deputados-destinam-r-700-mil-para-programas-sociais-em-santa-rita\/\",\"url\":\"https:\/\/www.osantarritense.com.br\/jornal\/deputados-destinam-r-700-mil-para-programas-sociais-em-santa-rita\/\",\"name\":\"Deputados destinam R$ 700 mil para programas sociais em Santa Rita - O Santarritense\",\"isPartOf\":{\"@id\":\"https:\/\/www.osantarritense.com.br\/jornal\/#website\"},\"primaryImageOfPage\":{\"@id\":\"https:\/\/www.osantarritense.com.br\/jornal\/deputados-destinam-r-700-mil-para-programas-sociais-em-santa-rita\/#primaryimage\"},\"image\":{\"@id\":\"https:\/\/www.osantarritense.com.br\/jornal\/deputados-destinam-r-700-mil-para-programas-sociais-em-santa-rita\/#primaryimage\"},\"thumbnailUrl\":\"https:\/\/www.osantarritense.com.br\/jornal\/wp-content\/uploads\/2026\/03\/cats-2.jpg\",\"datePublished\":\"2026-03-07T13:59:18+00:00\",\"dateModified\":\"2026-03-07T14:00:14+00:00\",\"breadcrumb\":{\"@id\":\"https:\/\/www.osantarritense.com.br\/jornal\/deputados-destinam-r-700-mil-para-programas-sociais-em-santa-rita\/#breadcrumb\"},\"inLanguage\":\"pt-BR\",\"potentialAction\":[{\"@type\":\"ReadAction\",\"target\":[\"https:\/\/www.osantarritense.com.br\/jornal\/deputados-destinam-r-700-mil-para-programas-sociais-em-santa-rita\/\"]}]},{\"@type\":\"ImageObject\",\"inLanguage\":\"pt-BR\",\"@id\":\"https:\/\/www.osantarritense.com.br\/jornal\/deputados-destinam-r-700-mil-para-programas-sociais-em-santa-rita\/#primaryimage\",\"url\":\"https:\/\/www.osantarritense.com.br\/jornal\/wp-content\/uploads\/2026\/03\/cats-2.jpg\",\"contentUrl\":\"https:\/\/www.osantarritense.com.br\/jornal\/wp-content\/uploads\/2026\/03\/cats-2.jpg\",\"width\":1024,\"height\":731},{\"@type\":\"BreadcrumbList\",\"@id\":\"https:\/\/www.osantarritense.com.br\/jornal\/deputados-destinam-r-700-mil-para-programas-sociais-em-santa-rita\/#breadcrumb\",\"itemListElement\":[{\"@type\":\"ListItem\",\"position\":1,\"name\":\"In\u00edcio\",\"item\":\"https:\/\/www.osantarritense.com.br\/jornal\/\"},{\"@type\":\"ListItem\",\"position\":2,\"name\":\"Deputados destinam R$ 700 mil para programas sociais em Santa Rita\"}]},{\"@type\":\"WebSite\",\"@id\":\"https:\/\/www.osantarritense.com.br\/jornal\/#website\",\"url\":\"https:\/\/www.osantarritense.com.br\/jornal\/\",\"name\":\"O Santarritense\",\"description\":\"Jornal\",\"publisher\":{\"@id\":\"https:\/\/www.osantarritense.com.br\/jornal\/#\/schema\/person\/e126b4df363ecdbcf21dc50a978dd9b8\"},\"potentialAction\":[{\"@type\":\"SearchAction\",\"target\":{\"@type\":\"EntryPoint\",\"urlTemplate\":\"https:\/\/www.osantarritense.com.br\/jornal\/?s={search_term_string}\"},\"query-input\":{\"@type\":\"PropertyValueSpecification\",\"valueRequired\":true,\"valueName\":\"search_term_string\"}}],\"inLanguage\":\"pt-BR\"},{\"@type\":[\"Person\",\"Organization\"],\"@id\":\"https:\/\/www.osantarritense.com.br\/jornal\/#\/schema\/person\/e126b4df363ecdbcf21dc50a978dd9b8\",\"name\":\"Reda\u00e7\u00e3o\",\"image\":{\"@type\":\"ImageObject\",\"inLanguage\":\"pt-BR\",\"@id\":\"https:\/\/www.osantarritense.com.br\/jornal\/#\/schema\/person\/image\/\",\"url\":\"https:\/\/www.osantarritense.com.br\/jornal\/wp-content\/uploads\/2026\/02\/cropped-logosantarritense.jpg\",\"contentUrl\":\"https:\/\/www.osantarritense.com.br\/jornal\/wp-content\/uploads\/2026\/02\/cropped-logosantarritense.jpg\",\"width\":1221,\"height\":251,\"caption\":\"Reda\u00e7\u00e3o\"},\"logo\":{\"@id\":\"https:\/\/www.osantarritense.com.br\/jornal\/#\/schema\/person\/image\/\"},\"sameAs\":[\"https:\/\/www.osantarritense.com.br\/jornal\"],\"url\":\"https:\/\/www.osantarritense.com.br\/jornal\/author\/admin\/\"}]}<\/script>\n<!-- \/ Yoast SEO plugin. -->","yoast_head_json":{"title":"Deputados destinam R$ 700 mil para programas sociais em Santa Rita - O Santarritense","robots":{"index":"index","follow":"follow","max-snippet":"max-snippet:-1","max-image-preview":"max-image-preview:large","max-video-preview":"max-video-preview:-1"},"canonical":"https:\/\/www.osantarritense.com.br\/jornal\/deputados-destinam-r-700-mil-para-programas-sociais-em-santa-rita\/","og_locale":"pt_BR","og_type":"article","og_title":"Deputados destinam R$ 700 mil para programas sociais em Santa Rita - O Santarritense","og_description":"O munic\u00edpio de Santa Rita do Passa Quatro vai receber R$ 700 mil em recursos destinados ao fortalecimento de programas&hellip;","og_url":"https:\/\/www.osantarritense.com.br\/jornal\/deputados-destinam-r-700-mil-para-programas-sociais-em-santa-rita\/","og_site_name":"O Santarritense","article_published_time":"2026-03-07T13:59:18+00:00","article_modified_time":"2026-03-07T14:00:14+00:00","og_image":[{"width":1024,"height":731,"url":"https:\/\/www.osantarritense.com.br\/jornal\/wp-content\/uploads\/2026\/03\/cats-2.jpg","type":"image\/jpeg"}],"author":"Reda\u00e7\u00e3o","twitter_card":"summary_large_image","twitter_misc":{"Escrito por":"Reda\u00e7\u00e3o","Est. tempo de leitura":"2 minutos"},"schema":{"@context":"https:\/\/schema.org","@graph":[{"@type":"Article","@id":"https:\/\/www.osantarritense.com.br\/jornal\/deputados-destinam-r-700-mil-para-programas-sociais-em-santa-rita\/#article","isPartOf":{"@id":"https:\/\/www.osantarritense.com.br\/jornal\/deputados-destinam-r-700-mil-para-programas-sociais-em-santa-rita\/"},"author":{"name":"Reda\u00e7\u00e3o","@id":"https:\/\/www.osantarritense.com.br\/jornal\/#\/schema\/person\/e126b4df363ecdbcf21dc50a978dd9b8"},"headline":"Deputados destinam R$ 700 mil para programas sociais em Santa Rita","datePublished":"2026-03-07T13:59:18+00:00","dateModified":"2026-03-07T14:00:14+00:00","mainEntityOfPage":{"@id":"https:\/\/www.osantarritense.com.br\/jornal\/deputados-destinam-r-700-mil-para-programas-sociais-em-santa-rita\/"},"wordCount":252,"publisher":{"@id":"https:\/\/www.osantarritense.com.br\/jornal\/#\/schema\/person\/e126b4df363ecdbcf21dc50a978dd9b8"},"image":{"@id":"https:\/\/www.osantarritense.com.br\/jornal\/deputados-destinam-r-700-mil-para-programas-sociais-em-santa-rita\/#primaryimage"},"thumbnailUrl":"https:\/\/www.osantarritense.com.br\/jornal\/wp-content\/uploads\/2026\/03\/cats-2.jpg","articleSection":["Cidade"],"inLanguage":"pt-BR"},{"@type":"WebPage","@id":"https:\/\/www.osantarritense.com.br\/jornal\/deputados-destinam-r-700-mil-para-programas-sociais-em-santa-rita\/","url":"https:\/\/www.osantarritense.com.br\/jornal\/deputados-destinam-r-700-mil-para-programas-sociais-em-santa-rita\/","name":"Deputados destinam R$ 700 mil para programas sociais em Santa Rita - O Santarritense","isPartOf":{"@id":"https:\/\/www.osantarritense.com.br\/jornal\/#website"},"primaryImageOfPage":{"@id":"https:\/\/www.osantarritense.com.br\/jornal\/deputados-destinam-r-700-mil-para-programas-sociais-em-santa-rita\/#primaryimage"},"image":{"@id":"https:\/\/www.osantarritense.com.br\/jornal\/deputados-destinam-r-700-mil-para-programas-sociais-em-santa-rita\/#primaryimage"},"thumbnailUrl":"https:\/\/www.osantarritense.com.br\/jornal\/wp-content\/uploads\/2026\/03\/cats-2.jpg","datePublished":"2026-03-07T13:59:18+00:00","dateModified":"2026-03-07T14:00:14+00:00","breadcrumb":{"@id":"https:\/\/www.osantarritense.com.br\/jornal\/deputados-destinam-r-700-mil-para-programas-sociais-em-santa-rita\/#breadcrumb"},"inLanguage":"pt-BR","potentialAction":[{"@type":"ReadAction","target":["https:\/\/www.osantarritense.com.br\/jornal\/deputados-destinam-r-700-mil-para-programas-sociais-em-santa-rita\/"]}]},{"@type":"ImageObject","inLanguage":"pt-BR","@id":"https:\/\/www.osantarritense.com.br\/jornal\/deputados-destinam-r-700-mil-para-programas-sociais-em-santa-rita\/#primaryimage","url":"https:\/\/www.osantarritense.com.br\/jornal\/wp-content\/uploads\/2026\/03\/cats-2.jpg","contentUrl":"https:\/\/www.osantarritense.com.br\/jornal\/wp-content\/uploads\/2026\/03\/cats-2.jpg","width":1024,"height":731},{"@type":"BreadcrumbList","@id":"https:\/\/www.osantarritense.com.br\/jornal\/deputados-destinam-r-700-mil-para-programas-sociais-em-santa-rita\/#breadcrumb","itemListElement":[{"@type":"ListItem","position":1,"name":"In\u00edcio","item":"https:\/\/www.osantarritense.com.br\/jornal\/"},{"@type":"ListItem","position":2,"name":"Deputados destinam R$ 700 mil para programas sociais em Santa Rita"}]},{"@type":"WebSite","@id":"https:\/\/www.osantarritense.com.br\/jornal\/#website","url":"https:\/\/www.osantarritense.com.br\/jornal\/","name":"O Santarritense","description":"Jornal","publisher":{"@id":"https:\/\/www.osantarritense.com.br\/jornal\/#\/schema\/person\/e126b4df363ecdbcf21dc50a978dd9b8"},"potentialAction":[{"@type":"SearchAction","target":{"@type":"EntryPoint","urlTemplate":"https:\/\/www.osantarritense.com.br\/jornal\/?s={search_term_string}"},"query-input":{"@type":"PropertyValueSpecification","valueRequired":true,"valueName":"search_term_string"}}],"inLanguage":"pt-BR"},{"@type":["Person","Organization"],"@id":"https:\/\/www.osantarritense.com.br\/jornal\/#\/schema\/person\/e126b4df363ecdbcf21dc50a978dd9b8","name":"Reda\u00e7\u00e3o","image":{"@type":"ImageObject","inLanguage":"pt-BR","@id":"https:\/\/www.osantarritense.com.br\/jornal\/#\/schema\/person\/image\/","url":"https:\/\/www.osantarritense.com.br\/jornal\/wp-content\/uploads\/2026\/02\/cropped-logosantarritense.jpg","contentUrl":"https:\/\/www.osantarritense.com.br\/jornal\/wp-content\/uploads\/2026\/02\/cropped-logosantarritense.jpg","width":1221,"height":251,"caption":"Reda\u00e7\u00e3o"},"logo":{"@id":"https:\/\/www.osantarritense.com.br\/jornal\/#\/schema\/person\/image\/"},"sameAs":["https:\/\/www.osantarritense.com.br\/jornal"],"url":"https:\/\/www.osantarritense.com.br\/jornal\/author\/admin\/"}]}},"_links":{"self":[{"href":"https:\/\/www.osantarritense.com.br\/jornal\/wp-json\/wp\/v2\/posts\/538","targetHints":{"allow":["GET"]}}],"collection":[{"href":"https:\/\/www.osantarritense.com.br\/jornal\/wp-json\/wp\/v2\/posts"}],"about":[{"href":"https:\/\/www.osantarritense.com.br\/jornal\/wp-json\/wp\/v2\/types\/post"}],"author":[{"embeddable":true,"href":"https:\/\/www.osantarritense.com.br\/jornal\/wp-json\/wp\/v2\/users\/1"}],"replies":[{"embeddable":true,"href":"https:\/\/www.osantarritense.com.br\/jornal\/wp-json\/wp\/v2\/comments?post=538"}],"version-history":[{"count":2,"href":"https:\/\/www.osantarritense.com.br\/jornal\/wp-json\/wp\/v2\/posts\/538\/revisions"}],"predecessor-version":[{"id":541,"href":"https:\/\/www.osantarritense.com.br\/jornal\/wp-json\/wp\/v2\/posts\/538\/revisions\/541"}],"wp:featuredmedia":[{"embeddable":true,"href":"https:\/\/www.osantarritense.com.br\/jornal\/wp-json\/wp\/v2\/media\/539"}],"wp:attachment":[{"href":"https:\/\/www.osantarritense.com.br\/jornal\/wp-json\/wp\/v2\/media?parent=538"}],"wp:term":[{"taxonomy":"category","embeddable":true,"href":"https:\/\/www.osantarritense.com.br\/jornal\/wp-json\/wp\/v2\/categories?post=538"},{"taxonomy":"post_tag","embeddable":true,"href":"https:\/\/www.osantarritense.com.br\/jornal\/wp-json\/wp\/v2\/tags?post=538"}],"curies":[{"name":"wp","href":"https:\/\/api.w.org\/{rel}","templated":true}]}}