{"id":529,"date":"2026-03-06T12:01:37","date_gmt":"2026-03-06T12:01:37","guid":{"rendered":"https:\/\/www.osantarritense.com.br\/jornal\/?p=529"},"modified":"2026-03-06T12:01:37","modified_gmt":"2026-03-06T12:01:37","slug":"fim-de-semana-deve-ter-pancadas-de-chuva-e-trovoadas-em-santa-rita","status":"publish","type":"post","link":"https:\/\/www.osantarritense.com.br\/jornal\/fim-de-semana-deve-ter-pancadas-de-chuva-e-trovoadas-em-santa-rita\/","title":{"rendered":"Fim de semana deve ter pancadas de chuva e trovoadas em Santa Rita"},"content":{"rendered":"<div class=\"flex flex-col text-sm pb-25\">\n<article class=\"text-token-text-primary w-full focus:outline-none [--shadow-height:45px] has-data-writing-block:pointer-events-none has-data-writing-block:-mt-(--shadow-height) has-data-writing-block:pt-(--shadow-height) [&amp;:has([data-writing-block])&gt;*]:pointer-events-auto scroll-mt-[calc(var(--header-height)+min(200px,max(70px,20svh)))]\" dir=\"auto\" tabindex=\"-1\" data-turn-id=\"request-WEB:6f50cfb4-0c4d-411d-82a3-555edc0c6f80-14\" data-testid=\"conversation-turn-30\" data-scroll-anchor=\"true\" data-turn=\"assistant\">\n<div class=\"text-base my-auto mx-auto pb-10 [--thread-content-margin:var(--thread-content-margin-xs,calc(var(--spacing)*4))] @w-sm\/main:[--thread-content-margin:var(--thread-content-margin-sm,calc(var(--spacing)*6))] @w-lg\/main:[--thread-content-margin:var(--thread-content-margin-lg,calc(var(--spacing)*16))] px-(--thread-content-margin)\">\n<div class=\"[--thread-content-max-width:40rem] @w-lg\/main:[--thread-content-max-width:48rem] mx-auto max-w-(--thread-content-max-width) flex-1 group\/turn-messages focus-visible:outline-hidden relative flex w-full min-w-0 flex-col agent-turn\" tabindex=\"-1\">\n<div class=\"flex max-w-full flex-col gap-4 grow\">\n<div class=\"min-h-8 text-message relative flex w-full flex-col items-end gap-2 text-start break-words whitespace-normal [.text-message+&amp;]:mt-1\" dir=\"auto\" data-message-author-role=\"assistant\" data-message-id=\"85e1560f-1bf6-4d68-9165-999aa4dc3bb0\" data-message-model-slug=\"gpt-5-3\">\n<div class=\"flex w-full flex-col gap-1 empty:hidden\">\n<div class=\"markdown prose dark:prose-invert w-full wrap-break-word light markdown-new-styling\">\n<p data-start=\"0\" data-end=\"301\"><span style=\"font-family: tahoma, arial, helvetica, sans-serif;\">O <strong data-start=\"2\" data-end=\"51\"><span class=\"hover:entity-accent entity-underline inline cursor-pointer align-baseline\"><span class=\"whitespace-normal\">Instituto Nacional de Meteorologia<\/span><\/span> (Inmet)<\/strong> emitiu <strong data-start=\"59\" data-end=\"88\">alerta de chuvas intensas<\/strong> para diversas cidades do estado de <strong data-start=\"124\" data-end=\"165\"><span class=\"hover:entity-accent entity-underline inline cursor-pointer align-baseline\"><span class=\"whitespace-normal\">S\u00e3o Paulo<\/span><\/span><\/strong>, incluindo <strong data-start=\"177\" data-end=\"218\"><span class=\"hover:entity-accent entity-underline inline cursor-pointer align-baseline\"><span class=\"whitespace-normal\">Santa Rita do Passa Quatro<\/span><\/span><\/strong> e munic\u00edpios da regi\u00e3o. <strong data-start=\"243\" data-end=\"301\">O alerta \u00e9 v\u00e1lido das 0h01 at\u00e9 as 23h59 de s\u00e1bado (7).<\/strong><\/span><\/p>\n<p data-start=\"0\" data-end=\"301\"><span style=\"font-family: tahoma, arial, helvetica, sans-serif;\">\ud83d\udcf1 <em>Siga o O Santarritense no <a href=\"https:\/\/www.instagram.com\/osantarritense\/\">Instagram<\/a><\/em><\/span><\/p>\n<p data-start=\"303\" data-end=\"601\"><span style=\"font-family: tahoma, arial, helvetica, sans-serif;\">Segundo o \u00f3rg\u00e3o, <strong data-start=\"320\" data-end=\"396\">regi\u00f5es do oeste, centro, norte, leste e parte do sul do estado paulista<\/strong> est\u00e3o sob <strong data-start=\"407\" data-end=\"425\">alerta amarelo<\/strong>, o primeiro n\u00edvel em uma escala de tr\u00eas graus de severidade. Esse est\u00e1gio indica <strong data-start=\"507\" data-end=\"529\">\u201cperigo potencial\u201d<\/strong>, com possibilidade de <strong data-start=\"552\" data-end=\"600\">chuvas moderadas a fortes em pontos isolados<\/strong>.<\/span><\/p>\n<p data-start=\"603\" data-end=\"890\"><span style=\"font-family: tahoma, arial, helvetica, sans-serif;\">De acordo com a <strong data-start=\"619\" data-end=\"660\"><span class=\"hover:entity-accent entity-underline inline cursor-pointer align-baseline\"><span class=\"whitespace-normal\">Climatempo<\/span><\/span><\/strong>, a mudan\u00e7a nas condi\u00e7\u00f5es do tempo ocorre devido a <strong data-start=\"711\" data-end=\"747\">uma nova configura\u00e7\u00e3o dos ventos<\/strong>, que passa a direcionar <strong data-start=\"772\" data-end=\"815\">mais umidade para o estado de S\u00e3o Paulo<\/strong>, favorecendo a forma\u00e7\u00e3o de <strong data-start=\"843\" data-end=\"889\">nuvens carregadas e \u00e1reas de instabilidade<\/strong>.<\/span><\/p>\n<p data-start=\"892\" data-end=\"1143\"><span style=\"font-family: tahoma, arial, helvetica, sans-serif;\">Outro fator que contribui para o cen\u00e1rio \u00e9 a presen\u00e7a de <strong data-start=\"949\" data-end=\"975\">cavados meteorol\u00f3gicos<\/strong>, <strong data-start=\"977\" data-end=\"1053\">\u00e1reas alongadas de baixa press\u00e3o que estimulam a forma\u00e7\u00e3o de tempestades<\/strong>. Com isso, <strong data-start=\"1065\" data-end=\"1142\">as pancadas de chuva devem ocorrer principalmente entre a tarde e a noite<\/strong>.<\/span><\/p>\n<p data-start=\"1145\" data-end=\"1402\"><span style=\"font-family: tahoma, arial, helvetica, sans-serif;\">Segundo <strong data-start=\"1153\" data-end=\"1194\"><span class=\"hover:entity-accent entity-underline inline cursor-pointer align-baseline\"><span class=\"whitespace-normal\">Vitor Takao Suganuma<\/span><\/span><\/strong>, <strong data-start=\"1196\" data-end=\"1298\">o aumento da umidade e das instabilidades atmosf\u00e9ricas favorece a ocorr\u00eancia de temporais isolados<\/strong>, com possibilidade de <strong data-start=\"1321\" data-end=\"1401\">rajadas de vento e volumes de chuva mais elevados em alguns pontos do estado<\/strong>.<\/span><\/p>\n<h3 data-section-id=\"nucz69\" data-start=\"1404\" data-end=\"1438\"><span style=\"font-family: tahoma, arial, helvetica, sans-serif;\">Previs\u00e3o para os pr\u00f3ximos dias<\/span><\/h3>\n<p data-start=\"1440\" data-end=\"1625\"><span style=\"font-family: tahoma, arial, helvetica, sans-serif;\">Para <strong data-start=\"1445\" data-end=\"1469\">esta sexta-feira (6)<\/strong>, a previs\u00e3o indica <strong data-start=\"1489\" data-end=\"1552\">sol com muitas nuvens e pancadas de chuva \u00e0 tarde e \u00e0 noite<\/strong>, com volume estimado de <strong data-start=\"1577\" data-end=\"1587\">2,6 mm<\/strong> e temperaturas entre <strong data-start=\"1609\" data-end=\"1624\">21\u00b0C e 29\u00b0C<\/strong>.<\/span><\/p>\n<p data-start=\"1627\" data-end=\"1835\"><span style=\"font-family: tahoma, arial, helvetica, sans-serif;\">No <strong data-start=\"1630\" data-end=\"1644\">s\u00e1bado (7)<\/strong>, o tempo segue inst\u00e1vel, com <strong data-start=\"1674\" data-end=\"1695\">chuva e trovoadas<\/strong>. A previs\u00e3o aponta <strong data-start=\"1715\" data-end=\"1734\">9,7 mm de chuva<\/strong>, com <strong data-start=\"1740\" data-end=\"1796\">pancadas \u00e0 tarde e possibilidade de temporal \u00e0 noite<\/strong>, e temperaturas entre <strong data-start=\"1819\" data-end=\"1834\">21\u00b0C e 29\u00b0C<\/strong>.<\/span><\/p>\n<p data-start=\"1837\" data-end=\"2059\"><span style=\"font-family: tahoma, arial, helvetica, sans-serif;\">J\u00e1 no <strong data-start=\"1843\" data-end=\"1858\">domingo (8)<\/strong>, a instabilidade aumenta, com previs\u00e3o de <strong data-start=\"1901\" data-end=\"1921\">13,7 mm de chuva<\/strong>, al\u00e9m de <strong data-start=\"1931\" data-end=\"2006\">sol entre muitas nuvens, pancadas \u00e0 tarde e chance de temporais \u00e0 noite<\/strong>. As temperaturas devem variar entre <strong data-start=\"2043\" data-end=\"2058\">20\u00b0C e 30\u00b0C<\/strong>.<\/span><\/p>\n<p data-start=\"2061\" data-end=\"2243\"><span style=\"font-family: tahoma, arial, helvetica, sans-serif;\">Apesar da previs\u00e3o de chuva e trovoadas, o alerta aponta <strong data-start=\"2118\" data-end=\"2242\">baixo risco de ocorr\u00eancias como corte de energia el\u00e9trica, queda de galhos de \u00e1rvores, alagamentos e descargas el\u00e9tricas<\/strong>.<\/span><\/p>\n<p data-start=\"2245\" data-end=\"2410\"><span style=\"font-family: tahoma, arial, helvetica, sans-serif;\">Uma <strong data-start=\"2249\" data-end=\"2264\">frente fria<\/strong> tamb\u00e9m deve <strong data-start=\"2277\" data-end=\"2327\">refor\u00e7ar as chuvas no in\u00edcio da pr\u00f3xima semana<\/strong>, mantendo <strong data-start=\"2338\" data-end=\"2409\">condi\u00e7\u00f5es para pancadas e trovoadas em cidades do interior paulista<\/strong>.<\/span><\/p>\n<h3 data-section-id=\"oqd0bs\" data-start=\"2412\" data-end=\"2427\"><span style=\"font-family: tahoma, arial, helvetica, sans-serif;\">Orienta\u00e7\u00f5es<\/span><\/h3>\n<p data-start=\"2429\" data-end=\"2660\"><span style=\"font-family: tahoma, arial, helvetica, sans-serif;\">Em caso de rajadas de vento, <strong data-start=\"2458\" data-end=\"2497\">evite se abrigar debaixo de \u00e1rvores<\/strong>, pois h\u00e1 risco de queda de galhos e descargas el\u00e9tricas. Tamb\u00e9m \u00e9 recomendado <strong data-start=\"2576\" data-end=\"2659\">n\u00e3o estacionar ve\u00edculos pr\u00f3ximos a torres de transmiss\u00e3o e placas de propaganda<\/strong>.<\/span><\/p>\n<p data-start=\"2662\" data-end=\"2829\" data-is-last-node=\"\" data-is-only-node=\"\"><span style=\"font-family: tahoma, arial, helvetica, sans-serif;\">Outra orienta\u00e7\u00e3o \u00e9 <strong data-start=\"2681\" data-end=\"2759\">evitar o uso de aparelhos eletr\u00f4nicos ligados \u00e0 tomada durante tempestades<\/strong>, como forma de prevenir danos causados por descargas el\u00e9tricas. \ud83c\udf27\ufe0f\u26c8\ufe0f<\/span><\/p>\n<p data-start=\"778\" data-end=\"1029\" data-is-last-node=\"\" data-is-only-node=\"\"><span style=\"font-family: tahoma, arial, helvetica, sans-serif;\">\u270d\ufe0f <em data-start=\"1160\" data-end=\"1198\" data-is-last-node=\"\">Da reda\u00e7\u00e3o: <a href=\"https:\/\/www.facebook.com\/jornalistatonioliveiraon\/\"><strong>Jornalista Toni Oliveira<\/strong><\/a><\/em><\/span><\/p>\n<p><span style=\"font-family: tahoma, arial, helvetica, sans-serif;\"><em>( Fica proibida a reprodu\u00e7\u00e3o total ou parcial, c\u00f3pia ou distribui\u00e7\u00e3o do conte\u00fado, sem autoriza\u00e7\u00e3o expressa por parte do <strong>jornal O Santarritense<\/strong>)<\/em><\/span><\/p>\n<\/div>\n<\/div>\n<\/div>\n<\/div>\n<\/div>\n<\/div>\n<\/article>\n<\/div>\n","protected":false},"excerpt":{"rendered":"<p>O Instituto Nacional de Meteorologia (Inmet) emitiu alerta de chuvas intensas para diversas cidades do estado de S\u00e3o Paulo, incluindo&hellip;<\/p>\n","protected":false},"author":1,"featured_media":530,"comment_status":"closed","ping_status":"closed","sticky":false,"template":"","format":"standard","meta":{"footnotes":""},"categories":[3],"tags":[],"class_list":["post-529","post","type-post","status-publish","format-standard","has-post-thumbnail","hentry","category-cidade"],"yoast_head":"<!-- This site is optimized with the Yoast SEO plugin v26.8 - https:\/\/yoast.com\/product\/yoast-seo-wordpress\/ -->\n<title>Fim de semana deve ter pancadas de chuva e trovoadas em Santa Rita - O Santarritense<\/title>\n<meta name=\"robots\" content=\"index, follow, max-snippet:-1, max-image-preview:large, max-video-preview:-1\" \/>\n<link rel=\"canonical\" href=\"https:\/\/www.osantarritense.com.br\/jornal\/fim-de-semana-deve-ter-pancadas-de-chuva-e-trovoadas-em-santa-rita\/\" \/>\n<meta property=\"og:locale\" content=\"pt_BR\" \/>\n<meta property=\"og:type\" content=\"article\" \/>\n<meta property=\"og:title\" content=\"Fim de semana deve ter pancadas de chuva e trovoadas em Santa Rita - O Santarritense\" \/>\n<meta property=\"og:description\" content=\"O Instituto Nacional de Meteorologia (Inmet) emitiu alerta de chuvas intensas para diversas cidades do estado de S\u00e3o Paulo, incluindo&hellip;\" \/>\n<meta property=\"og:url\" content=\"https:\/\/www.osantarritense.com.br\/jornal\/fim-de-semana-deve-ter-pancadas-de-chuva-e-trovoadas-em-santa-rita\/\" \/>\n<meta property=\"og:site_name\" content=\"O Santarritense\" \/>\n<meta property=\"article:published_time\" content=\"2026-03-06T12:01:37+00:00\" \/>\n<meta property=\"og:image\" content=\"https:\/\/www.osantarritense.com.br\/jornal\/wp-content\/uploads\/2026\/03\/tempo.jpg\" \/>\n\t<meta property=\"og:image:width\" content=\"900\" \/>\n\t<meta property=\"og:image:height\" content=\"592\" \/>\n\t<meta property=\"og:image:type\" content=\"image\/jpeg\" \/>\n<meta name=\"author\" content=\"Reda\u00e7\u00e3o\" \/>\n<meta name=\"twitter:card\" content=\"summary_large_image\" \/>\n<meta name=\"twitter:label1\" content=\"Escrito por\" \/>\n\t<meta name=\"twitter:data1\" content=\"Reda\u00e7\u00e3o\" \/>\n\t<meta name=\"twitter:label2\" content=\"Est. tempo de leitura\" \/>\n\t<meta name=\"twitter:data2\" content=\"3 minutos\" \/>\n<script type=\"application\/ld+json\" class=\"yoast-schema-graph\">{\"@context\":\"https:\/\/schema.org\",\"@graph\":[{\"@type\":\"Article\",\"@id\":\"https:\/\/www.osantarritense.com.br\/jornal\/fim-de-semana-deve-ter-pancadas-de-chuva-e-trovoadas-em-santa-rita\/#article\",\"isPartOf\":{\"@id\":\"https:\/\/www.osantarritense.com.br\/jornal\/fim-de-semana-deve-ter-pancadas-de-chuva-e-trovoadas-em-santa-rita\/\"},\"author\":{\"name\":\"Reda\u00e7\u00e3o\",\"@id\":\"https:\/\/www.osantarritense.com.br\/jornal\/#\/schema\/person\/e126b4df363ecdbcf21dc50a978dd9b8\"},\"headline\":\"Fim de semana deve ter pancadas de chuva e trovoadas em Santa Rita\",\"datePublished\":\"2026-03-06T12:01:37+00:00\",\"mainEntityOfPage\":{\"@id\":\"https:\/\/www.osantarritense.com.br\/jornal\/fim-de-semana-deve-ter-pancadas-de-chuva-e-trovoadas-em-santa-rita\/\"},\"wordCount\":506,\"publisher\":{\"@id\":\"https:\/\/www.osantarritense.com.br\/jornal\/#\/schema\/person\/e126b4df363ecdbcf21dc50a978dd9b8\"},\"image\":{\"@id\":\"https:\/\/www.osantarritense.com.br\/jornal\/fim-de-semana-deve-ter-pancadas-de-chuva-e-trovoadas-em-santa-rita\/#primaryimage\"},\"thumbnailUrl\":\"https:\/\/www.osantarritense.com.br\/jornal\/wp-content\/uploads\/2026\/03\/tempo.jpg\",\"articleSection\":[\"Cidade\"],\"inLanguage\":\"pt-BR\"},{\"@type\":\"WebPage\",\"@id\":\"https:\/\/www.osantarritense.com.br\/jornal\/fim-de-semana-deve-ter-pancadas-de-chuva-e-trovoadas-em-santa-rita\/\",\"url\":\"https:\/\/www.osantarritense.com.br\/jornal\/fim-de-semana-deve-ter-pancadas-de-chuva-e-trovoadas-em-santa-rita\/\",\"name\":\"Fim de semana deve ter pancadas de chuva e trovoadas em Santa Rita - O Santarritense\",\"isPartOf\":{\"@id\":\"https:\/\/www.osantarritense.com.br\/jornal\/#website\"},\"primaryImageOfPage\":{\"@id\":\"https:\/\/www.osantarritense.com.br\/jornal\/fim-de-semana-deve-ter-pancadas-de-chuva-e-trovoadas-em-santa-rita\/#primaryimage\"},\"image\":{\"@id\":\"https:\/\/www.osantarritense.com.br\/jornal\/fim-de-semana-deve-ter-pancadas-de-chuva-e-trovoadas-em-santa-rita\/#primaryimage\"},\"thumbnailUrl\":\"https:\/\/www.osantarritense.com.br\/jornal\/wp-content\/uploads\/2026\/03\/tempo.jpg\",\"datePublished\":\"2026-03-06T12:01:37+00:00\",\"breadcrumb\":{\"@id\":\"https:\/\/www.osantarritense.com.br\/jornal\/fim-de-semana-deve-ter-pancadas-de-chuva-e-trovoadas-em-santa-rita\/#breadcrumb\"},\"inLanguage\":\"pt-BR\",\"potentialAction\":[{\"@type\":\"ReadAction\",\"target\":[\"https:\/\/www.osantarritense.com.br\/jornal\/fim-de-semana-deve-ter-pancadas-de-chuva-e-trovoadas-em-santa-rita\/\"]}]},{\"@type\":\"ImageObject\",\"inLanguage\":\"pt-BR\",\"@id\":\"https:\/\/www.osantarritense.com.br\/jornal\/fim-de-semana-deve-ter-pancadas-de-chuva-e-trovoadas-em-santa-rita\/#primaryimage\",\"url\":\"https:\/\/www.osantarritense.com.br\/jornal\/wp-content\/uploads\/2026\/03\/tempo.jpg\",\"contentUrl\":\"https:\/\/www.osantarritense.com.br\/jornal\/wp-content\/uploads\/2026\/03\/tempo.jpg\",\"width\":900,\"height\":592},{\"@type\":\"BreadcrumbList\",\"@id\":\"https:\/\/www.osantarritense.com.br\/jornal\/fim-de-semana-deve-ter-pancadas-de-chuva-e-trovoadas-em-santa-rita\/#breadcrumb\",\"itemListElement\":[{\"@type\":\"ListItem\",\"position\":1,\"name\":\"In\u00edcio\",\"item\":\"https:\/\/www.osantarritense.com.br\/jornal\/\"},{\"@type\":\"ListItem\",\"position\":2,\"name\":\"Fim de semana deve ter pancadas de chuva e trovoadas em Santa Rita\"}]},{\"@type\":\"WebSite\",\"@id\":\"https:\/\/www.osantarritense.com.br\/jornal\/#website\",\"url\":\"https:\/\/www.osantarritense.com.br\/jornal\/\",\"name\":\"O Santarritense\",\"description\":\"Jornal\",\"publisher\":{\"@id\":\"https:\/\/www.osantarritense.com.br\/jornal\/#\/schema\/person\/e126b4df363ecdbcf21dc50a978dd9b8\"},\"potentialAction\":[{\"@type\":\"SearchAction\",\"target\":{\"@type\":\"EntryPoint\",\"urlTemplate\":\"https:\/\/www.osantarritense.com.br\/jornal\/?s={search_term_string}\"},\"query-input\":{\"@type\":\"PropertyValueSpecification\",\"valueRequired\":true,\"valueName\":\"search_term_string\"}}],\"inLanguage\":\"pt-BR\"},{\"@type\":[\"Person\",\"Organization\"],\"@id\":\"https:\/\/www.osantarritense.com.br\/jornal\/#\/schema\/person\/e126b4df363ecdbcf21dc50a978dd9b8\",\"name\":\"Reda\u00e7\u00e3o\",\"image\":{\"@type\":\"ImageObject\",\"inLanguage\":\"pt-BR\",\"@id\":\"https:\/\/www.osantarritense.com.br\/jornal\/#\/schema\/person\/image\/\",\"url\":\"https:\/\/www.osantarritense.com.br\/jornal\/wp-content\/uploads\/2026\/02\/cropped-logosantarritense.jpg\",\"contentUrl\":\"https:\/\/www.osantarritense.com.br\/jornal\/wp-content\/uploads\/2026\/02\/cropped-logosantarritense.jpg\",\"width\":1221,\"height\":251,\"caption\":\"Reda\u00e7\u00e3o\"},\"logo\":{\"@id\":\"https:\/\/www.osantarritense.com.br\/jornal\/#\/schema\/person\/image\/\"},\"sameAs\":[\"https:\/\/www.osantarritense.com.br\/jornal\"],\"url\":\"https:\/\/www.osantarritense.com.br\/jornal\/author\/admin\/\"}]}<\/script>\n<!-- \/ Yoast SEO plugin. -->","yoast_head_json":{"title":"Fim de semana deve ter pancadas de chuva e trovoadas em Santa Rita - O Santarritense","robots":{"index":"index","follow":"follow","max-snippet":"max-snippet:-1","max-image-preview":"max-image-preview:large","max-video-preview":"max-video-preview:-1"},"canonical":"https:\/\/www.osantarritense.com.br\/jornal\/fim-de-semana-deve-ter-pancadas-de-chuva-e-trovoadas-em-santa-rita\/","og_locale":"pt_BR","og_type":"article","og_title":"Fim de semana deve ter pancadas de chuva e trovoadas em Santa Rita - O Santarritense","og_description":"O Instituto Nacional de Meteorologia (Inmet) emitiu alerta de chuvas intensas para diversas cidades do estado de S\u00e3o Paulo, incluindo&hellip;","og_url":"https:\/\/www.osantarritense.com.br\/jornal\/fim-de-semana-deve-ter-pancadas-de-chuva-e-trovoadas-em-santa-rita\/","og_site_name":"O Santarritense","article_published_time":"2026-03-06T12:01:37+00:00","og_image":[{"width":900,"height":592,"url":"https:\/\/www.osantarritense.com.br\/jornal\/wp-content\/uploads\/2026\/03\/tempo.jpg","type":"image\/jpeg"}],"author":"Reda\u00e7\u00e3o","twitter_card":"summary_large_image","twitter_misc":{"Escrito por":"Reda\u00e7\u00e3o","Est. tempo de leitura":"3 minutos"},"schema":{"@context":"https:\/\/schema.org","@graph":[{"@type":"Article","@id":"https:\/\/www.osantarritense.com.br\/jornal\/fim-de-semana-deve-ter-pancadas-de-chuva-e-trovoadas-em-santa-rita\/#article","isPartOf":{"@id":"https:\/\/www.osantarritense.com.br\/jornal\/fim-de-semana-deve-ter-pancadas-de-chuva-e-trovoadas-em-santa-rita\/"},"author":{"name":"Reda\u00e7\u00e3o","@id":"https:\/\/www.osantarritense.com.br\/jornal\/#\/schema\/person\/e126b4df363ecdbcf21dc50a978dd9b8"},"headline":"Fim de semana deve ter pancadas de chuva e trovoadas em Santa Rita","datePublished":"2026-03-06T12:01:37+00:00","mainEntityOfPage":{"@id":"https:\/\/www.osantarritense.com.br\/jornal\/fim-de-semana-deve-ter-pancadas-de-chuva-e-trovoadas-em-santa-rita\/"},"wordCount":506,"publisher":{"@id":"https:\/\/www.osantarritense.com.br\/jornal\/#\/schema\/person\/e126b4df363ecdbcf21dc50a978dd9b8"},"image":{"@id":"https:\/\/www.osantarritense.com.br\/jornal\/fim-de-semana-deve-ter-pancadas-de-chuva-e-trovoadas-em-santa-rita\/#primaryimage"},"thumbnailUrl":"https:\/\/www.osantarritense.com.br\/jornal\/wp-content\/uploads\/2026\/03\/tempo.jpg","articleSection":["Cidade"],"inLanguage":"pt-BR"},{"@type":"WebPage","@id":"https:\/\/www.osantarritense.com.br\/jornal\/fim-de-semana-deve-ter-pancadas-de-chuva-e-trovoadas-em-santa-rita\/","url":"https:\/\/www.osantarritense.com.br\/jornal\/fim-de-semana-deve-ter-pancadas-de-chuva-e-trovoadas-em-santa-rita\/","name":"Fim de semana deve ter pancadas de chuva e trovoadas em Santa Rita - O Santarritense","isPartOf":{"@id":"https:\/\/www.osantarritense.com.br\/jornal\/#website"},"primaryImageOfPage":{"@id":"https:\/\/www.osantarritense.com.br\/jornal\/fim-de-semana-deve-ter-pancadas-de-chuva-e-trovoadas-em-santa-rita\/#primaryimage"},"image":{"@id":"https:\/\/www.osantarritense.com.br\/jornal\/fim-de-semana-deve-ter-pancadas-de-chuva-e-trovoadas-em-santa-rita\/#primaryimage"},"thumbnailUrl":"https:\/\/www.osantarritense.com.br\/jornal\/wp-content\/uploads\/2026\/03\/tempo.jpg","datePublished":"2026-03-06T12:01:37+00:00","breadcrumb":{"@id":"https:\/\/www.osantarritense.com.br\/jornal\/fim-de-semana-deve-ter-pancadas-de-chuva-e-trovoadas-em-santa-rita\/#breadcrumb"},"inLanguage":"pt-BR","potentialAction":[{"@type":"ReadAction","target":["https:\/\/www.osantarritense.com.br\/jornal\/fim-de-semana-deve-ter-pancadas-de-chuva-e-trovoadas-em-santa-rita\/"]}]},{"@type":"ImageObject","inLanguage":"pt-BR","@id":"https:\/\/www.osantarritense.com.br\/jornal\/fim-de-semana-deve-ter-pancadas-de-chuva-e-trovoadas-em-santa-rita\/#primaryimage","url":"https:\/\/www.osantarritense.com.br\/jornal\/wp-content\/uploads\/2026\/03\/tempo.jpg","contentUrl":"https:\/\/www.osantarritense.com.br\/jornal\/wp-content\/uploads\/2026\/03\/tempo.jpg","width":900,"height":592},{"@type":"BreadcrumbList","@id":"https:\/\/www.osantarritense.com.br\/jornal\/fim-de-semana-deve-ter-pancadas-de-chuva-e-trovoadas-em-santa-rita\/#breadcrumb","itemListElement":[{"@type":"ListItem","position":1,"name":"In\u00edcio","item":"https:\/\/www.osantarritense.com.br\/jornal\/"},{"@type":"ListItem","position":2,"name":"Fim de semana deve ter pancadas de chuva e trovoadas em Santa Rita"}]},{"@type":"WebSite","@id":"https:\/\/www.osantarritense.com.br\/jornal\/#website","url":"https:\/\/www.osantarritense.com.br\/jornal\/","name":"O Santarritense","description":"Jornal","publisher":{"@id":"https:\/\/www.osantarritense.com.br\/jornal\/#\/schema\/person\/e126b4df363ecdbcf21dc50a978dd9b8"},"potentialAction":[{"@type":"SearchAction","target":{"@type":"EntryPoint","urlTemplate":"https:\/\/www.osantarritense.com.br\/jornal\/?s={search_term_string}"},"query-input":{"@type":"PropertyValueSpecification","valueRequired":true,"valueName":"search_term_string"}}],"inLanguage":"pt-BR"},{"@type":["Person","Organization"],"@id":"https:\/\/www.osantarritense.com.br\/jornal\/#\/schema\/person\/e126b4df363ecdbcf21dc50a978dd9b8","name":"Reda\u00e7\u00e3o","image":{"@type":"ImageObject","inLanguage":"pt-BR","@id":"https:\/\/www.osantarritense.com.br\/jornal\/#\/schema\/person\/image\/","url":"https:\/\/www.osantarritense.com.br\/jornal\/wp-content\/uploads\/2026\/02\/cropped-logosantarritense.jpg","contentUrl":"https:\/\/www.osantarritense.com.br\/jornal\/wp-content\/uploads\/2026\/02\/cropped-logosantarritense.jpg","width":1221,"height":251,"caption":"Reda\u00e7\u00e3o"},"logo":{"@id":"https:\/\/www.osantarritense.com.br\/jornal\/#\/schema\/person\/image\/"},"sameAs":["https:\/\/www.osantarritense.com.br\/jornal"],"url":"https:\/\/www.osantarritense.com.br\/jornal\/author\/admin\/"}]}},"_links":{"self":[{"href":"https:\/\/www.osantarritense.com.br\/jornal\/wp-json\/wp\/v2\/posts\/529","targetHints":{"allow":["GET"]}}],"collection":[{"href":"https:\/\/www.osantarritense.com.br\/jornal\/wp-json\/wp\/v2\/posts"}],"about":[{"href":"https:\/\/www.osantarritense.com.br\/jornal\/wp-json\/wp\/v2\/types\/post"}],"author":[{"embeddable":true,"href":"https:\/\/www.osantarritense.com.br\/jornal\/wp-json\/wp\/v2\/users\/1"}],"replies":[{"embeddable":true,"href":"https:\/\/www.osantarritense.com.br\/jornal\/wp-json\/wp\/v2\/comments?post=529"}],"version-history":[{"count":1,"href":"https:\/\/www.osantarritense.com.br\/jornal\/wp-json\/wp\/v2\/posts\/529\/revisions"}],"predecessor-version":[{"id":531,"href":"https:\/\/www.osantarritense.com.br\/jornal\/wp-json\/wp\/v2\/posts\/529\/revisions\/531"}],"wp:featuredmedia":[{"embeddable":true,"href":"https:\/\/www.osantarritense.com.br\/jornal\/wp-json\/wp\/v2\/media\/530"}],"wp:attachment":[{"href":"https:\/\/www.osantarritense.com.br\/jornal\/wp-json\/wp\/v2\/media?parent=529"}],"wp:term":[{"taxonomy":"category","embeddable":true,"href":"https:\/\/www.osantarritense.com.br\/jornal\/wp-json\/wp\/v2\/categories?post=529"},{"taxonomy":"post_tag","embeddable":true,"href":"https:\/\/www.osantarritense.com.br\/jornal\/wp-json\/wp\/v2\/tags?post=529"}],"curies":[{"name":"wp","href":"https:\/\/api.w.org\/{rel}","templated":true}]}}