{"id":525,"date":"2026-03-05T20:13:41","date_gmt":"2026-03-05T20:13:41","guid":{"rendered":"https:\/\/www.osantarritense.com.br\/jornal\/?p=525"},"modified":"2026-03-05T20:13:41","modified_gmt":"2026-03-05T20:13:41","slug":"santa-rita-comeca-preparativos-para-o-34o-festival-de-tradicoes-italianas","status":"publish","type":"post","link":"https:\/\/www.osantarritense.com.br\/jornal\/santa-rita-comeca-preparativos-para-o-34o-festival-de-tradicoes-italianas\/","title":{"rendered":"Santa Rita come\u00e7a preparativos para o 34\u00ba Festival de Tradi\u00e7\u00f5es Italianas"},"content":{"rendered":"<p data-start=\"120\" data-end=\"400\"><span style=\"font-family: tahoma, arial, helvetica, sans-serif;\">A Prefeitura de <strong data-start=\"136\" data-end=\"171\">Santa Rita do Passa Quatro (SP)<\/strong> iniciou os preparativos para a realiza\u00e7\u00e3o do <strong data-start=\"217\" data-end=\"256\">34\u00ba Festival de Tradi\u00e7\u00f5es Italianas<\/strong>, evento tradicional do munic\u00edpio que deve acontecer no pr\u00f3ximo m\u00eas de julho e celebrar a cultura e o legado dos imigrantes italianos na cidade.<\/span><\/p>\n<p data-start=\"120\" data-end=\"400\"><span style=\"font-family: tahoma, arial, helvetica, sans-serif;\">\ud83d\udcf1 <em>Siga o O Santarritense no <a href=\"https:\/\/www.instagram.com\/osantarritense\/\">Instagram<\/a><\/em><\/span><\/p>\n<p data-start=\"402\" data-end=\"592\"><span style=\"font-family: tahoma, arial, helvetica, sans-serif;\">Nesta <strong data-start=\"408\" data-end=\"428\">quarta-feira (4)<\/strong>, o prefeito <strong data-start=\"441\" data-end=\"464\">Marcelo Sim\u00e3o (MDB)<\/strong> se reuniu com representantes de entidades beneficentes do munic\u00edpio para dar in\u00edcio \u00e0s discuss\u00f5es sobre a organiza\u00e7\u00e3o da festa.<\/span><\/p>\n<p data-start=\"594\" data-end=\"777\"><span style=\"font-family: tahoma, arial, helvetica, sans-serif;\">Durante o encontro, foram alinhados os primeiros detalhes da pr\u00f3xima edi\u00e7\u00e3o do festival, que \u00e9 conhecido por reunir <strong data-start=\"710\" data-end=\"776\">gastronomia t\u00edpica, apresenta\u00e7\u00f5es culturais e a\u00e7\u00f5es solid\u00e1rias<\/strong>.<\/span><\/p>\n<figure id=\"attachment_527\" aria-describedby=\"caption-attachment-527\" style=\"width: 1280px\" class=\"wp-caption alignnone\"><img loading=\"lazy\" decoding=\"async\" class=\"wp-image-527 size-full\" src=\"https:\/\/www.osantarritense.com.br\/jornal\/wp-content\/uploads\/2026\/03\/6129c0b5-f561-4f1c-8aa4-daa7a6c5279a.jpg\" alt=\"\" width=\"1280\" height=\"720\" srcset=\"https:\/\/www.osantarritense.com.br\/jornal\/wp-content\/uploads\/2026\/03\/6129c0b5-f561-4f1c-8aa4-daa7a6c5279a.jpg 1280w, https:\/\/www.osantarritense.com.br\/jornal\/wp-content\/uploads\/2026\/03\/6129c0b5-f561-4f1c-8aa4-daa7a6c5279a-300x169.jpg 300w, https:\/\/www.osantarritense.com.br\/jornal\/wp-content\/uploads\/2026\/03\/6129c0b5-f561-4f1c-8aa4-daa7a6c5279a-1024x576.jpg 1024w, https:\/\/www.osantarritense.com.br\/jornal\/wp-content\/uploads\/2026\/03\/6129c0b5-f561-4f1c-8aa4-daa7a6c5279a-768x432.jpg 768w\" sizes=\"auto, (max-width: 1280px) 100vw, 1280px\" \/><figcaption id=\"caption-attachment-527\" class=\"wp-caption-text\"><em>Foto: Secom\/Prefeitura<\/em><\/figcaption><\/figure>\n<p data-start=\"779\" data-end=\"979\"><span style=\"font-family: tahoma, arial, helvetica, sans-serif;\">Segundo a prefeitura, o objetivo do di\u00e1logo antecipado \u00e9 garantir uma organiza\u00e7\u00e3o integrada entre o poder p\u00fablico e as institui\u00e7\u00f5es que participam da festa, refor\u00e7ando o car\u00e1ter comunit\u00e1rio do evento.<\/span><\/p>\n<p data-start=\"779\" data-end=\"979\"><span style=\"font-size: 18pt;\"><strong><span style=\"font-family: tahoma, arial, helvetica, sans-serif;\">Evento une cultura, gastronomia e solidariedade<\/span><\/strong><\/span><\/p>\n<p data-start=\"1037\" data-end=\"1202\"><span style=\"font-family: tahoma, arial, helvetica, sans-serif;\">O <strong data-start=\"1039\" data-end=\"1074\">Festival de Tradi\u00e7\u00f5es Italianas<\/strong> \u00e9 considerado um dos eventos mais tradicionais de Santa Rita do Passa Quatro e costuma atrair moradores e visitantes da regi\u00e3o.<\/span><\/p>\n<p data-start=\"1204\" data-end=\"1446\"><span style=\"font-family: tahoma, arial, helvetica, sans-serif;\">Al\u00e9m de valorizar as <strong data-start=\"1225\" data-end=\"1287\">ra\u00edzes culturais italianas presentes na hist\u00f3ria da cidade<\/strong>, o evento tamb\u00e9m tem car\u00e1ter beneficente, j\u00e1 que as entidades participantes costumam ser respons\u00e1veis por barracas gastron\u00f4micas e atividades durante a festa.<\/span><\/p>\n<p data-start=\"1448\" data-end=\"1638\"><span style=\"font-family: tahoma, arial, helvetica, sans-serif;\">Em publica\u00e7\u00e3o oficial, a administra\u00e7\u00e3o municipal destacou que o trabalho conjunto com as institui\u00e7\u00f5es busca manter a festa como <strong data-start=\"1576\" data-end=\"1624\">um s\u00edmbolo de uni\u00e3o, cultura e solidariedade<\/strong> no munic\u00edpio.<\/span><\/p>\n<p data-start=\"1640\" data-end=\"1783\"><span style=\"font-family: tahoma, arial, helvetica, sans-serif;\">A expectativa \u00e9 que, com o avan\u00e7o da organiza\u00e7\u00e3o nos pr\u00f3ximos meses, a programa\u00e7\u00e3o completa da edi\u00e7\u00e3o de 2026 seja divulgada pela prefeitura.<\/span><\/p>\n<p data-start=\"778\" data-end=\"1029\" data-is-last-node=\"\" data-is-only-node=\"\"><span style=\"font-family: tahoma, arial, helvetica, sans-serif;\">\u270d\ufe0f <em data-start=\"1160\" data-end=\"1198\" data-is-last-node=\"\">Da reda\u00e7\u00e3o: <a href=\"https:\/\/www.facebook.com\/jornalistatonioliveiraon\/\"><strong>Jornalista Toni Oliveira<\/strong><\/a><\/em><\/span><\/p>\n<p><span style=\"font-family: tahoma, arial, helvetica, sans-serif;\"><em>( Fica proibida a reprodu\u00e7\u00e3o total ou parcial, c\u00f3pia ou distribui\u00e7\u00e3o do conte\u00fado, sem autoriza\u00e7\u00e3o expressa por parte do <strong>jornal O Santarritense<\/strong>)<\/em><\/span><\/p>\n<div id=\"63534-16\" class=\"outbrain-tm\"><\/div>\n","protected":false},"excerpt":{"rendered":"<p>A Prefeitura de Santa Rita do Passa Quatro (SP) iniciou os preparativos para a realiza\u00e7\u00e3o do 34\u00ba Festival de Tradi\u00e7\u00f5es&hellip;<\/p>\n","protected":false},"author":1,"featured_media":526,"comment_status":"closed","ping_status":"closed","sticky":false,"template":"","format":"standard","meta":{"footnotes":""},"categories":[3],"tags":[],"class_list":["post-525","post","type-post","status-publish","format-standard","has-post-thumbnail","hentry","category-cidade"],"yoast_head":"<!-- This site is optimized with the Yoast SEO plugin v26.8 - https:\/\/yoast.com\/product\/yoast-seo-wordpress\/ -->\n<title>Santa Rita come\u00e7a preparativos para o 34\u00ba Festival de Tradi\u00e7\u00f5es Italianas - O Santarritense<\/title>\n<meta name=\"robots\" content=\"index, follow, max-snippet:-1, max-image-preview:large, max-video-preview:-1\" \/>\n<link rel=\"canonical\" href=\"https:\/\/www.osantarritense.com.br\/jornal\/santa-rita-comeca-preparativos-para-o-34o-festival-de-tradicoes-italianas\/\" \/>\n<meta property=\"og:locale\" content=\"pt_BR\" \/>\n<meta property=\"og:type\" content=\"article\" \/>\n<meta property=\"og:title\" content=\"Santa Rita come\u00e7a preparativos para o 34\u00ba Festival de Tradi\u00e7\u00f5es Italianas - O Santarritense\" \/>\n<meta property=\"og:description\" content=\"A Prefeitura de Santa Rita do Passa Quatro (SP) iniciou os preparativos para a realiza\u00e7\u00e3o do 34\u00ba Festival de Tradi\u00e7\u00f5es&hellip;\" \/>\n<meta property=\"og:url\" content=\"https:\/\/www.osantarritense.com.br\/jornal\/santa-rita-comeca-preparativos-para-o-34o-festival-de-tradicoes-italianas\/\" \/>\n<meta property=\"og:site_name\" content=\"O Santarritense\" \/>\n<meta property=\"article:published_time\" content=\"2026-03-05T20:13:41+00:00\" \/>\n<meta property=\"og:image\" content=\"https:\/\/www.osantarritense.com.br\/jornal\/wp-content\/uploads\/2026\/03\/7f930057-1561-4198-8513-fbb1eb89828b.jpg\" \/>\n\t<meta property=\"og:image:width\" content=\"1280\" \/>\n\t<meta property=\"og:image:height\" content=\"720\" \/>\n\t<meta property=\"og:image:type\" content=\"image\/jpeg\" \/>\n<meta name=\"author\" content=\"Reda\u00e7\u00e3o\" \/>\n<meta name=\"twitter:card\" content=\"summary_large_image\" \/>\n<meta name=\"twitter:label1\" content=\"Escrito por\" \/>\n\t<meta name=\"twitter:data1\" content=\"Reda\u00e7\u00e3o\" \/>\n\t<meta name=\"twitter:label2\" content=\"Est. tempo de leitura\" \/>\n\t<meta name=\"twitter:data2\" content=\"2 minutos\" \/>\n<script type=\"application\/ld+json\" class=\"yoast-schema-graph\">{\"@context\":\"https:\/\/schema.org\",\"@graph\":[{\"@type\":\"Article\",\"@id\":\"https:\/\/www.osantarritense.com.br\/jornal\/santa-rita-comeca-preparativos-para-o-34o-festival-de-tradicoes-italianas\/#article\",\"isPartOf\":{\"@id\":\"https:\/\/www.osantarritense.com.br\/jornal\/santa-rita-comeca-preparativos-para-o-34o-festival-de-tradicoes-italianas\/\"},\"author\":{\"name\":\"Reda\u00e7\u00e3o\",\"@id\":\"https:\/\/www.osantarritense.com.br\/jornal\/#\/schema\/person\/e126b4df363ecdbcf21dc50a978dd9b8\"},\"headline\":\"Santa Rita come\u00e7a preparativos para o 34\u00ba Festival de Tradi\u00e7\u00f5es Italianas\",\"datePublished\":\"2026-03-05T20:13:41+00:00\",\"mainEntityOfPage\":{\"@id\":\"https:\/\/www.osantarritense.com.br\/jornal\/santa-rita-comeca-preparativos-para-o-34o-festival-de-tradicoes-italianas\/\"},\"wordCount\":340,\"publisher\":{\"@id\":\"https:\/\/www.osantarritense.com.br\/jornal\/#\/schema\/person\/e126b4df363ecdbcf21dc50a978dd9b8\"},\"image\":{\"@id\":\"https:\/\/www.osantarritense.com.br\/jornal\/santa-rita-comeca-preparativos-para-o-34o-festival-de-tradicoes-italianas\/#primaryimage\"},\"thumbnailUrl\":\"https:\/\/www.osantarritense.com.br\/jornal\/wp-content\/uploads\/2026\/03\/7f930057-1561-4198-8513-fbb1eb89828b.jpg\",\"articleSection\":[\"Cidade\"],\"inLanguage\":\"pt-BR\"},{\"@type\":\"WebPage\",\"@id\":\"https:\/\/www.osantarritense.com.br\/jornal\/santa-rita-comeca-preparativos-para-o-34o-festival-de-tradicoes-italianas\/\",\"url\":\"https:\/\/www.osantarritense.com.br\/jornal\/santa-rita-comeca-preparativos-para-o-34o-festival-de-tradicoes-italianas\/\",\"name\":\"Santa Rita come\u00e7a preparativos para o 34\u00ba Festival de Tradi\u00e7\u00f5es Italianas - O Santarritense\",\"isPartOf\":{\"@id\":\"https:\/\/www.osantarritense.com.br\/jornal\/#website\"},\"primaryImageOfPage\":{\"@id\":\"https:\/\/www.osantarritense.com.br\/jornal\/santa-rita-comeca-preparativos-para-o-34o-festival-de-tradicoes-italianas\/#primaryimage\"},\"image\":{\"@id\":\"https:\/\/www.osantarritense.com.br\/jornal\/santa-rita-comeca-preparativos-para-o-34o-festival-de-tradicoes-italianas\/#primaryimage\"},\"thumbnailUrl\":\"https:\/\/www.osantarritense.com.br\/jornal\/wp-content\/uploads\/2026\/03\/7f930057-1561-4198-8513-fbb1eb89828b.jpg\",\"datePublished\":\"2026-03-05T20:13:41+00:00\",\"breadcrumb\":{\"@id\":\"https:\/\/www.osantarritense.com.br\/jornal\/santa-rita-comeca-preparativos-para-o-34o-festival-de-tradicoes-italianas\/#breadcrumb\"},\"inLanguage\":\"pt-BR\",\"potentialAction\":[{\"@type\":\"ReadAction\",\"target\":[\"https:\/\/www.osantarritense.com.br\/jornal\/santa-rita-comeca-preparativos-para-o-34o-festival-de-tradicoes-italianas\/\"]}]},{\"@type\":\"ImageObject\",\"inLanguage\":\"pt-BR\",\"@id\":\"https:\/\/www.osantarritense.com.br\/jornal\/santa-rita-comeca-preparativos-para-o-34o-festival-de-tradicoes-italianas\/#primaryimage\",\"url\":\"https:\/\/www.osantarritense.com.br\/jornal\/wp-content\/uploads\/2026\/03\/7f930057-1561-4198-8513-fbb1eb89828b.jpg\",\"contentUrl\":\"https:\/\/www.osantarritense.com.br\/jornal\/wp-content\/uploads\/2026\/03\/7f930057-1561-4198-8513-fbb1eb89828b.jpg\",\"width\":1280,\"height\":720},{\"@type\":\"BreadcrumbList\",\"@id\":\"https:\/\/www.osantarritense.com.br\/jornal\/santa-rita-comeca-preparativos-para-o-34o-festival-de-tradicoes-italianas\/#breadcrumb\",\"itemListElement\":[{\"@type\":\"ListItem\",\"position\":1,\"name\":\"In\u00edcio\",\"item\":\"https:\/\/www.osantarritense.com.br\/jornal\/\"},{\"@type\":\"ListItem\",\"position\":2,\"name\":\"Santa Rita come\u00e7a preparativos para o 34\u00ba Festival de Tradi\u00e7\u00f5es Italianas\"}]},{\"@type\":\"WebSite\",\"@id\":\"https:\/\/www.osantarritense.com.br\/jornal\/#website\",\"url\":\"https:\/\/www.osantarritense.com.br\/jornal\/\",\"name\":\"O Santarritense\",\"description\":\"Jornal\",\"publisher\":{\"@id\":\"https:\/\/www.osantarritense.com.br\/jornal\/#\/schema\/person\/e126b4df363ecdbcf21dc50a978dd9b8\"},\"potentialAction\":[{\"@type\":\"SearchAction\",\"target\":{\"@type\":\"EntryPoint\",\"urlTemplate\":\"https:\/\/www.osantarritense.com.br\/jornal\/?s={search_term_string}\"},\"query-input\":{\"@type\":\"PropertyValueSpecification\",\"valueRequired\":true,\"valueName\":\"search_term_string\"}}],\"inLanguage\":\"pt-BR\"},{\"@type\":[\"Person\",\"Organization\"],\"@id\":\"https:\/\/www.osantarritense.com.br\/jornal\/#\/schema\/person\/e126b4df363ecdbcf21dc50a978dd9b8\",\"name\":\"Reda\u00e7\u00e3o\",\"image\":{\"@type\":\"ImageObject\",\"inLanguage\":\"pt-BR\",\"@id\":\"https:\/\/www.osantarritense.com.br\/jornal\/#\/schema\/person\/image\/\",\"url\":\"https:\/\/www.osantarritense.com.br\/jornal\/wp-content\/uploads\/2026\/02\/cropped-logosantarritense.jpg\",\"contentUrl\":\"https:\/\/www.osantarritense.com.br\/jornal\/wp-content\/uploads\/2026\/02\/cropped-logosantarritense.jpg\",\"width\":1221,\"height\":251,\"caption\":\"Reda\u00e7\u00e3o\"},\"logo\":{\"@id\":\"https:\/\/www.osantarritense.com.br\/jornal\/#\/schema\/person\/image\/\"},\"sameAs\":[\"https:\/\/www.osantarritense.com.br\/jornal\"],\"url\":\"https:\/\/www.osantarritense.com.br\/jornal\/author\/admin\/\"}]}<\/script>\n<!-- \/ Yoast SEO plugin. -->","yoast_head_json":{"title":"Santa Rita come\u00e7a preparativos para o 34\u00ba Festival de Tradi\u00e7\u00f5es Italianas - O Santarritense","robots":{"index":"index","follow":"follow","max-snippet":"max-snippet:-1","max-image-preview":"max-image-preview:large","max-video-preview":"max-video-preview:-1"},"canonical":"https:\/\/www.osantarritense.com.br\/jornal\/santa-rita-comeca-preparativos-para-o-34o-festival-de-tradicoes-italianas\/","og_locale":"pt_BR","og_type":"article","og_title":"Santa Rita come\u00e7a preparativos para o 34\u00ba Festival de Tradi\u00e7\u00f5es Italianas - O Santarritense","og_description":"A Prefeitura de Santa Rita do Passa Quatro (SP) iniciou os preparativos para a realiza\u00e7\u00e3o do 34\u00ba Festival de Tradi\u00e7\u00f5es&hellip;","og_url":"https:\/\/www.osantarritense.com.br\/jornal\/santa-rita-comeca-preparativos-para-o-34o-festival-de-tradicoes-italianas\/","og_site_name":"O Santarritense","article_published_time":"2026-03-05T20:13:41+00:00","og_image":[{"width":1280,"height":720,"url":"https:\/\/www.osantarritense.com.br\/jornal\/wp-content\/uploads\/2026\/03\/7f930057-1561-4198-8513-fbb1eb89828b.jpg","type":"image\/jpeg"}],"author":"Reda\u00e7\u00e3o","twitter_card":"summary_large_image","twitter_misc":{"Escrito por":"Reda\u00e7\u00e3o","Est. tempo de leitura":"2 minutos"},"schema":{"@context":"https:\/\/schema.org","@graph":[{"@type":"Article","@id":"https:\/\/www.osantarritense.com.br\/jornal\/santa-rita-comeca-preparativos-para-o-34o-festival-de-tradicoes-italianas\/#article","isPartOf":{"@id":"https:\/\/www.osantarritense.com.br\/jornal\/santa-rita-comeca-preparativos-para-o-34o-festival-de-tradicoes-italianas\/"},"author":{"name":"Reda\u00e7\u00e3o","@id":"https:\/\/www.osantarritense.com.br\/jornal\/#\/schema\/person\/e126b4df363ecdbcf21dc50a978dd9b8"},"headline":"Santa Rita come\u00e7a preparativos para o 34\u00ba Festival de Tradi\u00e7\u00f5es Italianas","datePublished":"2026-03-05T20:13:41+00:00","mainEntityOfPage":{"@id":"https:\/\/www.osantarritense.com.br\/jornal\/santa-rita-comeca-preparativos-para-o-34o-festival-de-tradicoes-italianas\/"},"wordCount":340,"publisher":{"@id":"https:\/\/www.osantarritense.com.br\/jornal\/#\/schema\/person\/e126b4df363ecdbcf21dc50a978dd9b8"},"image":{"@id":"https:\/\/www.osantarritense.com.br\/jornal\/santa-rita-comeca-preparativos-para-o-34o-festival-de-tradicoes-italianas\/#primaryimage"},"thumbnailUrl":"https:\/\/www.osantarritense.com.br\/jornal\/wp-content\/uploads\/2026\/03\/7f930057-1561-4198-8513-fbb1eb89828b.jpg","articleSection":["Cidade"],"inLanguage":"pt-BR"},{"@type":"WebPage","@id":"https:\/\/www.osantarritense.com.br\/jornal\/santa-rita-comeca-preparativos-para-o-34o-festival-de-tradicoes-italianas\/","url":"https:\/\/www.osantarritense.com.br\/jornal\/santa-rita-comeca-preparativos-para-o-34o-festival-de-tradicoes-italianas\/","name":"Santa Rita come\u00e7a preparativos para o 34\u00ba Festival de Tradi\u00e7\u00f5es Italianas - O Santarritense","isPartOf":{"@id":"https:\/\/www.osantarritense.com.br\/jornal\/#website"},"primaryImageOfPage":{"@id":"https:\/\/www.osantarritense.com.br\/jornal\/santa-rita-comeca-preparativos-para-o-34o-festival-de-tradicoes-italianas\/#primaryimage"},"image":{"@id":"https:\/\/www.osantarritense.com.br\/jornal\/santa-rita-comeca-preparativos-para-o-34o-festival-de-tradicoes-italianas\/#primaryimage"},"thumbnailUrl":"https:\/\/www.osantarritense.com.br\/jornal\/wp-content\/uploads\/2026\/03\/7f930057-1561-4198-8513-fbb1eb89828b.jpg","datePublished":"2026-03-05T20:13:41+00:00","breadcrumb":{"@id":"https:\/\/www.osantarritense.com.br\/jornal\/santa-rita-comeca-preparativos-para-o-34o-festival-de-tradicoes-italianas\/#breadcrumb"},"inLanguage":"pt-BR","potentialAction":[{"@type":"ReadAction","target":["https:\/\/www.osantarritense.com.br\/jornal\/santa-rita-comeca-preparativos-para-o-34o-festival-de-tradicoes-italianas\/"]}]},{"@type":"ImageObject","inLanguage":"pt-BR","@id":"https:\/\/www.osantarritense.com.br\/jornal\/santa-rita-comeca-preparativos-para-o-34o-festival-de-tradicoes-italianas\/#primaryimage","url":"https:\/\/www.osantarritense.com.br\/jornal\/wp-content\/uploads\/2026\/03\/7f930057-1561-4198-8513-fbb1eb89828b.jpg","contentUrl":"https:\/\/www.osantarritense.com.br\/jornal\/wp-content\/uploads\/2026\/03\/7f930057-1561-4198-8513-fbb1eb89828b.jpg","width":1280,"height":720},{"@type":"BreadcrumbList","@id":"https:\/\/www.osantarritense.com.br\/jornal\/santa-rita-comeca-preparativos-para-o-34o-festival-de-tradicoes-italianas\/#breadcrumb","itemListElement":[{"@type":"ListItem","position":1,"name":"In\u00edcio","item":"https:\/\/www.osantarritense.com.br\/jornal\/"},{"@type":"ListItem","position":2,"name":"Santa Rita come\u00e7a preparativos para o 34\u00ba Festival de Tradi\u00e7\u00f5es Italianas"}]},{"@type":"WebSite","@id":"https:\/\/www.osantarritense.com.br\/jornal\/#website","url":"https:\/\/www.osantarritense.com.br\/jornal\/","name":"O Santarritense","description":"Jornal","publisher":{"@id":"https:\/\/www.osantarritense.com.br\/jornal\/#\/schema\/person\/e126b4df363ecdbcf21dc50a978dd9b8"},"potentialAction":[{"@type":"SearchAction","target":{"@type":"EntryPoint","urlTemplate":"https:\/\/www.osantarritense.com.br\/jornal\/?s={search_term_string}"},"query-input":{"@type":"PropertyValueSpecification","valueRequired":true,"valueName":"search_term_string"}}],"inLanguage":"pt-BR"},{"@type":["Person","Organization"],"@id":"https:\/\/www.osantarritense.com.br\/jornal\/#\/schema\/person\/e126b4df363ecdbcf21dc50a978dd9b8","name":"Reda\u00e7\u00e3o","image":{"@type":"ImageObject","inLanguage":"pt-BR","@id":"https:\/\/www.osantarritense.com.br\/jornal\/#\/schema\/person\/image\/","url":"https:\/\/www.osantarritense.com.br\/jornal\/wp-content\/uploads\/2026\/02\/cropped-logosantarritense.jpg","contentUrl":"https:\/\/www.osantarritense.com.br\/jornal\/wp-content\/uploads\/2026\/02\/cropped-logosantarritense.jpg","width":1221,"height":251,"caption":"Reda\u00e7\u00e3o"},"logo":{"@id":"https:\/\/www.osantarritense.com.br\/jornal\/#\/schema\/person\/image\/"},"sameAs":["https:\/\/www.osantarritense.com.br\/jornal"],"url":"https:\/\/www.osantarritense.com.br\/jornal\/author\/admin\/"}]}},"_links":{"self":[{"href":"https:\/\/www.osantarritense.com.br\/jornal\/wp-json\/wp\/v2\/posts\/525","targetHints":{"allow":["GET"]}}],"collection":[{"href":"https:\/\/www.osantarritense.com.br\/jornal\/wp-json\/wp\/v2\/posts"}],"about":[{"href":"https:\/\/www.osantarritense.com.br\/jornal\/wp-json\/wp\/v2\/types\/post"}],"author":[{"embeddable":true,"href":"https:\/\/www.osantarritense.com.br\/jornal\/wp-json\/wp\/v2\/users\/1"}],"replies":[{"embeddable":true,"href":"https:\/\/www.osantarritense.com.br\/jornal\/wp-json\/wp\/v2\/comments?post=525"}],"version-history":[{"count":1,"href":"https:\/\/www.osantarritense.com.br\/jornal\/wp-json\/wp\/v2\/posts\/525\/revisions"}],"predecessor-version":[{"id":528,"href":"https:\/\/www.osantarritense.com.br\/jornal\/wp-json\/wp\/v2\/posts\/525\/revisions\/528"}],"wp:featuredmedia":[{"embeddable":true,"href":"https:\/\/www.osantarritense.com.br\/jornal\/wp-json\/wp\/v2\/media\/526"}],"wp:attachment":[{"href":"https:\/\/www.osantarritense.com.br\/jornal\/wp-json\/wp\/v2\/media?parent=525"}],"wp:term":[{"taxonomy":"category","embeddable":true,"href":"https:\/\/www.osantarritense.com.br\/jornal\/wp-json\/wp\/v2\/categories?post=525"},{"taxonomy":"post_tag","embeddable":true,"href":"https:\/\/www.osantarritense.com.br\/jornal\/wp-json\/wp\/v2\/tags?post=525"}],"curies":[{"name":"wp","href":"https:\/\/api.w.org\/{rel}","templated":true}]}}