{"id":521,"date":"2026-03-06T12:25:57","date_gmt":"2026-03-06T12:25:57","guid":{"rendered":"https:\/\/www.osantarritense.com.br\/jornal\/?p=521"},"modified":"2026-03-06T12:25:57","modified_gmt":"2026-03-06T12:25:57","slug":"novo-ecoponto-e-inaugurado-e-ja-esta-em-funcionamento-em-santa-rita","status":"publish","type":"post","link":"https:\/\/www.osantarritense.com.br\/jornal\/novo-ecoponto-e-inaugurado-e-ja-esta-em-funcionamento-em-santa-rita\/","title":{"rendered":"Novo Ecoponto \u00e9 inaugurado e j\u00e1 est\u00e1 em funcionamento em Santa Rita"},"content":{"rendered":"<p data-start=\"103\" data-end=\"443\"><span style=\"font-family: tahoma, arial, helvetica, sans-serif;\">A Prefeitura de Santa Rita do Passa Quatro inaugurou, na quinta-feira (5), o <strong data-start=\"180\" data-end=\"210\">novo Ecoponto do munic\u00edpio<\/strong>, espa\u00e7o destinado ao descarte gratuito e ambientalmente correto de diversos tipos de res\u00edduos. A cerim\u00f4nia contou com a presen\u00e7a do prefeito <strong data-start=\"352\" data-end=\"375\">Marcelo Sim\u00e3o (MDB)<\/strong>, autoridades municipais, convidados e representantes da comunidade.<\/span><\/p>\n<p data-start=\"103\" data-end=\"443\"><span style=\"font-family: tahoma, arial, helvetica, sans-serif;\">\ud83d\udcf1 <em>Siga o O Santarritense no <a href=\"https:\/\/www.instagram.com\/osantarritense\/\">Instagram<\/a><\/em><\/span><\/p>\n<p data-start=\"445\" data-end=\"729\"><span style=\"font-family: tahoma, arial, helvetica, sans-serif;\">De acordo com a administra\u00e7\u00e3o municipal, <strong data-start=\"486\" data-end=\"551\">o local passou a funcionar oficialmente nesta sexta-feira (6)<\/strong>, oferecendo \u00e0 popula\u00e7\u00e3o um ponto adequado para a destina\u00e7\u00e3o de materiais que muitas vezes acabam sendo descartados de forma irregular em vias p\u00fablicas, terrenos ou \u00e1reas verdes.<\/span><\/p>\n<figure id=\"attachment_533\" aria-describedby=\"caption-attachment-533\" style=\"width: 1000px\" class=\"wp-caption alignnone\"><img loading=\"lazy\" decoding=\"async\" class=\"wp-image-533 size-full\" src=\"https:\/\/www.osantarritense.com.br\/jornal\/wp-content\/uploads\/2026\/03\/32622a58-436c-4958-b621-42de6f8b7b3d.jpg\" alt=\"\" width=\"1000\" height=\"563\" srcset=\"https:\/\/www.osantarritense.com.br\/jornal\/wp-content\/uploads\/2026\/03\/32622a58-436c-4958-b621-42de6f8b7b3d.jpg 1000w, https:\/\/www.osantarritense.com.br\/jornal\/wp-content\/uploads\/2026\/03\/32622a58-436c-4958-b621-42de6f8b7b3d-300x169.jpg 300w, https:\/\/www.osantarritense.com.br\/jornal\/wp-content\/uploads\/2026\/03\/32622a58-436c-4958-b621-42de6f8b7b3d-768x432.jpg 768w\" sizes=\"auto, (max-width: 1000px) 100vw, 1000px\" \/><figcaption id=\"caption-attachment-533\" class=\"wp-caption-text\"><em>Novo Ecoponto. Foto: SECOM\/Prefeitura<\/em><\/figcaption><\/figure>\n<p data-start=\"731\" data-end=\"889\"><span style=\"font-family: tahoma, arial, helvetica, sans-serif;\">O novo Ecoponto est\u00e1 localizado <strong data-start=\"763\" data-end=\"811\">na Rua Projetada, n\u00ba 167, no Jardim Alvorada<\/strong>, e foi estruturado para facilitar o recebimento e a organiza\u00e7\u00e3o dos res\u00edduos.<\/span><\/p>\n<p data-start=\"891\" data-end=\"946\"><span style=\"font-family: tahoma, arial, helvetica, sans-serif;\">No espa\u00e7o, os moradores podem realizar o descarte de:<\/span><\/p>\n<ul>\n<li data-start=\"949\" data-end=\"968\"><span style=\"font-family: tahoma, arial, helvetica, sans-serif;\"><strong data-start=\"949\" data-end=\"966\">poda e capina<\/strong><\/span><\/li>\n<li data-start=\"971\" data-end=\"1011\"><span style=\"font-family: tahoma, arial, helvetica, sans-serif;\"><strong data-start=\"971\" data-end=\"1009\">RCC (res\u00edduos da constru\u00e7\u00e3o civil)<\/strong><\/span><\/li>\n<li data-start=\"1014\" data-end=\"1041\"><span style=\"font-family: tahoma, arial, helvetica, sans-serif;\"><strong data-start=\"1014\" data-end=\"1039\">materiais recicl\u00e1veis<\/strong><\/span><\/li>\n<li data-start=\"1044\" data-end=\"1066\"><span style=\"font-family: tahoma, arial, helvetica, sans-serif;\"><strong data-start=\"1044\" data-end=\"1066\">res\u00edduos volumosos<\/strong><\/span><\/li>\n<\/ul>\n<p data-start=\"1068\" data-end=\"1266\"><span style=\"font-family: tahoma, arial, helvetica, sans-serif;\">Segundo a prefeitura, a implanta\u00e7\u00e3o do novo ponto de coleta <strong data-start=\"1128\" data-end=\"1252\">busca melhorar a organiza\u00e7\u00e3o urbana, reduzir o descarte irregular de lixo e fortalecer as a\u00e7\u00f5es de preserva\u00e7\u00e3o ambiental<\/strong> no munic\u00edpio.<\/span><\/p>\n<h3 data-section-id=\"1qeovsd\" data-start=\"1268\" data-end=\"1296\"><span style=\"font-family: tahoma, arial, helvetica, sans-serif;\">Hor\u00e1rio de funcionamento<\/span><\/h3>\n<p data-start=\"1297\" data-end=\"1372\"><span style=\"font-family: tahoma, arial, helvetica, sans-serif;\">O atendimento ao p\u00fablico ocorre em hor\u00e1rios definidos ao longo da semana:<\/span><\/p>\n<ul>\n<li data-start=\"1375\" data-end=\"1442\"><span style=\"font-family: tahoma, arial, helvetica, sans-serif;\"><strong data-start=\"1375\" data-end=\"1401\">Segunda a sexta-feira:<\/strong> das <strong data-start=\"1406\" data-end=\"1419\">7h \u00e0s 11h<\/strong> e das <strong data-start=\"1426\" data-end=\"1440\">13h \u00e0s 17h<\/strong><\/span><\/li>\n<li data-start=\"1445\" data-end=\"1507\"><span style=\"font-family: tahoma, arial, helvetica, sans-serif;\"><strong data-start=\"1445\" data-end=\"1468\">S\u00e1bados e domingos:<\/strong> das <strong data-start=\"1473\" data-end=\"1486\">6h \u00e0s 11h<\/strong> e das <strong data-start=\"1493\" data-end=\"1507\">13h \u00e0s 16h<\/strong><\/span><\/li>\n<\/ul>\n<p data-start=\"1509\" data-end=\"1753\"><span style=\"font-family: tahoma, arial, helvetica, sans-serif;\">A administra\u00e7\u00e3o municipal tamb\u00e9m informou que <strong data-start=\"1555\" data-end=\"1640\">o antigo Ecoponto, localizado na Avenida Jos\u00e9 Ribeiro de Oliveira, foi desativado<\/strong>. A orienta\u00e7\u00e3o \u00e9 que a popula\u00e7\u00e3o utilize <strong data-start=\"1681\" data-end=\"1715\">exclusivamente o novo endere\u00e7o<\/strong> para realizar o descarte de res\u00edduos.<\/span><\/p>\n<p data-start=\"1755\" data-end=\"2023\"><span style=\"font-family: tahoma, arial, helvetica, sans-serif;\">De acordo com a prefeitura, a implanta\u00e7\u00e3o do novo Ecoponto integra um conjunto de a\u00e7\u00f5es voltadas <strong data-start=\"1852\" data-end=\"1932\">\u00e0 melhoria da limpeza urbana e ao incentivo do descarte correto de materiais<\/strong>, contribuindo para a preserva\u00e7\u00e3o do meio ambiente e para a qualidade de vida da popula\u00e7\u00e3o.<\/span><\/p>\n<p data-start=\"778\" data-end=\"1029\" data-is-last-node=\"\" data-is-only-node=\"\"><span style=\"font-family: tahoma, arial, helvetica, sans-serif;\">\u270d\ufe0f <em data-start=\"1160\" data-end=\"1198\" data-is-last-node=\"\">Da reda\u00e7\u00e3o: <a href=\"https:\/\/www.facebook.com\/jornalistatonioliveiraon\/\"><strong>Jornalista Toni Oliveira<\/strong><\/a><\/em><\/span><\/p>\n<p><span style=\"font-family: tahoma, arial, helvetica, sans-serif;\"><em>( Fica proibida a reprodu\u00e7\u00e3o total ou parcial, c\u00f3pia ou distribui\u00e7\u00e3o do conte\u00fado, sem autoriza\u00e7\u00e3o expressa por parte do <strong>jornal O Santarritense<\/strong>)<\/em><\/span><\/p>\n","protected":false},"excerpt":{"rendered":"<p>A Prefeitura de Santa Rita do Passa Quatro inaugurou, na quinta-feira (5), o novo Ecoponto do munic\u00edpio, espa\u00e7o destinado ao&hellip;<\/p>\n","protected":false},"author":1,"featured_media":532,"comment_status":"closed","ping_status":"closed","sticky":false,"template":"","format":"standard","meta":{"footnotes":""},"categories":[3],"tags":[],"class_list":["post-521","post","type-post","status-publish","format-standard","has-post-thumbnail","hentry","category-cidade"],"yoast_head":"<!-- This site is optimized with the Yoast SEO plugin v26.8 - https:\/\/yoast.com\/product\/yoast-seo-wordpress\/ -->\n<title>Novo Ecoponto \u00e9 inaugurado e j\u00e1 est\u00e1 em funcionamento em Santa Rita - O Santarritense<\/title>\n<meta name=\"robots\" content=\"index, follow, max-snippet:-1, max-image-preview:large, max-video-preview:-1\" \/>\n<link rel=\"canonical\" href=\"https:\/\/www.osantarritense.com.br\/jornal\/novo-ecoponto-e-inaugurado-e-ja-esta-em-funcionamento-em-santa-rita\/\" \/>\n<meta property=\"og:locale\" content=\"pt_BR\" \/>\n<meta property=\"og:type\" content=\"article\" \/>\n<meta property=\"og:title\" content=\"Novo Ecoponto \u00e9 inaugurado e j\u00e1 est\u00e1 em funcionamento em Santa Rita - O Santarritense\" \/>\n<meta property=\"og:description\" content=\"A Prefeitura de Santa Rita do Passa Quatro inaugurou, na quinta-feira (5), o novo Ecoponto do munic\u00edpio, espa\u00e7o destinado ao&hellip;\" \/>\n<meta property=\"og:url\" content=\"https:\/\/www.osantarritense.com.br\/jornal\/novo-ecoponto-e-inaugurado-e-ja-esta-em-funcionamento-em-santa-rita\/\" \/>\n<meta property=\"og:site_name\" content=\"O Santarritense\" \/>\n<meta property=\"article:published_time\" content=\"2026-03-06T12:25:57+00:00\" \/>\n<meta property=\"og:image\" content=\"https:\/\/www.osantarritense.com.br\/jornal\/wp-content\/uploads\/2026\/03\/IMG_0292.jpg\" \/>\n\t<meta property=\"og:image:width\" content=\"1000\" \/>\n\t<meta property=\"og:image:height\" content=\"667\" \/>\n\t<meta property=\"og:image:type\" content=\"image\/jpeg\" \/>\n<meta name=\"author\" content=\"Reda\u00e7\u00e3o\" \/>\n<meta name=\"twitter:card\" content=\"summary_large_image\" \/>\n<meta name=\"twitter:label1\" content=\"Escrito por\" \/>\n\t<meta name=\"twitter:data1\" content=\"Reda\u00e7\u00e3o\" \/>\n\t<meta name=\"twitter:label2\" content=\"Est. tempo de leitura\" \/>\n\t<meta name=\"twitter:data2\" content=\"3 minutos\" \/>\n<script type=\"application\/ld+json\" class=\"yoast-schema-graph\">{\"@context\":\"https:\/\/schema.org\",\"@graph\":[{\"@type\":\"Article\",\"@id\":\"https:\/\/www.osantarritense.com.br\/jornal\/novo-ecoponto-e-inaugurado-e-ja-esta-em-funcionamento-em-santa-rita\/#article\",\"isPartOf\":{\"@id\":\"https:\/\/www.osantarritense.com.br\/jornal\/novo-ecoponto-e-inaugurado-e-ja-esta-em-funcionamento-em-santa-rita\/\"},\"author\":{\"name\":\"Reda\u00e7\u00e3o\",\"@id\":\"https:\/\/www.osantarritense.com.br\/jornal\/#\/schema\/person\/e126b4df363ecdbcf21dc50a978dd9b8\"},\"headline\":\"Novo Ecoponto \u00e9 inaugurado e j\u00e1 est\u00e1 em funcionamento em Santa Rita\",\"datePublished\":\"2026-03-06T12:25:57+00:00\",\"mainEntityOfPage\":{\"@id\":\"https:\/\/www.osantarritense.com.br\/jornal\/novo-ecoponto-e-inaugurado-e-ja-esta-em-funcionamento-em-santa-rita\/\"},\"wordCount\":375,\"publisher\":{\"@id\":\"https:\/\/www.osantarritense.com.br\/jornal\/#\/schema\/person\/e126b4df363ecdbcf21dc50a978dd9b8\"},\"image\":{\"@id\":\"https:\/\/www.osantarritense.com.br\/jornal\/novo-ecoponto-e-inaugurado-e-ja-esta-em-funcionamento-em-santa-rita\/#primaryimage\"},\"thumbnailUrl\":\"https:\/\/www.osantarritense.com.br\/jornal\/wp-content\/uploads\/2026\/03\/IMG_0292.jpg\",\"articleSection\":[\"Cidade\"],\"inLanguage\":\"pt-BR\"},{\"@type\":\"WebPage\",\"@id\":\"https:\/\/www.osantarritense.com.br\/jornal\/novo-ecoponto-e-inaugurado-e-ja-esta-em-funcionamento-em-santa-rita\/\",\"url\":\"https:\/\/www.osantarritense.com.br\/jornal\/novo-ecoponto-e-inaugurado-e-ja-esta-em-funcionamento-em-santa-rita\/\",\"name\":\"Novo Ecoponto \u00e9 inaugurado e j\u00e1 est\u00e1 em funcionamento em Santa Rita - O Santarritense\",\"isPartOf\":{\"@id\":\"https:\/\/www.osantarritense.com.br\/jornal\/#website\"},\"primaryImageOfPage\":{\"@id\":\"https:\/\/www.osantarritense.com.br\/jornal\/novo-ecoponto-e-inaugurado-e-ja-esta-em-funcionamento-em-santa-rita\/#primaryimage\"},\"image\":{\"@id\":\"https:\/\/www.osantarritense.com.br\/jornal\/novo-ecoponto-e-inaugurado-e-ja-esta-em-funcionamento-em-santa-rita\/#primaryimage\"},\"thumbnailUrl\":\"https:\/\/www.osantarritense.com.br\/jornal\/wp-content\/uploads\/2026\/03\/IMG_0292.jpg\",\"datePublished\":\"2026-03-06T12:25:57+00:00\",\"breadcrumb\":{\"@id\":\"https:\/\/www.osantarritense.com.br\/jornal\/novo-ecoponto-e-inaugurado-e-ja-esta-em-funcionamento-em-santa-rita\/#breadcrumb\"},\"inLanguage\":\"pt-BR\",\"potentialAction\":[{\"@type\":\"ReadAction\",\"target\":[\"https:\/\/www.osantarritense.com.br\/jornal\/novo-ecoponto-e-inaugurado-e-ja-esta-em-funcionamento-em-santa-rita\/\"]}]},{\"@type\":\"ImageObject\",\"inLanguage\":\"pt-BR\",\"@id\":\"https:\/\/www.osantarritense.com.br\/jornal\/novo-ecoponto-e-inaugurado-e-ja-esta-em-funcionamento-em-santa-rita\/#primaryimage\",\"url\":\"https:\/\/www.osantarritense.com.br\/jornal\/wp-content\/uploads\/2026\/03\/IMG_0292.jpg\",\"contentUrl\":\"https:\/\/www.osantarritense.com.br\/jornal\/wp-content\/uploads\/2026\/03\/IMG_0292.jpg\",\"width\":1000,\"height\":667},{\"@type\":\"BreadcrumbList\",\"@id\":\"https:\/\/www.osantarritense.com.br\/jornal\/novo-ecoponto-e-inaugurado-e-ja-esta-em-funcionamento-em-santa-rita\/#breadcrumb\",\"itemListElement\":[{\"@type\":\"ListItem\",\"position\":1,\"name\":\"In\u00edcio\",\"item\":\"https:\/\/www.osantarritense.com.br\/jornal\/\"},{\"@type\":\"ListItem\",\"position\":2,\"name\":\"Novo Ecoponto \u00e9 inaugurado e j\u00e1 est\u00e1 em funcionamento em Santa Rita\"}]},{\"@type\":\"WebSite\",\"@id\":\"https:\/\/www.osantarritense.com.br\/jornal\/#website\",\"url\":\"https:\/\/www.osantarritense.com.br\/jornal\/\",\"name\":\"O Santarritense\",\"description\":\"Jornal\",\"publisher\":{\"@id\":\"https:\/\/www.osantarritense.com.br\/jornal\/#\/schema\/person\/e126b4df363ecdbcf21dc50a978dd9b8\"},\"potentialAction\":[{\"@type\":\"SearchAction\",\"target\":{\"@type\":\"EntryPoint\",\"urlTemplate\":\"https:\/\/www.osantarritense.com.br\/jornal\/?s={search_term_string}\"},\"query-input\":{\"@type\":\"PropertyValueSpecification\",\"valueRequired\":true,\"valueName\":\"search_term_string\"}}],\"inLanguage\":\"pt-BR\"},{\"@type\":[\"Person\",\"Organization\"],\"@id\":\"https:\/\/www.osantarritense.com.br\/jornal\/#\/schema\/person\/e126b4df363ecdbcf21dc50a978dd9b8\",\"name\":\"Reda\u00e7\u00e3o\",\"image\":{\"@type\":\"ImageObject\",\"inLanguage\":\"pt-BR\",\"@id\":\"https:\/\/www.osantarritense.com.br\/jornal\/#\/schema\/person\/image\/\",\"url\":\"https:\/\/www.osantarritense.com.br\/jornal\/wp-content\/uploads\/2026\/02\/cropped-logosantarritense.jpg\",\"contentUrl\":\"https:\/\/www.osantarritense.com.br\/jornal\/wp-content\/uploads\/2026\/02\/cropped-logosantarritense.jpg\",\"width\":1221,\"height\":251,\"caption\":\"Reda\u00e7\u00e3o\"},\"logo\":{\"@id\":\"https:\/\/www.osantarritense.com.br\/jornal\/#\/schema\/person\/image\/\"},\"sameAs\":[\"https:\/\/www.osantarritense.com.br\/jornal\"],\"url\":\"https:\/\/www.osantarritense.com.br\/jornal\/author\/admin\/\"}]}<\/script>\n<!-- \/ Yoast SEO plugin. -->","yoast_head_json":{"title":"Novo Ecoponto \u00e9 inaugurado e j\u00e1 est\u00e1 em funcionamento em Santa Rita - O Santarritense","robots":{"index":"index","follow":"follow","max-snippet":"max-snippet:-1","max-image-preview":"max-image-preview:large","max-video-preview":"max-video-preview:-1"},"canonical":"https:\/\/www.osantarritense.com.br\/jornal\/novo-ecoponto-e-inaugurado-e-ja-esta-em-funcionamento-em-santa-rita\/","og_locale":"pt_BR","og_type":"article","og_title":"Novo Ecoponto \u00e9 inaugurado e j\u00e1 est\u00e1 em funcionamento em Santa Rita - O Santarritense","og_description":"A Prefeitura de Santa Rita do Passa Quatro inaugurou, na quinta-feira (5), o novo Ecoponto do munic\u00edpio, espa\u00e7o destinado ao&hellip;","og_url":"https:\/\/www.osantarritense.com.br\/jornal\/novo-ecoponto-e-inaugurado-e-ja-esta-em-funcionamento-em-santa-rita\/","og_site_name":"O Santarritense","article_published_time":"2026-03-06T12:25:57+00:00","og_image":[{"width":1000,"height":667,"url":"https:\/\/www.osantarritense.com.br\/jornal\/wp-content\/uploads\/2026\/03\/IMG_0292.jpg","type":"image\/jpeg"}],"author":"Reda\u00e7\u00e3o","twitter_card":"summary_large_image","twitter_misc":{"Escrito por":"Reda\u00e7\u00e3o","Est. tempo de leitura":"3 minutos"},"schema":{"@context":"https:\/\/schema.org","@graph":[{"@type":"Article","@id":"https:\/\/www.osantarritense.com.br\/jornal\/novo-ecoponto-e-inaugurado-e-ja-esta-em-funcionamento-em-santa-rita\/#article","isPartOf":{"@id":"https:\/\/www.osantarritense.com.br\/jornal\/novo-ecoponto-e-inaugurado-e-ja-esta-em-funcionamento-em-santa-rita\/"},"author":{"name":"Reda\u00e7\u00e3o","@id":"https:\/\/www.osantarritense.com.br\/jornal\/#\/schema\/person\/e126b4df363ecdbcf21dc50a978dd9b8"},"headline":"Novo Ecoponto \u00e9 inaugurado e j\u00e1 est\u00e1 em funcionamento em Santa Rita","datePublished":"2026-03-06T12:25:57+00:00","mainEntityOfPage":{"@id":"https:\/\/www.osantarritense.com.br\/jornal\/novo-ecoponto-e-inaugurado-e-ja-esta-em-funcionamento-em-santa-rita\/"},"wordCount":375,"publisher":{"@id":"https:\/\/www.osantarritense.com.br\/jornal\/#\/schema\/person\/e126b4df363ecdbcf21dc50a978dd9b8"},"image":{"@id":"https:\/\/www.osantarritense.com.br\/jornal\/novo-ecoponto-e-inaugurado-e-ja-esta-em-funcionamento-em-santa-rita\/#primaryimage"},"thumbnailUrl":"https:\/\/www.osantarritense.com.br\/jornal\/wp-content\/uploads\/2026\/03\/IMG_0292.jpg","articleSection":["Cidade"],"inLanguage":"pt-BR"},{"@type":"WebPage","@id":"https:\/\/www.osantarritense.com.br\/jornal\/novo-ecoponto-e-inaugurado-e-ja-esta-em-funcionamento-em-santa-rita\/","url":"https:\/\/www.osantarritense.com.br\/jornal\/novo-ecoponto-e-inaugurado-e-ja-esta-em-funcionamento-em-santa-rita\/","name":"Novo Ecoponto \u00e9 inaugurado e j\u00e1 est\u00e1 em funcionamento em Santa Rita - O Santarritense","isPartOf":{"@id":"https:\/\/www.osantarritense.com.br\/jornal\/#website"},"primaryImageOfPage":{"@id":"https:\/\/www.osantarritense.com.br\/jornal\/novo-ecoponto-e-inaugurado-e-ja-esta-em-funcionamento-em-santa-rita\/#primaryimage"},"image":{"@id":"https:\/\/www.osantarritense.com.br\/jornal\/novo-ecoponto-e-inaugurado-e-ja-esta-em-funcionamento-em-santa-rita\/#primaryimage"},"thumbnailUrl":"https:\/\/www.osantarritense.com.br\/jornal\/wp-content\/uploads\/2026\/03\/IMG_0292.jpg","datePublished":"2026-03-06T12:25:57+00:00","breadcrumb":{"@id":"https:\/\/www.osantarritense.com.br\/jornal\/novo-ecoponto-e-inaugurado-e-ja-esta-em-funcionamento-em-santa-rita\/#breadcrumb"},"inLanguage":"pt-BR","potentialAction":[{"@type":"ReadAction","target":["https:\/\/www.osantarritense.com.br\/jornal\/novo-ecoponto-e-inaugurado-e-ja-esta-em-funcionamento-em-santa-rita\/"]}]},{"@type":"ImageObject","inLanguage":"pt-BR","@id":"https:\/\/www.osantarritense.com.br\/jornal\/novo-ecoponto-e-inaugurado-e-ja-esta-em-funcionamento-em-santa-rita\/#primaryimage","url":"https:\/\/www.osantarritense.com.br\/jornal\/wp-content\/uploads\/2026\/03\/IMG_0292.jpg","contentUrl":"https:\/\/www.osantarritense.com.br\/jornal\/wp-content\/uploads\/2026\/03\/IMG_0292.jpg","width":1000,"height":667},{"@type":"BreadcrumbList","@id":"https:\/\/www.osantarritense.com.br\/jornal\/novo-ecoponto-e-inaugurado-e-ja-esta-em-funcionamento-em-santa-rita\/#breadcrumb","itemListElement":[{"@type":"ListItem","position":1,"name":"In\u00edcio","item":"https:\/\/www.osantarritense.com.br\/jornal\/"},{"@type":"ListItem","position":2,"name":"Novo Ecoponto \u00e9 inaugurado e j\u00e1 est\u00e1 em funcionamento em Santa Rita"}]},{"@type":"WebSite","@id":"https:\/\/www.osantarritense.com.br\/jornal\/#website","url":"https:\/\/www.osantarritense.com.br\/jornal\/","name":"O Santarritense","description":"Jornal","publisher":{"@id":"https:\/\/www.osantarritense.com.br\/jornal\/#\/schema\/person\/e126b4df363ecdbcf21dc50a978dd9b8"},"potentialAction":[{"@type":"SearchAction","target":{"@type":"EntryPoint","urlTemplate":"https:\/\/www.osantarritense.com.br\/jornal\/?s={search_term_string}"},"query-input":{"@type":"PropertyValueSpecification","valueRequired":true,"valueName":"search_term_string"}}],"inLanguage":"pt-BR"},{"@type":["Person","Organization"],"@id":"https:\/\/www.osantarritense.com.br\/jornal\/#\/schema\/person\/e126b4df363ecdbcf21dc50a978dd9b8","name":"Reda\u00e7\u00e3o","image":{"@type":"ImageObject","inLanguage":"pt-BR","@id":"https:\/\/www.osantarritense.com.br\/jornal\/#\/schema\/person\/image\/","url":"https:\/\/www.osantarritense.com.br\/jornal\/wp-content\/uploads\/2026\/02\/cropped-logosantarritense.jpg","contentUrl":"https:\/\/www.osantarritense.com.br\/jornal\/wp-content\/uploads\/2026\/02\/cropped-logosantarritense.jpg","width":1221,"height":251,"caption":"Reda\u00e7\u00e3o"},"logo":{"@id":"https:\/\/www.osantarritense.com.br\/jornal\/#\/schema\/person\/image\/"},"sameAs":["https:\/\/www.osantarritense.com.br\/jornal"],"url":"https:\/\/www.osantarritense.com.br\/jornal\/author\/admin\/"}]}},"_links":{"self":[{"href":"https:\/\/www.osantarritense.com.br\/jornal\/wp-json\/wp\/v2\/posts\/521","targetHints":{"allow":["GET"]}}],"collection":[{"href":"https:\/\/www.osantarritense.com.br\/jornal\/wp-json\/wp\/v2\/posts"}],"about":[{"href":"https:\/\/www.osantarritense.com.br\/jornal\/wp-json\/wp\/v2\/types\/post"}],"author":[{"embeddable":true,"href":"https:\/\/www.osantarritense.com.br\/jornal\/wp-json\/wp\/v2\/users\/1"}],"replies":[{"embeddable":true,"href":"https:\/\/www.osantarritense.com.br\/jornal\/wp-json\/wp\/v2\/comments?post=521"}],"version-history":[{"count":2,"href":"https:\/\/www.osantarritense.com.br\/jornal\/wp-json\/wp\/v2\/posts\/521\/revisions"}],"predecessor-version":[{"id":534,"href":"https:\/\/www.osantarritense.com.br\/jornal\/wp-json\/wp\/v2\/posts\/521\/revisions\/534"}],"wp:featuredmedia":[{"embeddable":true,"href":"https:\/\/www.osantarritense.com.br\/jornal\/wp-json\/wp\/v2\/media\/532"}],"wp:attachment":[{"href":"https:\/\/www.osantarritense.com.br\/jornal\/wp-json\/wp\/v2\/media?parent=521"}],"wp:term":[{"taxonomy":"category","embeddable":true,"href":"https:\/\/www.osantarritense.com.br\/jornal\/wp-json\/wp\/v2\/categories?post=521"},{"taxonomy":"post_tag","embeddable":true,"href":"https:\/\/www.osantarritense.com.br\/jornal\/wp-json\/wp\/v2\/tags?post=521"}],"curies":[{"name":"wp","href":"https:\/\/api.w.org\/{rel}","templated":true}]}}