{"id":510,"date":"2026-03-05T11:05:24","date_gmt":"2026-03-05T11:05:24","guid":{"rendered":"https:\/\/www.osantarritense.com.br\/jornal\/?p=510"},"modified":"2026-03-05T11:26:10","modified_gmt":"2026-03-05T11:26:10","slug":"acidente-grave-na-rodovia-anhanguera-deixa-uma-vitima-fatal-em-santa-rita","status":"publish","type":"post","link":"https:\/\/www.osantarritense.com.br\/jornal\/acidente-grave-na-rodovia-anhanguera-deixa-uma-vitima-fatal-em-santa-rita\/","title":{"rendered":"Acidente grave na Rodovia Anhanguera deixa uma v\u00edtima fatal em Santa Rita"},"content":{"rendered":"<p data-start=\"140\" data-end=\"404\"><span style=\"font-family: tahoma, arial, helvetica, sans-serif;\">Um grave acidente entre duas carretas na <strong data-start=\"181\" data-end=\"212\">Rodovia Anhanguera (SP\u2011330)<\/strong>, em Santa Rita do Passa Quatro (SP), na noite de quarta-feira (4), deixou <strong data-start=\"257\" data-end=\"277\">uma pessoa morta<\/strong> e outra ilesa. O acidente ocorreu \u00e0s <strong data-start=\"315\" data-end=\"324\">20h11<\/strong>, no km 247 da rodovia, mas <strong data-start=\"352\" data-end=\"401\">as informa\u00e7\u00f5es da v\u00edtima n\u00e3o foram divulgadas<\/strong>.<\/span><\/p>\n<p data-start=\"140\" data-end=\"404\"><span style=\"font-family: tahoma, arial, helvetica, sans-serif;\">\ud83d\udcf1 <em>Siga o O Santarritense no <a href=\"https:\/\/www.instagram.com\/osantarritense\/\">Instagram<\/a><\/em><\/span><\/p>\n<p data-start=\"406\" data-end=\"599\"><span style=\"font-family: tahoma, arial, helvetica, sans-serif;\">De acordo com o <strong data-start=\"422\" data-end=\"465\">Centro de Controle Multimodal da ARTESP<\/strong>, uma carreta colidiu com outra no <strong data-start=\"500\" data-end=\"524\">sentido sul da pista<\/strong>. A v\u00edtima fatal foi retirada do local \u00e0s <strong data-start=\"566\" data-end=\"575\">23h40<\/strong> pela Pol\u00edcia T\u00e9cnica.<\/span><\/p>\n<figure id=\"attachment_513\" aria-describedby=\"caption-attachment-513\" style=\"width: 845px\" class=\"wp-caption alignnone\"><img loading=\"lazy\" decoding=\"async\" class=\"wp-image-513\" src=\"https:\/\/www.osantarritense.com.br\/jornal\/wp-content\/uploads\/2026\/03\/download-2.png\" alt=\"\" width=\"845\" height=\"512\" srcset=\"https:\/\/www.osantarritense.com.br\/jornal\/wp-content\/uploads\/2026\/03\/download-2.png 800w, https:\/\/www.osantarritense.com.br\/jornal\/wp-content\/uploads\/2026\/03\/download-2-300x182.png 300w, https:\/\/www.osantarritense.com.br\/jornal\/wp-content\/uploads\/2026\/03\/download-2-768x466.png 768w\" sizes=\"auto, (max-width: 845px) 100vw, 845px\" \/><figcaption id=\"caption-attachment-513\" class=\"wp-caption-text\"><em>Imagem: CCI-Artesp<\/em><\/figcaption><\/figure>\n<p data-start=\"601\" data-end=\"806\"><span style=\"font-family: tahoma, arial, helvetica, sans-serif;\">A rodovia ficou parcialmente interditada, mas <strong data-start=\"647\" data-end=\"685\">n\u00e3o houve congestionamentos graves<\/strong>. A ARTESP refor\u00e7a a import\u00e2ncia de <strong data-start=\"721\" data-end=\"766\">aten\u00e7\u00e3o redobrada em trechos movimentados<\/strong>, especialmente para ve\u00edculos pesados.<\/span><\/p>\n<p data-start=\"808\" data-end=\"928\"><span style=\"font-family: tahoma, arial, helvetica, sans-serif;\">O sistema de monitoramento da ag\u00eancia mant\u00e9m <strong data-start=\"853\" data-end=\"882\">informa\u00e7\u00f5es em tempo real<\/strong> sobre ocorr\u00eancias e condi\u00e7\u00f5es das rodovias.<\/span><\/p>\n<p data-start=\"778\" data-end=\"1029\" data-is-last-node=\"\" data-is-only-node=\"\"><span style=\"font-family: tahoma, arial, helvetica, sans-serif;\">\u270d\ufe0f <em data-start=\"1160\" data-end=\"1198\" data-is-last-node=\"\">Da reda\u00e7\u00e3o: <a href=\"https:\/\/www.facebook.com\/jornalistatonioliveiraon\/\"><strong>Jornalista Toni Oliveira<\/strong><\/a><\/em><\/span><\/p>\n<p><span style=\"font-family: tahoma, arial, helvetica, sans-serif;\"><em>( Fica proibida a reprodu\u00e7\u00e3o total ou parcial, c\u00f3pia ou distribui\u00e7\u00e3o do conte\u00fado, sem autoriza\u00e7\u00e3o expressa por parte do <strong>jornal O Santarritense<\/strong>)<\/em><\/span><\/p>\n","protected":false},"excerpt":{"rendered":"<p>Um grave acidente entre duas carretas na Rodovia Anhanguera (SP\u2011330), em Santa Rita do Passa Quatro (SP), na noite de&hellip;<\/p>\n","protected":false},"author":1,"featured_media":511,"comment_status":"closed","ping_status":"closed","sticky":false,"template":"","format":"standard","meta":{"footnotes":""},"categories":[5],"tags":[],"class_list":["post-510","post","type-post","status-publish","format-standard","has-post-thumbnail","hentry","category-cotidiano"],"yoast_head":"<!-- This site is optimized with the Yoast SEO plugin v26.8 - https:\/\/yoast.com\/product\/yoast-seo-wordpress\/ -->\n<title>Acidente grave na Rodovia Anhanguera deixa uma v\u00edtima fatal em Santa Rita - O Santarritense<\/title>\n<meta name=\"robots\" content=\"index, follow, max-snippet:-1, max-image-preview:large, max-video-preview:-1\" \/>\n<link rel=\"canonical\" href=\"https:\/\/www.osantarritense.com.br\/jornal\/acidente-grave-na-rodovia-anhanguera-deixa-uma-vitima-fatal-em-santa-rita\/\" \/>\n<meta property=\"og:locale\" content=\"pt_BR\" \/>\n<meta property=\"og:type\" content=\"article\" \/>\n<meta property=\"og:title\" content=\"Acidente grave na Rodovia Anhanguera deixa uma v\u00edtima fatal em Santa Rita - O Santarritense\" \/>\n<meta property=\"og:description\" content=\"Um grave acidente entre duas carretas na Rodovia Anhanguera (SP\u2011330), em Santa Rita do Passa Quatro (SP), na noite de&hellip;\" \/>\n<meta property=\"og:url\" content=\"https:\/\/www.osantarritense.com.br\/jornal\/acidente-grave-na-rodovia-anhanguera-deixa-uma-vitima-fatal-em-santa-rita\/\" \/>\n<meta property=\"og:site_name\" content=\"O Santarritense\" \/>\n<meta property=\"article:published_time\" content=\"2026-03-05T11:05:24+00:00\" \/>\n<meta property=\"article:modified_time\" content=\"2026-03-05T11:26:10+00:00\" \/>\n<meta property=\"og:image\" content=\"https:\/\/www.osantarritense.com.br\/jornal\/wp-content\/uploads\/2026\/03\/acidente.jpg\" \/>\n\t<meta property=\"og:image:width\" content=\"900\" \/>\n\t<meta property=\"og:image:height\" content=\"600\" \/>\n\t<meta property=\"og:image:type\" content=\"image\/jpeg\" \/>\n<meta name=\"author\" content=\"Reda\u00e7\u00e3o\" \/>\n<meta name=\"twitter:card\" content=\"summary_large_image\" \/>\n<meta name=\"twitter:label1\" content=\"Escrito por\" \/>\n\t<meta name=\"twitter:data1\" content=\"Reda\u00e7\u00e3o\" \/>\n\t<meta name=\"twitter:label2\" content=\"Est. tempo de leitura\" \/>\n\t<meta name=\"twitter:data2\" content=\"2 minutos\" \/>\n<script type=\"application\/ld+json\" class=\"yoast-schema-graph\">{\"@context\":\"https:\/\/schema.org\",\"@graph\":[{\"@type\":\"Article\",\"@id\":\"https:\/\/www.osantarritense.com.br\/jornal\/acidente-grave-na-rodovia-anhanguera-deixa-uma-vitima-fatal-em-santa-rita\/#article\",\"isPartOf\":{\"@id\":\"https:\/\/www.osantarritense.com.br\/jornal\/acidente-grave-na-rodovia-anhanguera-deixa-uma-vitima-fatal-em-santa-rita\/\"},\"author\":{\"name\":\"Reda\u00e7\u00e3o\",\"@id\":\"https:\/\/www.osantarritense.com.br\/jornal\/#\/schema\/person\/e126b4df363ecdbcf21dc50a978dd9b8\"},\"headline\":\"Acidente grave na Rodovia Anhanguera deixa uma v\u00edtima fatal em Santa Rita\",\"datePublished\":\"2026-03-05T11:05:24+00:00\",\"dateModified\":\"2026-03-05T11:26:10+00:00\",\"mainEntityOfPage\":{\"@id\":\"https:\/\/www.osantarritense.com.br\/jornal\/acidente-grave-na-rodovia-anhanguera-deixa-uma-vitima-fatal-em-santa-rita\/\"},\"wordCount\":195,\"publisher\":{\"@id\":\"https:\/\/www.osantarritense.com.br\/jornal\/#\/schema\/person\/e126b4df363ecdbcf21dc50a978dd9b8\"},\"image\":{\"@id\":\"https:\/\/www.osantarritense.com.br\/jornal\/acidente-grave-na-rodovia-anhanguera-deixa-uma-vitima-fatal-em-santa-rita\/#primaryimage\"},\"thumbnailUrl\":\"https:\/\/www.osantarritense.com.br\/jornal\/wp-content\/uploads\/2026\/03\/acidente.jpg\",\"articleSection\":[\"Cotidiano\"],\"inLanguage\":\"pt-BR\"},{\"@type\":\"WebPage\",\"@id\":\"https:\/\/www.osantarritense.com.br\/jornal\/acidente-grave-na-rodovia-anhanguera-deixa-uma-vitima-fatal-em-santa-rita\/\",\"url\":\"https:\/\/www.osantarritense.com.br\/jornal\/acidente-grave-na-rodovia-anhanguera-deixa-uma-vitima-fatal-em-santa-rita\/\",\"name\":\"Acidente grave na Rodovia Anhanguera deixa uma v\u00edtima fatal em Santa Rita - O Santarritense\",\"isPartOf\":{\"@id\":\"https:\/\/www.osantarritense.com.br\/jornal\/#website\"},\"primaryImageOfPage\":{\"@id\":\"https:\/\/www.osantarritense.com.br\/jornal\/acidente-grave-na-rodovia-anhanguera-deixa-uma-vitima-fatal-em-santa-rita\/#primaryimage\"},\"image\":{\"@id\":\"https:\/\/www.osantarritense.com.br\/jornal\/acidente-grave-na-rodovia-anhanguera-deixa-uma-vitima-fatal-em-santa-rita\/#primaryimage\"},\"thumbnailUrl\":\"https:\/\/www.osantarritense.com.br\/jornal\/wp-content\/uploads\/2026\/03\/acidente.jpg\",\"datePublished\":\"2026-03-05T11:05:24+00:00\",\"dateModified\":\"2026-03-05T11:26:10+00:00\",\"breadcrumb\":{\"@id\":\"https:\/\/www.osantarritense.com.br\/jornal\/acidente-grave-na-rodovia-anhanguera-deixa-uma-vitima-fatal-em-santa-rita\/#breadcrumb\"},\"inLanguage\":\"pt-BR\",\"potentialAction\":[{\"@type\":\"ReadAction\",\"target\":[\"https:\/\/www.osantarritense.com.br\/jornal\/acidente-grave-na-rodovia-anhanguera-deixa-uma-vitima-fatal-em-santa-rita\/\"]}]},{\"@type\":\"ImageObject\",\"inLanguage\":\"pt-BR\",\"@id\":\"https:\/\/www.osantarritense.com.br\/jornal\/acidente-grave-na-rodovia-anhanguera-deixa-uma-vitima-fatal-em-santa-rita\/#primaryimage\",\"url\":\"https:\/\/www.osantarritense.com.br\/jornal\/wp-content\/uploads\/2026\/03\/acidente.jpg\",\"contentUrl\":\"https:\/\/www.osantarritense.com.br\/jornal\/wp-content\/uploads\/2026\/03\/acidente.jpg\",\"width\":900,\"height\":600},{\"@type\":\"BreadcrumbList\",\"@id\":\"https:\/\/www.osantarritense.com.br\/jornal\/acidente-grave-na-rodovia-anhanguera-deixa-uma-vitima-fatal-em-santa-rita\/#breadcrumb\",\"itemListElement\":[{\"@type\":\"ListItem\",\"position\":1,\"name\":\"In\u00edcio\",\"item\":\"https:\/\/www.osantarritense.com.br\/jornal\/\"},{\"@type\":\"ListItem\",\"position\":2,\"name\":\"Acidente grave na Rodovia Anhanguera deixa uma v\u00edtima fatal em Santa Rita\"}]},{\"@type\":\"WebSite\",\"@id\":\"https:\/\/www.osantarritense.com.br\/jornal\/#website\",\"url\":\"https:\/\/www.osantarritense.com.br\/jornal\/\",\"name\":\"O Santarritense\",\"description\":\"Jornal\",\"publisher\":{\"@id\":\"https:\/\/www.osantarritense.com.br\/jornal\/#\/schema\/person\/e126b4df363ecdbcf21dc50a978dd9b8\"},\"potentialAction\":[{\"@type\":\"SearchAction\",\"target\":{\"@type\":\"EntryPoint\",\"urlTemplate\":\"https:\/\/www.osantarritense.com.br\/jornal\/?s={search_term_string}\"},\"query-input\":{\"@type\":\"PropertyValueSpecification\",\"valueRequired\":true,\"valueName\":\"search_term_string\"}}],\"inLanguage\":\"pt-BR\"},{\"@type\":[\"Person\",\"Organization\"],\"@id\":\"https:\/\/www.osantarritense.com.br\/jornal\/#\/schema\/person\/e126b4df363ecdbcf21dc50a978dd9b8\",\"name\":\"Reda\u00e7\u00e3o\",\"image\":{\"@type\":\"ImageObject\",\"inLanguage\":\"pt-BR\",\"@id\":\"https:\/\/www.osantarritense.com.br\/jornal\/#\/schema\/person\/image\/\",\"url\":\"https:\/\/www.osantarritense.com.br\/jornal\/wp-content\/uploads\/2026\/02\/cropped-logosantarritense.jpg\",\"contentUrl\":\"https:\/\/www.osantarritense.com.br\/jornal\/wp-content\/uploads\/2026\/02\/cropped-logosantarritense.jpg\",\"width\":1221,\"height\":251,\"caption\":\"Reda\u00e7\u00e3o\"},\"logo\":{\"@id\":\"https:\/\/www.osantarritense.com.br\/jornal\/#\/schema\/person\/image\/\"},\"sameAs\":[\"https:\/\/www.osantarritense.com.br\/jornal\"],\"url\":\"https:\/\/www.osantarritense.com.br\/jornal\/author\/admin\/\"}]}<\/script>\n<!-- \/ Yoast SEO plugin. -->","yoast_head_json":{"title":"Acidente grave na Rodovia Anhanguera deixa uma v\u00edtima fatal em Santa Rita - O Santarritense","robots":{"index":"index","follow":"follow","max-snippet":"max-snippet:-1","max-image-preview":"max-image-preview:large","max-video-preview":"max-video-preview:-1"},"canonical":"https:\/\/www.osantarritense.com.br\/jornal\/acidente-grave-na-rodovia-anhanguera-deixa-uma-vitima-fatal-em-santa-rita\/","og_locale":"pt_BR","og_type":"article","og_title":"Acidente grave na Rodovia Anhanguera deixa uma v\u00edtima fatal em Santa Rita - O Santarritense","og_description":"Um grave acidente entre duas carretas na Rodovia Anhanguera (SP\u2011330), em Santa Rita do Passa Quatro (SP), na noite de&hellip;","og_url":"https:\/\/www.osantarritense.com.br\/jornal\/acidente-grave-na-rodovia-anhanguera-deixa-uma-vitima-fatal-em-santa-rita\/","og_site_name":"O Santarritense","article_published_time":"2026-03-05T11:05:24+00:00","article_modified_time":"2026-03-05T11:26:10+00:00","og_image":[{"width":900,"height":600,"url":"https:\/\/www.osantarritense.com.br\/jornal\/wp-content\/uploads\/2026\/03\/acidente.jpg","type":"image\/jpeg"}],"author":"Reda\u00e7\u00e3o","twitter_card":"summary_large_image","twitter_misc":{"Escrito por":"Reda\u00e7\u00e3o","Est. tempo de leitura":"2 minutos"},"schema":{"@context":"https:\/\/schema.org","@graph":[{"@type":"Article","@id":"https:\/\/www.osantarritense.com.br\/jornal\/acidente-grave-na-rodovia-anhanguera-deixa-uma-vitima-fatal-em-santa-rita\/#article","isPartOf":{"@id":"https:\/\/www.osantarritense.com.br\/jornal\/acidente-grave-na-rodovia-anhanguera-deixa-uma-vitima-fatal-em-santa-rita\/"},"author":{"name":"Reda\u00e7\u00e3o","@id":"https:\/\/www.osantarritense.com.br\/jornal\/#\/schema\/person\/e126b4df363ecdbcf21dc50a978dd9b8"},"headline":"Acidente grave na Rodovia Anhanguera deixa uma v\u00edtima fatal em Santa Rita","datePublished":"2026-03-05T11:05:24+00:00","dateModified":"2026-03-05T11:26:10+00:00","mainEntityOfPage":{"@id":"https:\/\/www.osantarritense.com.br\/jornal\/acidente-grave-na-rodovia-anhanguera-deixa-uma-vitima-fatal-em-santa-rita\/"},"wordCount":195,"publisher":{"@id":"https:\/\/www.osantarritense.com.br\/jornal\/#\/schema\/person\/e126b4df363ecdbcf21dc50a978dd9b8"},"image":{"@id":"https:\/\/www.osantarritense.com.br\/jornal\/acidente-grave-na-rodovia-anhanguera-deixa-uma-vitima-fatal-em-santa-rita\/#primaryimage"},"thumbnailUrl":"https:\/\/www.osantarritense.com.br\/jornal\/wp-content\/uploads\/2026\/03\/acidente.jpg","articleSection":["Cotidiano"],"inLanguage":"pt-BR"},{"@type":"WebPage","@id":"https:\/\/www.osantarritense.com.br\/jornal\/acidente-grave-na-rodovia-anhanguera-deixa-uma-vitima-fatal-em-santa-rita\/","url":"https:\/\/www.osantarritense.com.br\/jornal\/acidente-grave-na-rodovia-anhanguera-deixa-uma-vitima-fatal-em-santa-rita\/","name":"Acidente grave na Rodovia Anhanguera deixa uma v\u00edtima fatal em Santa Rita - O Santarritense","isPartOf":{"@id":"https:\/\/www.osantarritense.com.br\/jornal\/#website"},"primaryImageOfPage":{"@id":"https:\/\/www.osantarritense.com.br\/jornal\/acidente-grave-na-rodovia-anhanguera-deixa-uma-vitima-fatal-em-santa-rita\/#primaryimage"},"image":{"@id":"https:\/\/www.osantarritense.com.br\/jornal\/acidente-grave-na-rodovia-anhanguera-deixa-uma-vitima-fatal-em-santa-rita\/#primaryimage"},"thumbnailUrl":"https:\/\/www.osantarritense.com.br\/jornal\/wp-content\/uploads\/2026\/03\/acidente.jpg","datePublished":"2026-03-05T11:05:24+00:00","dateModified":"2026-03-05T11:26:10+00:00","breadcrumb":{"@id":"https:\/\/www.osantarritense.com.br\/jornal\/acidente-grave-na-rodovia-anhanguera-deixa-uma-vitima-fatal-em-santa-rita\/#breadcrumb"},"inLanguage":"pt-BR","potentialAction":[{"@type":"ReadAction","target":["https:\/\/www.osantarritense.com.br\/jornal\/acidente-grave-na-rodovia-anhanguera-deixa-uma-vitima-fatal-em-santa-rita\/"]}]},{"@type":"ImageObject","inLanguage":"pt-BR","@id":"https:\/\/www.osantarritense.com.br\/jornal\/acidente-grave-na-rodovia-anhanguera-deixa-uma-vitima-fatal-em-santa-rita\/#primaryimage","url":"https:\/\/www.osantarritense.com.br\/jornal\/wp-content\/uploads\/2026\/03\/acidente.jpg","contentUrl":"https:\/\/www.osantarritense.com.br\/jornal\/wp-content\/uploads\/2026\/03\/acidente.jpg","width":900,"height":600},{"@type":"BreadcrumbList","@id":"https:\/\/www.osantarritense.com.br\/jornal\/acidente-grave-na-rodovia-anhanguera-deixa-uma-vitima-fatal-em-santa-rita\/#breadcrumb","itemListElement":[{"@type":"ListItem","position":1,"name":"In\u00edcio","item":"https:\/\/www.osantarritense.com.br\/jornal\/"},{"@type":"ListItem","position":2,"name":"Acidente grave na Rodovia Anhanguera deixa uma v\u00edtima fatal em Santa Rita"}]},{"@type":"WebSite","@id":"https:\/\/www.osantarritense.com.br\/jornal\/#website","url":"https:\/\/www.osantarritense.com.br\/jornal\/","name":"O Santarritense","description":"Jornal","publisher":{"@id":"https:\/\/www.osantarritense.com.br\/jornal\/#\/schema\/person\/e126b4df363ecdbcf21dc50a978dd9b8"},"potentialAction":[{"@type":"SearchAction","target":{"@type":"EntryPoint","urlTemplate":"https:\/\/www.osantarritense.com.br\/jornal\/?s={search_term_string}"},"query-input":{"@type":"PropertyValueSpecification","valueRequired":true,"valueName":"search_term_string"}}],"inLanguage":"pt-BR"},{"@type":["Person","Organization"],"@id":"https:\/\/www.osantarritense.com.br\/jornal\/#\/schema\/person\/e126b4df363ecdbcf21dc50a978dd9b8","name":"Reda\u00e7\u00e3o","image":{"@type":"ImageObject","inLanguage":"pt-BR","@id":"https:\/\/www.osantarritense.com.br\/jornal\/#\/schema\/person\/image\/","url":"https:\/\/www.osantarritense.com.br\/jornal\/wp-content\/uploads\/2026\/02\/cropped-logosantarritense.jpg","contentUrl":"https:\/\/www.osantarritense.com.br\/jornal\/wp-content\/uploads\/2026\/02\/cropped-logosantarritense.jpg","width":1221,"height":251,"caption":"Reda\u00e7\u00e3o"},"logo":{"@id":"https:\/\/www.osantarritense.com.br\/jornal\/#\/schema\/person\/image\/"},"sameAs":["https:\/\/www.osantarritense.com.br\/jornal"],"url":"https:\/\/www.osantarritense.com.br\/jornal\/author\/admin\/"}]}},"_links":{"self":[{"href":"https:\/\/www.osantarritense.com.br\/jornal\/wp-json\/wp\/v2\/posts\/510","targetHints":{"allow":["GET"]}}],"collection":[{"href":"https:\/\/www.osantarritense.com.br\/jornal\/wp-json\/wp\/v2\/posts"}],"about":[{"href":"https:\/\/www.osantarritense.com.br\/jornal\/wp-json\/wp\/v2\/types\/post"}],"author":[{"embeddable":true,"href":"https:\/\/www.osantarritense.com.br\/jornal\/wp-json\/wp\/v2\/users\/1"}],"replies":[{"embeddable":true,"href":"https:\/\/www.osantarritense.com.br\/jornal\/wp-json\/wp\/v2\/comments?post=510"}],"version-history":[{"count":4,"href":"https:\/\/www.osantarritense.com.br\/jornal\/wp-json\/wp\/v2\/posts\/510\/revisions"}],"predecessor-version":[{"id":518,"href":"https:\/\/www.osantarritense.com.br\/jornal\/wp-json\/wp\/v2\/posts\/510\/revisions\/518"}],"wp:featuredmedia":[{"embeddable":true,"href":"https:\/\/www.osantarritense.com.br\/jornal\/wp-json\/wp\/v2\/media\/511"}],"wp:attachment":[{"href":"https:\/\/www.osantarritense.com.br\/jornal\/wp-json\/wp\/v2\/media?parent=510"}],"wp:term":[{"taxonomy":"category","embeddable":true,"href":"https:\/\/www.osantarritense.com.br\/jornal\/wp-json\/wp\/v2\/categories?post=510"},{"taxonomy":"post_tag","embeddable":true,"href":"https:\/\/www.osantarritense.com.br\/jornal\/wp-json\/wp\/v2\/tags?post=510"}],"curies":[{"name":"wp","href":"https:\/\/api.w.org\/{rel}","templated":true}]}}