{"id":507,"date":"2026-03-04T18:45:23","date_gmt":"2026-03-04T18:45:23","guid":{"rendered":"https:\/\/www.osantarritense.com.br\/jornal\/?p=507"},"modified":"2026-03-04T18:45:23","modified_gmt":"2026-03-04T18:45:23","slug":"usina-santa-rita-continua-com-processo-seletivo-para-a-safra-2026-2027","status":"publish","type":"post","link":"https:\/\/www.osantarritense.com.br\/jornal\/usina-santa-rita-continua-com-processo-seletivo-para-a-safra-2026-2027\/","title":{"rendered":"Usina Santa Rita continua com processo seletivo para a Safra 2026\/2027"},"content":{"rendered":"<p data-start=\"55\" data-end=\"419\"><span style=\"font-family: tahoma, arial, helvetica, sans-serif;\">A <strong data-start=\"57\" data-end=\"93\">Usina Santa Rita A\u00e7\u00facar e \u00c1lcool<\/strong> anunciou a abertura oficial do processo seletivo para a <strong data-start=\"150\" data-end=\"169\">Safra 2026\/2027<\/strong>, com oportunidades nas \u00e1reas <strong data-start=\"199\" data-end=\"224\">industrial e agr\u00edcola<\/strong>. A iniciativa refor\u00e7a o compromisso da empresa com o desenvolvimento regional e a gera\u00e7\u00e3o de empregos nos munic\u00edpios de <strong data-start=\"345\" data-end=\"418\">Santa Rita do Passa Quatro, Porto Ferreira, Descalvado e Lu\u00eds Ant\u00f4nio<\/strong>.<\/span><\/p>\n<p data-start=\"55\" data-end=\"419\"><span style=\"font-family: tahoma, arial, helvetica, sans-serif;\">\ud83d\udcf1 <em>Siga o O Santarritense no <a href=\"https:\/\/www.instagram.com\/osantarritense\/\">Instagram<\/a><\/em><\/span><\/p>\n<p data-start=\"421\" data-end=\"745\"><span style=\"font-family: tahoma, arial, helvetica, sans-serif;\">De acordo com a empresa, as vagas contemplam diferentes n\u00edveis de qualifica\u00e7\u00e3o e experi\u00eancia, ampliando as oportunidades para profissionais que desejam atuar no setor sucroenerg\u00e9tico. <strong data-start=\"605\" data-end=\"680\">As oportunidades tamb\u00e9m s\u00e3o destinadas a pessoas com defici\u00eancia (PCDs)<\/strong>, fortalecendo a pol\u00edtica de inclus\u00e3o e diversidade da companhia.<\/span><\/p>\n<h3 data-start=\"747\" data-end=\"766\"><span style=\"font-family: tahoma, arial, helvetica, sans-serif;\">\u00c1rea Industrial<\/span><\/h3>\n<p data-start=\"768\" data-end=\"803\"><span style=\"font-family: tahoma, arial, helvetica, sans-serif;\">Entre as fun\u00e7\u00f5es dispon\u00edveis est\u00e3o:<\/span><\/p>\n<ul>\n<li><span style=\"font-family: tahoma, arial, helvetica, sans-serif;\">Auxiliar Industrial<\/span><\/li>\n<li><span style=\"font-family: tahoma, arial, helvetica, sans-serif;\">Analista de Laborat\u00f3rio<\/span><\/li>\n<li><span style=\"font-family: tahoma, arial, helvetica, sans-serif;\">Caldeireiro<\/span><\/li>\n<li><span style=\"font-family: tahoma, arial, helvetica, sans-serif;\">Torneiro Mec\u00e2nico<\/span><\/li>\n<li><span style=\"font-family: tahoma, arial, helvetica, sans-serif;\">Operador de Turbina a Vapor<\/span><\/li>\n<li><span style=\"font-family: tahoma, arial, helvetica, sans-serif;\">Operador de Centr\u00edfuga de A\u00e7\u00facar<\/span><\/li>\n<li><span style=\"font-family: tahoma, arial, helvetica, sans-serif;\">Operador de Cozimento<\/span><\/li>\n<li><span style=\"font-family: tahoma, arial, helvetica, sans-serif;\">Operador de Hilo<\/span><\/li>\n<li><span style=\"font-family: tahoma, arial, helvetica, sans-serif;\">Operador de Caldeira<\/span><\/li>\n<li><span style=\"font-family: tahoma, arial, helvetica, sans-serif;\">Operador de Dosagem<\/span><\/li>\n<li><span style=\"font-family: tahoma, arial, helvetica, sans-serif;\">Operador de Diluidor Mosto<\/span><\/li>\n<li><span style=\"font-family: tahoma, arial, helvetica, sans-serif;\">Operador de Guincho<\/span><\/li>\n<li><span style=\"font-family: tahoma, arial, helvetica, sans-serif;\">Soldador\/Chapiscador<\/span><\/li>\n<li><span style=\"font-family: tahoma, arial, helvetica, sans-serif;\">Operador de Mesa de Moenda<\/span><\/li>\n<li><span style=\"font-family: tahoma, arial, helvetica, sans-serif;\">Operador Turbo Gerador<\/span><\/li>\n<li><span style=\"font-family: tahoma, arial, helvetica, sans-serif;\">Auxiliar de Turbo Gerador<\/span><\/li>\n<li><span style=\"font-family: tahoma, arial, helvetica, sans-serif;\">Balanceiro<\/span><\/li>\n<li><span style=\"font-family: tahoma, arial, helvetica, sans-serif;\">Auxiliar de Cozinha<\/span><\/li>\n<li><span style=\"font-family: tahoma, arial, helvetica, sans-serif;\">Auxiliar de Servi\u00e7os Gerais<\/span><\/li>\n<li><span style=\"font-family: tahoma, arial, helvetica, sans-serif;\">Operador de Centr\u00edfuga de \u00c1lcool<\/span><\/li>\n<li><span style=\"font-family: tahoma, arial, helvetica, sans-serif;\">Frentista<\/span><\/li>\n<li><span style=\"font-family: tahoma, arial, helvetica, sans-serif;\">Destilador<\/span><\/li>\n<\/ul>\n<h3 data-start=\"1256\" data-end=\"1273\"><span style=\"font-family: tahoma, arial, helvetica, sans-serif;\">\u00c1rea Agr\u00edcola<\/span><\/h3>\n<p data-start=\"1275\" data-end=\"1311\"><span style=\"font-family: tahoma, arial, helvetica, sans-serif;\">No setor agr\u00edcola, as vagas incluem:<\/span><\/p>\n<ul>\n<li>Ajudante Geral Agr\u00edcola<\/li>\n<li>Motorista Borracheiro<\/li>\n<li>Motorista (CNH: E)<\/li>\n<li>Tratorista<\/li>\n<li>Lavador de Autos<\/li>\n<li>Mec\u00e2nico de M\u00e1quinas e Ve\u00edculos<\/li>\n<li>Operador de Colhedora<\/li>\n<li>Tratorista Transbordo<\/li>\n<li>Soldador (com conhecimento em implementos agr\u00edcolas)<\/li>\n<\/ul>\n<h3 data-start=\"1585\" data-end=\"1599\"><span style=\"font-family: tahoma, arial, helvetica, sans-serif;\">Benef\u00edcios<\/span><\/h3>\n<p data-start=\"1601\" data-end=\"1643\"><span style=\"font-family: tahoma, arial, helvetica, sans-serif;\">Os profissionais contratados contar\u00e3o com:<\/span><\/p>\n<ul>\n<li data-start=\"1647\" data-end=\"1664\"><span style=\"font-family: tahoma, arial, helvetica, sans-serif;\">Conv\u00eanio M\u00e9dico<\/span><\/li>\n<li data-start=\"1667\" data-end=\"1683\"><span style=\"font-family: tahoma, arial, helvetica, sans-serif;\">Seguro de Vida<\/span><\/li>\n<li data-start=\"1686\" data-end=\"1706\"><span style=\"font-family: tahoma, arial, helvetica, sans-serif;\">Ticket Alimenta\u00e7\u00e3o<\/span><\/li>\n<li data-start=\"1709\" data-end=\"1721\"><span style=\"font-family: tahoma, arial, helvetica, sans-serif;\">Refeit\u00f3rio<\/span><\/li>\n<li data-start=\"1724\" data-end=\"1736\"><span style=\"font-family: tahoma, arial, helvetica, sans-serif;\">Transporte<\/span><\/li>\n<\/ul>\n<h3 data-start=\"1738\" data-end=\"1757\"><span style=\"font-family: tahoma, arial, helvetica, sans-serif;\">Como participar<\/span><\/h3>\n<p data-start=\"1759\" data-end=\"1909\"><span style=\"font-family: tahoma, arial, helvetica, sans-serif;\">Os interessados devem encaminhar curr\u00edculo para o e-mail <strong data-start=\"1816\" data-end=\"1852\"><a class=\"decorated-link cursor-pointer\" rel=\"noopener\" data-start=\"1818\" data-end=\"1850\">curriculos@usinasantarita.com.br<\/a><\/strong> ou entrar em contato pelo telefone <strong data-start=\"1888\" data-end=\"1908\">(19) 9 9189-1051 (WhatsApp)<\/strong>.<\/span><\/p>\n<p data-start=\"1911\" data-end=\"2136\" data-is-last-node=\"\" data-is-only-node=\"\"><span style=\"font-family: tahoma, arial, helvetica, sans-serif;\">A Usina Santa Rita destaca que o processo seletivo integra o planejamento estrat\u00e9gico da safra 2026\/2027, visando fortalecer a equipe operacional e manter a efici\u00eancia produtiva que caracteriza a atua\u00e7\u00e3o da empresa na regi\u00e3o.<\/span><\/p>\n<p data-start=\"778\" data-end=\"1029\" data-is-last-node=\"\" data-is-only-node=\"\"><span style=\"font-family: tahoma, arial, helvetica, sans-serif;\">\u270d\ufe0f <em data-start=\"1160\" data-end=\"1198\" data-is-last-node=\"\">Da reda\u00e7\u00e3o: <a href=\"https:\/\/www.facebook.com\/jornalistatonioliveiraon\/\"><strong>Jornalista Toni Oliveira<\/strong><\/a><\/em><\/span><\/p>\n<p><span style=\"font-family: tahoma, arial, helvetica, sans-serif;\"><em>( Fica proibida a reprodu\u00e7\u00e3o total ou parcial, c\u00f3pia ou distribui\u00e7\u00e3o do conte\u00fado, sem autoriza\u00e7\u00e3o expressa por parte do <strong>jornal O Santarritense<\/strong>)<\/em><\/span><\/p>\n<p data-start=\"1911\" data-end=\"2136\" data-is-last-node=\"\" data-is-only-node=\"\"><span style=\"font-family: tahoma, arial, helvetica, sans-serif;\">\u00a0<\/span><\/p>\n","protected":false},"excerpt":{"rendered":"<p>A Usina Santa Rita A\u00e7\u00facar e \u00c1lcool anunciou a abertura oficial do processo seletivo para a Safra 2026\/2027, com oportunidades&hellip;<\/p>\n","protected":false},"author":1,"featured_media":508,"comment_status":"closed","ping_status":"closed","sticky":false,"template":"","format":"standard","meta":{"footnotes":""},"categories":[3],"tags":[],"class_list":["post-507","post","type-post","status-publish","format-standard","has-post-thumbnail","hentry","category-cidade"],"yoast_head":"<!-- This site is optimized with the Yoast SEO plugin v26.8 - https:\/\/yoast.com\/product\/yoast-seo-wordpress\/ -->\n<title>Usina Santa Rita continua com processo seletivo para a Safra 2026\/2027 - O Santarritense<\/title>\n<meta name=\"robots\" content=\"index, follow, max-snippet:-1, max-image-preview:large, max-video-preview:-1\" \/>\n<link rel=\"canonical\" href=\"https:\/\/www.osantarritense.com.br\/jornal\/usina-santa-rita-continua-com-processo-seletivo-para-a-safra-2026-2027\/\" \/>\n<meta property=\"og:locale\" content=\"pt_BR\" \/>\n<meta property=\"og:type\" content=\"article\" \/>\n<meta property=\"og:title\" content=\"Usina Santa Rita continua com processo seletivo para a Safra 2026\/2027 - O Santarritense\" \/>\n<meta property=\"og:description\" content=\"A Usina Santa Rita A\u00e7\u00facar e \u00c1lcool anunciou a abertura oficial do processo seletivo para a Safra 2026\/2027, com oportunidades&hellip;\" \/>\n<meta property=\"og:url\" content=\"https:\/\/www.osantarritense.com.br\/jornal\/usina-santa-rita-continua-com-processo-seletivo-para-a-safra-2026-2027\/\" \/>\n<meta property=\"og:site_name\" content=\"O Santarritense\" \/>\n<meta property=\"article:published_time\" content=\"2026-03-04T18:45:23+00:00\" \/>\n<meta property=\"og:image\" content=\"https:\/\/www.osantarritense.com.br\/jornal\/wp-content\/uploads\/2026\/03\/u1.jpg\" \/>\n\t<meta property=\"og:image:width\" content=\"900\" \/>\n\t<meta property=\"og:image:height\" content=\"596\" \/>\n\t<meta property=\"og:image:type\" content=\"image\/jpeg\" \/>\n<meta name=\"author\" content=\"Reda\u00e7\u00e3o\" \/>\n<meta name=\"twitter:card\" content=\"summary_large_image\" \/>\n<meta name=\"twitter:label1\" content=\"Escrito por\" \/>\n\t<meta name=\"twitter:data1\" content=\"Reda\u00e7\u00e3o\" \/>\n\t<meta name=\"twitter:label2\" content=\"Est. tempo de leitura\" \/>\n\t<meta name=\"twitter:data2\" content=\"2 minutos\" \/>\n<script type=\"application\/ld+json\" class=\"yoast-schema-graph\">{\"@context\":\"https:\/\/schema.org\",\"@graph\":[{\"@type\":\"Article\",\"@id\":\"https:\/\/www.osantarritense.com.br\/jornal\/usina-santa-rita-continua-com-processo-seletivo-para-a-safra-2026-2027\/#article\",\"isPartOf\":{\"@id\":\"https:\/\/www.osantarritense.com.br\/jornal\/usina-santa-rita-continua-com-processo-seletivo-para-a-safra-2026-2027\/\"},\"author\":{\"name\":\"Reda\u00e7\u00e3o\",\"@id\":\"https:\/\/www.osantarritense.com.br\/jornal\/#\/schema\/person\/e126b4df363ecdbcf21dc50a978dd9b8\"},\"headline\":\"Usina Santa Rita continua com processo seletivo para a Safra 2026\/2027\",\"datePublished\":\"2026-03-04T18:45:23+00:00\",\"mainEntityOfPage\":{\"@id\":\"https:\/\/www.osantarritense.com.br\/jornal\/usina-santa-rita-continua-com-processo-seletivo-para-a-safra-2026-2027\/\"},\"wordCount\":368,\"publisher\":{\"@id\":\"https:\/\/www.osantarritense.com.br\/jornal\/#\/schema\/person\/e126b4df363ecdbcf21dc50a978dd9b8\"},\"image\":{\"@id\":\"https:\/\/www.osantarritense.com.br\/jornal\/usina-santa-rita-continua-com-processo-seletivo-para-a-safra-2026-2027\/#primaryimage\"},\"thumbnailUrl\":\"https:\/\/www.osantarritense.com.br\/jornal\/wp-content\/uploads\/2026\/03\/u1.jpg\",\"articleSection\":[\"Cidade\"],\"inLanguage\":\"pt-BR\"},{\"@type\":\"WebPage\",\"@id\":\"https:\/\/www.osantarritense.com.br\/jornal\/usina-santa-rita-continua-com-processo-seletivo-para-a-safra-2026-2027\/\",\"url\":\"https:\/\/www.osantarritense.com.br\/jornal\/usina-santa-rita-continua-com-processo-seletivo-para-a-safra-2026-2027\/\",\"name\":\"Usina Santa Rita continua com processo seletivo para a Safra 2026\/2027 - O Santarritense\",\"isPartOf\":{\"@id\":\"https:\/\/www.osantarritense.com.br\/jornal\/#website\"},\"primaryImageOfPage\":{\"@id\":\"https:\/\/www.osantarritense.com.br\/jornal\/usina-santa-rita-continua-com-processo-seletivo-para-a-safra-2026-2027\/#primaryimage\"},\"image\":{\"@id\":\"https:\/\/www.osantarritense.com.br\/jornal\/usina-santa-rita-continua-com-processo-seletivo-para-a-safra-2026-2027\/#primaryimage\"},\"thumbnailUrl\":\"https:\/\/www.osantarritense.com.br\/jornal\/wp-content\/uploads\/2026\/03\/u1.jpg\",\"datePublished\":\"2026-03-04T18:45:23+00:00\",\"breadcrumb\":{\"@id\":\"https:\/\/www.osantarritense.com.br\/jornal\/usina-santa-rita-continua-com-processo-seletivo-para-a-safra-2026-2027\/#breadcrumb\"},\"inLanguage\":\"pt-BR\",\"potentialAction\":[{\"@type\":\"ReadAction\",\"target\":[\"https:\/\/www.osantarritense.com.br\/jornal\/usina-santa-rita-continua-com-processo-seletivo-para-a-safra-2026-2027\/\"]}]},{\"@type\":\"ImageObject\",\"inLanguage\":\"pt-BR\",\"@id\":\"https:\/\/www.osantarritense.com.br\/jornal\/usina-santa-rita-continua-com-processo-seletivo-para-a-safra-2026-2027\/#primaryimage\",\"url\":\"https:\/\/www.osantarritense.com.br\/jornal\/wp-content\/uploads\/2026\/03\/u1.jpg\",\"contentUrl\":\"https:\/\/www.osantarritense.com.br\/jornal\/wp-content\/uploads\/2026\/03\/u1.jpg\",\"width\":900,\"height\":596},{\"@type\":\"BreadcrumbList\",\"@id\":\"https:\/\/www.osantarritense.com.br\/jornal\/usina-santa-rita-continua-com-processo-seletivo-para-a-safra-2026-2027\/#breadcrumb\",\"itemListElement\":[{\"@type\":\"ListItem\",\"position\":1,\"name\":\"In\u00edcio\",\"item\":\"https:\/\/www.osantarritense.com.br\/jornal\/\"},{\"@type\":\"ListItem\",\"position\":2,\"name\":\"Usina Santa Rita continua com processo seletivo para a Safra 2026\/2027\"}]},{\"@type\":\"WebSite\",\"@id\":\"https:\/\/www.osantarritense.com.br\/jornal\/#website\",\"url\":\"https:\/\/www.osantarritense.com.br\/jornal\/\",\"name\":\"O Santarritense\",\"description\":\"Jornal\",\"publisher\":{\"@id\":\"https:\/\/www.osantarritense.com.br\/jornal\/#\/schema\/person\/e126b4df363ecdbcf21dc50a978dd9b8\"},\"potentialAction\":[{\"@type\":\"SearchAction\",\"target\":{\"@type\":\"EntryPoint\",\"urlTemplate\":\"https:\/\/www.osantarritense.com.br\/jornal\/?s={search_term_string}\"},\"query-input\":{\"@type\":\"PropertyValueSpecification\",\"valueRequired\":true,\"valueName\":\"search_term_string\"}}],\"inLanguage\":\"pt-BR\"},{\"@type\":[\"Person\",\"Organization\"],\"@id\":\"https:\/\/www.osantarritense.com.br\/jornal\/#\/schema\/person\/e126b4df363ecdbcf21dc50a978dd9b8\",\"name\":\"Reda\u00e7\u00e3o\",\"image\":{\"@type\":\"ImageObject\",\"inLanguage\":\"pt-BR\",\"@id\":\"https:\/\/www.osantarritense.com.br\/jornal\/#\/schema\/person\/image\/\",\"url\":\"https:\/\/www.osantarritense.com.br\/jornal\/wp-content\/uploads\/2026\/02\/cropped-logosantarritense.jpg\",\"contentUrl\":\"https:\/\/www.osantarritense.com.br\/jornal\/wp-content\/uploads\/2026\/02\/cropped-logosantarritense.jpg\",\"width\":1221,\"height\":251,\"caption\":\"Reda\u00e7\u00e3o\"},\"logo\":{\"@id\":\"https:\/\/www.osantarritense.com.br\/jornal\/#\/schema\/person\/image\/\"},\"sameAs\":[\"https:\/\/www.osantarritense.com.br\/jornal\"],\"url\":\"https:\/\/www.osantarritense.com.br\/jornal\/author\/admin\/\"}]}<\/script>\n<!-- \/ Yoast SEO plugin. -->","yoast_head_json":{"title":"Usina Santa Rita continua com processo seletivo para a Safra 2026\/2027 - O Santarritense","robots":{"index":"index","follow":"follow","max-snippet":"max-snippet:-1","max-image-preview":"max-image-preview:large","max-video-preview":"max-video-preview:-1"},"canonical":"https:\/\/www.osantarritense.com.br\/jornal\/usina-santa-rita-continua-com-processo-seletivo-para-a-safra-2026-2027\/","og_locale":"pt_BR","og_type":"article","og_title":"Usina Santa Rita continua com processo seletivo para a Safra 2026\/2027 - O Santarritense","og_description":"A Usina Santa Rita A\u00e7\u00facar e \u00c1lcool anunciou a abertura oficial do processo seletivo para a Safra 2026\/2027, com oportunidades&hellip;","og_url":"https:\/\/www.osantarritense.com.br\/jornal\/usina-santa-rita-continua-com-processo-seletivo-para-a-safra-2026-2027\/","og_site_name":"O Santarritense","article_published_time":"2026-03-04T18:45:23+00:00","og_image":[{"width":900,"height":596,"url":"https:\/\/www.osantarritense.com.br\/jornal\/wp-content\/uploads\/2026\/03\/u1.jpg","type":"image\/jpeg"}],"author":"Reda\u00e7\u00e3o","twitter_card":"summary_large_image","twitter_misc":{"Escrito por":"Reda\u00e7\u00e3o","Est. tempo de leitura":"2 minutos"},"schema":{"@context":"https:\/\/schema.org","@graph":[{"@type":"Article","@id":"https:\/\/www.osantarritense.com.br\/jornal\/usina-santa-rita-continua-com-processo-seletivo-para-a-safra-2026-2027\/#article","isPartOf":{"@id":"https:\/\/www.osantarritense.com.br\/jornal\/usina-santa-rita-continua-com-processo-seletivo-para-a-safra-2026-2027\/"},"author":{"name":"Reda\u00e7\u00e3o","@id":"https:\/\/www.osantarritense.com.br\/jornal\/#\/schema\/person\/e126b4df363ecdbcf21dc50a978dd9b8"},"headline":"Usina Santa Rita continua com processo seletivo para a Safra 2026\/2027","datePublished":"2026-03-04T18:45:23+00:00","mainEntityOfPage":{"@id":"https:\/\/www.osantarritense.com.br\/jornal\/usina-santa-rita-continua-com-processo-seletivo-para-a-safra-2026-2027\/"},"wordCount":368,"publisher":{"@id":"https:\/\/www.osantarritense.com.br\/jornal\/#\/schema\/person\/e126b4df363ecdbcf21dc50a978dd9b8"},"image":{"@id":"https:\/\/www.osantarritense.com.br\/jornal\/usina-santa-rita-continua-com-processo-seletivo-para-a-safra-2026-2027\/#primaryimage"},"thumbnailUrl":"https:\/\/www.osantarritense.com.br\/jornal\/wp-content\/uploads\/2026\/03\/u1.jpg","articleSection":["Cidade"],"inLanguage":"pt-BR"},{"@type":"WebPage","@id":"https:\/\/www.osantarritense.com.br\/jornal\/usina-santa-rita-continua-com-processo-seletivo-para-a-safra-2026-2027\/","url":"https:\/\/www.osantarritense.com.br\/jornal\/usina-santa-rita-continua-com-processo-seletivo-para-a-safra-2026-2027\/","name":"Usina Santa Rita continua com processo seletivo para a Safra 2026\/2027 - O Santarritense","isPartOf":{"@id":"https:\/\/www.osantarritense.com.br\/jornal\/#website"},"primaryImageOfPage":{"@id":"https:\/\/www.osantarritense.com.br\/jornal\/usina-santa-rita-continua-com-processo-seletivo-para-a-safra-2026-2027\/#primaryimage"},"image":{"@id":"https:\/\/www.osantarritense.com.br\/jornal\/usina-santa-rita-continua-com-processo-seletivo-para-a-safra-2026-2027\/#primaryimage"},"thumbnailUrl":"https:\/\/www.osantarritense.com.br\/jornal\/wp-content\/uploads\/2026\/03\/u1.jpg","datePublished":"2026-03-04T18:45:23+00:00","breadcrumb":{"@id":"https:\/\/www.osantarritense.com.br\/jornal\/usina-santa-rita-continua-com-processo-seletivo-para-a-safra-2026-2027\/#breadcrumb"},"inLanguage":"pt-BR","potentialAction":[{"@type":"ReadAction","target":["https:\/\/www.osantarritense.com.br\/jornal\/usina-santa-rita-continua-com-processo-seletivo-para-a-safra-2026-2027\/"]}]},{"@type":"ImageObject","inLanguage":"pt-BR","@id":"https:\/\/www.osantarritense.com.br\/jornal\/usina-santa-rita-continua-com-processo-seletivo-para-a-safra-2026-2027\/#primaryimage","url":"https:\/\/www.osantarritense.com.br\/jornal\/wp-content\/uploads\/2026\/03\/u1.jpg","contentUrl":"https:\/\/www.osantarritense.com.br\/jornal\/wp-content\/uploads\/2026\/03\/u1.jpg","width":900,"height":596},{"@type":"BreadcrumbList","@id":"https:\/\/www.osantarritense.com.br\/jornal\/usina-santa-rita-continua-com-processo-seletivo-para-a-safra-2026-2027\/#breadcrumb","itemListElement":[{"@type":"ListItem","position":1,"name":"In\u00edcio","item":"https:\/\/www.osantarritense.com.br\/jornal\/"},{"@type":"ListItem","position":2,"name":"Usina Santa Rita continua com processo seletivo para a Safra 2026\/2027"}]},{"@type":"WebSite","@id":"https:\/\/www.osantarritense.com.br\/jornal\/#website","url":"https:\/\/www.osantarritense.com.br\/jornal\/","name":"O Santarritense","description":"Jornal","publisher":{"@id":"https:\/\/www.osantarritense.com.br\/jornal\/#\/schema\/person\/e126b4df363ecdbcf21dc50a978dd9b8"},"potentialAction":[{"@type":"SearchAction","target":{"@type":"EntryPoint","urlTemplate":"https:\/\/www.osantarritense.com.br\/jornal\/?s={search_term_string}"},"query-input":{"@type":"PropertyValueSpecification","valueRequired":true,"valueName":"search_term_string"}}],"inLanguage":"pt-BR"},{"@type":["Person","Organization"],"@id":"https:\/\/www.osantarritense.com.br\/jornal\/#\/schema\/person\/e126b4df363ecdbcf21dc50a978dd9b8","name":"Reda\u00e7\u00e3o","image":{"@type":"ImageObject","inLanguage":"pt-BR","@id":"https:\/\/www.osantarritense.com.br\/jornal\/#\/schema\/person\/image\/","url":"https:\/\/www.osantarritense.com.br\/jornal\/wp-content\/uploads\/2026\/02\/cropped-logosantarritense.jpg","contentUrl":"https:\/\/www.osantarritense.com.br\/jornal\/wp-content\/uploads\/2026\/02\/cropped-logosantarritense.jpg","width":1221,"height":251,"caption":"Reda\u00e7\u00e3o"},"logo":{"@id":"https:\/\/www.osantarritense.com.br\/jornal\/#\/schema\/person\/image\/"},"sameAs":["https:\/\/www.osantarritense.com.br\/jornal"],"url":"https:\/\/www.osantarritense.com.br\/jornal\/author\/admin\/"}]}},"_links":{"self":[{"href":"https:\/\/www.osantarritense.com.br\/jornal\/wp-json\/wp\/v2\/posts\/507","targetHints":{"allow":["GET"]}}],"collection":[{"href":"https:\/\/www.osantarritense.com.br\/jornal\/wp-json\/wp\/v2\/posts"}],"about":[{"href":"https:\/\/www.osantarritense.com.br\/jornal\/wp-json\/wp\/v2\/types\/post"}],"author":[{"embeddable":true,"href":"https:\/\/www.osantarritense.com.br\/jornal\/wp-json\/wp\/v2\/users\/1"}],"replies":[{"embeddable":true,"href":"https:\/\/www.osantarritense.com.br\/jornal\/wp-json\/wp\/v2\/comments?post=507"}],"version-history":[{"count":1,"href":"https:\/\/www.osantarritense.com.br\/jornal\/wp-json\/wp\/v2\/posts\/507\/revisions"}],"predecessor-version":[{"id":509,"href":"https:\/\/www.osantarritense.com.br\/jornal\/wp-json\/wp\/v2\/posts\/507\/revisions\/509"}],"wp:featuredmedia":[{"embeddable":true,"href":"https:\/\/www.osantarritense.com.br\/jornal\/wp-json\/wp\/v2\/media\/508"}],"wp:attachment":[{"href":"https:\/\/www.osantarritense.com.br\/jornal\/wp-json\/wp\/v2\/media?parent=507"}],"wp:term":[{"taxonomy":"category","embeddable":true,"href":"https:\/\/www.osantarritense.com.br\/jornal\/wp-json\/wp\/v2\/categories?post=507"},{"taxonomy":"post_tag","embeddable":true,"href":"https:\/\/www.osantarritense.com.br\/jornal\/wp-json\/wp\/v2\/tags?post=507"}],"curies":[{"name":"wp","href":"https:\/\/api.w.org\/{rel}","templated":true}]}}