{"id":501,"date":"2026-03-04T16:52:27","date_gmt":"2026-03-04T16:52:27","guid":{"rendered":"https:\/\/www.osantarritense.com.br\/jornal\/?p=501"},"modified":"2026-03-04T16:52:27","modified_gmt":"2026-03-04T16:52:27","slug":"santa-rita-recebe-autora-auritha-tabajara-para-roda-de-conversa","status":"publish","type":"post","link":"https:\/\/www.osantarritense.com.br\/jornal\/santa-rita-recebe-autora-auritha-tabajara-para-roda-de-conversa\/","title":{"rendered":"Santa Rita recebe autora Auritha Tabajara para roda de conversa"},"content":{"rendered":"<p data-start=\"106\" data-end=\"388\"><span style=\"font-family: tahoma, arial, helvetica, sans-serif;\">A escritora e poetisa <span class=\"hover:entity-accent entity-underline inline cursor-pointer align-baseline\"><span class=\"whitespace-normal\">Auritha Tabajara<\/span><\/span> estar\u00e1 na Esta\u00e7\u00e3o Sesi de Cultura de Santa Rita do Passa Quatro nesta sexta-feira (6). <strong data-start=\"253\" data-end=\"388\">A visita marca a premia\u00e7\u00e3o do Concurso Liter\u00e1rio Sesi-SP \u2013 Pr\u00eamio Poesia Auritha Tabajara e uma roda de conversa aberta ao p\u00fablico.<\/strong><\/span><\/p>\n<p data-start=\"106\" data-end=\"388\"><span style=\"font-family: tahoma, arial, helvetica, sans-serif;\">\ud83d\udcf1 <em>Siga o O Santarritense no <a href=\"https:\/\/www.instagram.com\/osantarritense\/\">Instagram<\/a><\/em><\/span><\/p>\n<p data-start=\"390\" data-end=\"600\"><span style=\"font-family: tahoma, arial, helvetica, sans-serif;\">A programa\u00e7\u00e3o come\u00e7a \u00e0s 14h, com uma roda de conversa em que a autora falar\u00e1 sobre sua trajet\u00f3ria, o processo criativo e a import\u00e2ncia da literatura. \u00c0s 15h, ser\u00e1 realizada a cerim\u00f4nia de premia\u00e7\u00e3o do concurso.<\/span><\/p>\n<p data-start=\"602\" data-end=\"654\"><span style=\"font-family: tahoma, arial, helvetica, sans-serif;\">Os eventos s\u00e3o <strong data-start=\"617\" data-end=\"653\">gratuitos e abertos \u00e0 comunidade<\/strong>.<\/span><\/p>\n<h3 data-start=\"656\" data-end=\"672\"><span style=\"font-family: tahoma, arial, helvetica, sans-serif;\">Premia\u00e7\u00e3o<\/span><\/h3>\n<p data-start=\"674\" data-end=\"939\"><span style=\"font-family: tahoma, arial, helvetica, sans-serif;\">O <span class=\"hover:entity-accent entity-underline inline cursor-pointer align-baseline\"><span class=\"whitespace-normal\">Servi\u00e7o Social da Ind\u00fastria<\/span><\/span> (Sesi-SP) premiar\u00e1 o primeiro colocado de cada categoria com <strong data-start=\"775\" data-end=\"787\">R$ 2 mil<\/strong>. Os tr\u00eas primeiros colocados receber\u00e3o uma placa comemorativa, enquanto o quarto e o quinto lugares ser\u00e3o contemplados com certificado de participa\u00e7\u00e3o.<\/span><\/p>\n<p data-start=\"941\" data-end=\"1169\" data-is-last-node=\"\" data-is-only-node=\"\"><span style=\"font-family: tahoma, arial, helvetica, sans-serif;\">O concurso leva o nome da escritora, reconhecida nacionalmente por sua atua\u00e7\u00e3o na literatura ind\u00edgena contempor\u00e2nea. A iniciativa busca incentivar a produ\u00e7\u00e3o liter\u00e1ria e valorizar novos talentos da poesia no estado de S\u00e3o Paulo.<\/span><\/p>\n<p><em><span style=\"font-family: tahoma, arial, helvetica, sans-serif;\">\u270d\ufe0f Da reda\u00e7\u00e3o: <a href=\"https:\/\/www.facebook.com\/jornalistatonioliveiraon\/\">Jornalista Toni Oliveira<\/a><\/span><\/em><\/p>\n<p><span style=\"font-family: tahoma, arial, helvetica, sans-serif;\"><em>( Fica proibida a reprodu\u00e7\u00e3o total ou parcial, c\u00f3pia ou distribui\u00e7\u00e3o do conte\u00fado, sem autoriza\u00e7\u00e3o expressa por parte do <strong>jornal O Santarritense<\/strong>)<\/em><\/span><\/p>\n","protected":false},"excerpt":{"rendered":"<p>A escritora e poetisa Auritha Tabajara estar\u00e1 na Esta\u00e7\u00e3o Sesi de Cultura de Santa Rita do Passa Quatro nesta sexta-feira&hellip;<\/p>\n","protected":false},"author":1,"featured_media":502,"comment_status":"closed","ping_status":"closed","sticky":false,"template":"","format":"standard","meta":{"footnotes":""},"categories":[3],"tags":[],"class_list":["post-501","post","type-post","status-publish","format-standard","has-post-thumbnail","hentry","category-cidade"],"yoast_head":"<!-- This site is optimized with the Yoast SEO plugin v26.8 - https:\/\/yoast.com\/product\/yoast-seo-wordpress\/ -->\n<title>Santa Rita recebe autora Auritha Tabajara para roda de conversa - O Santarritense<\/title>\n<meta name=\"robots\" content=\"index, follow, max-snippet:-1, max-image-preview:large, max-video-preview:-1\" \/>\n<link rel=\"canonical\" href=\"https:\/\/www.osantarritense.com.br\/jornal\/santa-rita-recebe-autora-auritha-tabajara-para-roda-de-conversa\/\" \/>\n<meta property=\"og:locale\" content=\"pt_BR\" \/>\n<meta property=\"og:type\" content=\"article\" \/>\n<meta property=\"og:title\" content=\"Santa Rita recebe autora Auritha Tabajara para roda de conversa - O Santarritense\" \/>\n<meta property=\"og:description\" content=\"A escritora e poetisa Auritha Tabajara estar\u00e1 na Esta\u00e7\u00e3o Sesi de Cultura de Santa Rita do Passa Quatro nesta sexta-feira&hellip;\" \/>\n<meta property=\"og:url\" content=\"https:\/\/www.osantarritense.com.br\/jornal\/santa-rita-recebe-autora-auritha-tabajara-para-roda-de-conversa\/\" \/>\n<meta property=\"og:site_name\" content=\"O Santarritense\" \/>\n<meta property=\"article:published_time\" content=\"2026-03-04T16:52:27+00:00\" \/>\n<meta property=\"og:image\" content=\"https:\/\/www.osantarritense.com.br\/jornal\/wp-content\/uploads\/2026\/03\/aurita.jpg\" \/>\n\t<meta property=\"og:image:width\" content=\"969\" \/>\n\t<meta property=\"og:image:height\" content=\"653\" \/>\n\t<meta property=\"og:image:type\" content=\"image\/jpeg\" \/>\n<meta name=\"author\" content=\"Reda\u00e7\u00e3o\" \/>\n<meta name=\"twitter:card\" content=\"summary_large_image\" \/>\n<meta name=\"twitter:label1\" content=\"Escrito por\" \/>\n\t<meta name=\"twitter:data1\" content=\"Reda\u00e7\u00e3o\" \/>\n\t<meta name=\"twitter:label2\" content=\"Est. tempo de leitura\" \/>\n\t<meta name=\"twitter:data2\" content=\"2 minutos\" \/>\n<script type=\"application\/ld+json\" class=\"yoast-schema-graph\">{\"@context\":\"https:\/\/schema.org\",\"@graph\":[{\"@type\":\"Article\",\"@id\":\"https:\/\/www.osantarritense.com.br\/jornal\/santa-rita-recebe-autora-auritha-tabajara-para-roda-de-conversa\/#article\",\"isPartOf\":{\"@id\":\"https:\/\/www.osantarritense.com.br\/jornal\/santa-rita-recebe-autora-auritha-tabajara-para-roda-de-conversa\/\"},\"author\":{\"name\":\"Reda\u00e7\u00e3o\",\"@id\":\"https:\/\/www.osantarritense.com.br\/jornal\/#\/schema\/person\/e126b4df363ecdbcf21dc50a978dd9b8\"},\"headline\":\"Santa Rita recebe autora Auritha Tabajara para roda de conversa\",\"datePublished\":\"2026-03-04T16:52:27+00:00\",\"mainEntityOfPage\":{\"@id\":\"https:\/\/www.osantarritense.com.br\/jornal\/santa-rita-recebe-autora-auritha-tabajara-para-roda-de-conversa\/\"},\"wordCount\":229,\"publisher\":{\"@id\":\"https:\/\/www.osantarritense.com.br\/jornal\/#\/schema\/person\/e126b4df363ecdbcf21dc50a978dd9b8\"},\"image\":{\"@id\":\"https:\/\/www.osantarritense.com.br\/jornal\/santa-rita-recebe-autora-auritha-tabajara-para-roda-de-conversa\/#primaryimage\"},\"thumbnailUrl\":\"https:\/\/www.osantarritense.com.br\/jornal\/wp-content\/uploads\/2026\/03\/aurita.jpg\",\"articleSection\":[\"Cidade\"],\"inLanguage\":\"pt-BR\"},{\"@type\":\"WebPage\",\"@id\":\"https:\/\/www.osantarritense.com.br\/jornal\/santa-rita-recebe-autora-auritha-tabajara-para-roda-de-conversa\/\",\"url\":\"https:\/\/www.osantarritense.com.br\/jornal\/santa-rita-recebe-autora-auritha-tabajara-para-roda-de-conversa\/\",\"name\":\"Santa Rita recebe autora Auritha Tabajara para roda de conversa - O Santarritense\",\"isPartOf\":{\"@id\":\"https:\/\/www.osantarritense.com.br\/jornal\/#website\"},\"primaryImageOfPage\":{\"@id\":\"https:\/\/www.osantarritense.com.br\/jornal\/santa-rita-recebe-autora-auritha-tabajara-para-roda-de-conversa\/#primaryimage\"},\"image\":{\"@id\":\"https:\/\/www.osantarritense.com.br\/jornal\/santa-rita-recebe-autora-auritha-tabajara-para-roda-de-conversa\/#primaryimage\"},\"thumbnailUrl\":\"https:\/\/www.osantarritense.com.br\/jornal\/wp-content\/uploads\/2026\/03\/aurita.jpg\",\"datePublished\":\"2026-03-04T16:52:27+00:00\",\"breadcrumb\":{\"@id\":\"https:\/\/www.osantarritense.com.br\/jornal\/santa-rita-recebe-autora-auritha-tabajara-para-roda-de-conversa\/#breadcrumb\"},\"inLanguage\":\"pt-BR\",\"potentialAction\":[{\"@type\":\"ReadAction\",\"target\":[\"https:\/\/www.osantarritense.com.br\/jornal\/santa-rita-recebe-autora-auritha-tabajara-para-roda-de-conversa\/\"]}]},{\"@type\":\"ImageObject\",\"inLanguage\":\"pt-BR\",\"@id\":\"https:\/\/www.osantarritense.com.br\/jornal\/santa-rita-recebe-autora-auritha-tabajara-para-roda-de-conversa\/#primaryimage\",\"url\":\"https:\/\/www.osantarritense.com.br\/jornal\/wp-content\/uploads\/2026\/03\/aurita.jpg\",\"contentUrl\":\"https:\/\/www.osantarritense.com.br\/jornal\/wp-content\/uploads\/2026\/03\/aurita.jpg\",\"width\":969,\"height\":653},{\"@type\":\"BreadcrumbList\",\"@id\":\"https:\/\/www.osantarritense.com.br\/jornal\/santa-rita-recebe-autora-auritha-tabajara-para-roda-de-conversa\/#breadcrumb\",\"itemListElement\":[{\"@type\":\"ListItem\",\"position\":1,\"name\":\"In\u00edcio\",\"item\":\"https:\/\/www.osantarritense.com.br\/jornal\/\"},{\"@type\":\"ListItem\",\"position\":2,\"name\":\"Santa Rita recebe autora Auritha Tabajara para roda de conversa\"}]},{\"@type\":\"WebSite\",\"@id\":\"https:\/\/www.osantarritense.com.br\/jornal\/#website\",\"url\":\"https:\/\/www.osantarritense.com.br\/jornal\/\",\"name\":\"O Santarritense\",\"description\":\"Jornal\",\"publisher\":{\"@id\":\"https:\/\/www.osantarritense.com.br\/jornal\/#\/schema\/person\/e126b4df363ecdbcf21dc50a978dd9b8\"},\"potentialAction\":[{\"@type\":\"SearchAction\",\"target\":{\"@type\":\"EntryPoint\",\"urlTemplate\":\"https:\/\/www.osantarritense.com.br\/jornal\/?s={search_term_string}\"},\"query-input\":{\"@type\":\"PropertyValueSpecification\",\"valueRequired\":true,\"valueName\":\"search_term_string\"}}],\"inLanguage\":\"pt-BR\"},{\"@type\":[\"Person\",\"Organization\"],\"@id\":\"https:\/\/www.osantarritense.com.br\/jornal\/#\/schema\/person\/e126b4df363ecdbcf21dc50a978dd9b8\",\"name\":\"Reda\u00e7\u00e3o\",\"image\":{\"@type\":\"ImageObject\",\"inLanguage\":\"pt-BR\",\"@id\":\"https:\/\/www.osantarritense.com.br\/jornal\/#\/schema\/person\/image\/\",\"url\":\"https:\/\/www.osantarritense.com.br\/jornal\/wp-content\/uploads\/2026\/02\/cropped-logosantarritense.jpg\",\"contentUrl\":\"https:\/\/www.osantarritense.com.br\/jornal\/wp-content\/uploads\/2026\/02\/cropped-logosantarritense.jpg\",\"width\":1221,\"height\":251,\"caption\":\"Reda\u00e7\u00e3o\"},\"logo\":{\"@id\":\"https:\/\/www.osantarritense.com.br\/jornal\/#\/schema\/person\/image\/\"},\"sameAs\":[\"https:\/\/www.osantarritense.com.br\/jornal\"],\"url\":\"https:\/\/www.osantarritense.com.br\/jornal\/author\/admin\/\"}]}<\/script>\n<!-- \/ Yoast SEO plugin. -->","yoast_head_json":{"title":"Santa Rita recebe autora Auritha Tabajara para roda de conversa - O Santarritense","robots":{"index":"index","follow":"follow","max-snippet":"max-snippet:-1","max-image-preview":"max-image-preview:large","max-video-preview":"max-video-preview:-1"},"canonical":"https:\/\/www.osantarritense.com.br\/jornal\/santa-rita-recebe-autora-auritha-tabajara-para-roda-de-conversa\/","og_locale":"pt_BR","og_type":"article","og_title":"Santa Rita recebe autora Auritha Tabajara para roda de conversa - O Santarritense","og_description":"A escritora e poetisa Auritha Tabajara estar\u00e1 na Esta\u00e7\u00e3o Sesi de Cultura de Santa Rita do Passa Quatro nesta sexta-feira&hellip;","og_url":"https:\/\/www.osantarritense.com.br\/jornal\/santa-rita-recebe-autora-auritha-tabajara-para-roda-de-conversa\/","og_site_name":"O Santarritense","article_published_time":"2026-03-04T16:52:27+00:00","og_image":[{"width":969,"height":653,"url":"https:\/\/www.osantarritense.com.br\/jornal\/wp-content\/uploads\/2026\/03\/aurita.jpg","type":"image\/jpeg"}],"author":"Reda\u00e7\u00e3o","twitter_card":"summary_large_image","twitter_misc":{"Escrito por":"Reda\u00e7\u00e3o","Est. tempo de leitura":"2 minutos"},"schema":{"@context":"https:\/\/schema.org","@graph":[{"@type":"Article","@id":"https:\/\/www.osantarritense.com.br\/jornal\/santa-rita-recebe-autora-auritha-tabajara-para-roda-de-conversa\/#article","isPartOf":{"@id":"https:\/\/www.osantarritense.com.br\/jornal\/santa-rita-recebe-autora-auritha-tabajara-para-roda-de-conversa\/"},"author":{"name":"Reda\u00e7\u00e3o","@id":"https:\/\/www.osantarritense.com.br\/jornal\/#\/schema\/person\/e126b4df363ecdbcf21dc50a978dd9b8"},"headline":"Santa Rita recebe autora Auritha Tabajara para roda de conversa","datePublished":"2026-03-04T16:52:27+00:00","mainEntityOfPage":{"@id":"https:\/\/www.osantarritense.com.br\/jornal\/santa-rita-recebe-autora-auritha-tabajara-para-roda-de-conversa\/"},"wordCount":229,"publisher":{"@id":"https:\/\/www.osantarritense.com.br\/jornal\/#\/schema\/person\/e126b4df363ecdbcf21dc50a978dd9b8"},"image":{"@id":"https:\/\/www.osantarritense.com.br\/jornal\/santa-rita-recebe-autora-auritha-tabajara-para-roda-de-conversa\/#primaryimage"},"thumbnailUrl":"https:\/\/www.osantarritense.com.br\/jornal\/wp-content\/uploads\/2026\/03\/aurita.jpg","articleSection":["Cidade"],"inLanguage":"pt-BR"},{"@type":"WebPage","@id":"https:\/\/www.osantarritense.com.br\/jornal\/santa-rita-recebe-autora-auritha-tabajara-para-roda-de-conversa\/","url":"https:\/\/www.osantarritense.com.br\/jornal\/santa-rita-recebe-autora-auritha-tabajara-para-roda-de-conversa\/","name":"Santa Rita recebe autora Auritha Tabajara para roda de conversa - O Santarritense","isPartOf":{"@id":"https:\/\/www.osantarritense.com.br\/jornal\/#website"},"primaryImageOfPage":{"@id":"https:\/\/www.osantarritense.com.br\/jornal\/santa-rita-recebe-autora-auritha-tabajara-para-roda-de-conversa\/#primaryimage"},"image":{"@id":"https:\/\/www.osantarritense.com.br\/jornal\/santa-rita-recebe-autora-auritha-tabajara-para-roda-de-conversa\/#primaryimage"},"thumbnailUrl":"https:\/\/www.osantarritense.com.br\/jornal\/wp-content\/uploads\/2026\/03\/aurita.jpg","datePublished":"2026-03-04T16:52:27+00:00","breadcrumb":{"@id":"https:\/\/www.osantarritense.com.br\/jornal\/santa-rita-recebe-autora-auritha-tabajara-para-roda-de-conversa\/#breadcrumb"},"inLanguage":"pt-BR","potentialAction":[{"@type":"ReadAction","target":["https:\/\/www.osantarritense.com.br\/jornal\/santa-rita-recebe-autora-auritha-tabajara-para-roda-de-conversa\/"]}]},{"@type":"ImageObject","inLanguage":"pt-BR","@id":"https:\/\/www.osantarritense.com.br\/jornal\/santa-rita-recebe-autora-auritha-tabajara-para-roda-de-conversa\/#primaryimage","url":"https:\/\/www.osantarritense.com.br\/jornal\/wp-content\/uploads\/2026\/03\/aurita.jpg","contentUrl":"https:\/\/www.osantarritense.com.br\/jornal\/wp-content\/uploads\/2026\/03\/aurita.jpg","width":969,"height":653},{"@type":"BreadcrumbList","@id":"https:\/\/www.osantarritense.com.br\/jornal\/santa-rita-recebe-autora-auritha-tabajara-para-roda-de-conversa\/#breadcrumb","itemListElement":[{"@type":"ListItem","position":1,"name":"In\u00edcio","item":"https:\/\/www.osantarritense.com.br\/jornal\/"},{"@type":"ListItem","position":2,"name":"Santa Rita recebe autora Auritha Tabajara para roda de conversa"}]},{"@type":"WebSite","@id":"https:\/\/www.osantarritense.com.br\/jornal\/#website","url":"https:\/\/www.osantarritense.com.br\/jornal\/","name":"O Santarritense","description":"Jornal","publisher":{"@id":"https:\/\/www.osantarritense.com.br\/jornal\/#\/schema\/person\/e126b4df363ecdbcf21dc50a978dd9b8"},"potentialAction":[{"@type":"SearchAction","target":{"@type":"EntryPoint","urlTemplate":"https:\/\/www.osantarritense.com.br\/jornal\/?s={search_term_string}"},"query-input":{"@type":"PropertyValueSpecification","valueRequired":true,"valueName":"search_term_string"}}],"inLanguage":"pt-BR"},{"@type":["Person","Organization"],"@id":"https:\/\/www.osantarritense.com.br\/jornal\/#\/schema\/person\/e126b4df363ecdbcf21dc50a978dd9b8","name":"Reda\u00e7\u00e3o","image":{"@type":"ImageObject","inLanguage":"pt-BR","@id":"https:\/\/www.osantarritense.com.br\/jornal\/#\/schema\/person\/image\/","url":"https:\/\/www.osantarritense.com.br\/jornal\/wp-content\/uploads\/2026\/02\/cropped-logosantarritense.jpg","contentUrl":"https:\/\/www.osantarritense.com.br\/jornal\/wp-content\/uploads\/2026\/02\/cropped-logosantarritense.jpg","width":1221,"height":251,"caption":"Reda\u00e7\u00e3o"},"logo":{"@id":"https:\/\/www.osantarritense.com.br\/jornal\/#\/schema\/person\/image\/"},"sameAs":["https:\/\/www.osantarritense.com.br\/jornal"],"url":"https:\/\/www.osantarritense.com.br\/jornal\/author\/admin\/"}]}},"_links":{"self":[{"href":"https:\/\/www.osantarritense.com.br\/jornal\/wp-json\/wp\/v2\/posts\/501","targetHints":{"allow":["GET"]}}],"collection":[{"href":"https:\/\/www.osantarritense.com.br\/jornal\/wp-json\/wp\/v2\/posts"}],"about":[{"href":"https:\/\/www.osantarritense.com.br\/jornal\/wp-json\/wp\/v2\/types\/post"}],"author":[{"embeddable":true,"href":"https:\/\/www.osantarritense.com.br\/jornal\/wp-json\/wp\/v2\/users\/1"}],"replies":[{"embeddable":true,"href":"https:\/\/www.osantarritense.com.br\/jornal\/wp-json\/wp\/v2\/comments?post=501"}],"version-history":[{"count":2,"href":"https:\/\/www.osantarritense.com.br\/jornal\/wp-json\/wp\/v2\/posts\/501\/revisions"}],"predecessor-version":[{"id":504,"href":"https:\/\/www.osantarritense.com.br\/jornal\/wp-json\/wp\/v2\/posts\/501\/revisions\/504"}],"wp:featuredmedia":[{"embeddable":true,"href":"https:\/\/www.osantarritense.com.br\/jornal\/wp-json\/wp\/v2\/media\/502"}],"wp:attachment":[{"href":"https:\/\/www.osantarritense.com.br\/jornal\/wp-json\/wp\/v2\/media?parent=501"}],"wp:term":[{"taxonomy":"category","embeddable":true,"href":"https:\/\/www.osantarritense.com.br\/jornal\/wp-json\/wp\/v2\/categories?post=501"},{"taxonomy":"post_tag","embeddable":true,"href":"https:\/\/www.osantarritense.com.br\/jornal\/wp-json\/wp\/v2\/tags?post=501"}],"curies":[{"name":"wp","href":"https:\/\/api.w.org\/{rel}","templated":true}]}}