{"id":498,"date":"2026-03-04T14:17:52","date_gmt":"2026-03-04T14:17:52","guid":{"rendered":"https:\/\/www.osantarritense.com.br\/jornal\/?p=498"},"modified":"2026-03-04T16:53:04","modified_gmt":"2026-03-04T16:53:04","slug":"vacinacao-antirrabica-acontece-no-jardim-boa-vista-neste-domingo","status":"publish","type":"post","link":"https:\/\/www.osantarritense.com.br\/jornal\/vacinacao-antirrabica-acontece-no-jardim-boa-vista-neste-domingo\/","title":{"rendered":"Vacina\u00e7\u00e3o antirr\u00e1bica acontece no Jardim Boa Vista neste domingo"},"content":{"rendered":"<p data-start=\"74\" data-end=\"313\"><span style=\"font-family: tahoma, arial, helvetica, sans-serif;\"><span class=\"hover:entity-accent entity-underline inline cursor-pointer align-baseline\"><span class=\"whitespace-normal\">Santa Rita do Passa Quatro<\/span><\/span> promove neste domingo (8) uma nova etapa da campanha de vacina\u00e7\u00e3o antirr\u00e1bica. A a\u00e7\u00e3o ser\u00e1 realizada das <strong data-start=\"217\" data-end=\"230\">9h \u00e0s 16h<\/strong>, na <strong data-start=\"235\" data-end=\"250\">Escola CAIC<\/strong>, localizada na Rua Faustino Moura, 130, no Jardim Boa Vista 1.<\/span><\/p>\n<p data-start=\"74\" data-end=\"313\"><span style=\"font-family: tahoma, arial, helvetica, sans-serif;\">\ud83d\udcf1 <em>Siga o O Santarritense no <a href=\"https:\/\/www.instagram.com\/osantarritense\/\">Instagram<\/a><\/em><\/span><\/p>\n<p data-start=\"315\" data-end=\"526\"><span style=\"font-family: tahoma, arial, helvetica, sans-serif;\">A iniciativa \u00e9 organizada pela Prefeitura, por meio do Setor de Zoonoses do Departamento de Sa\u00fade, e tem como objetivo imunizar <strong data-start=\"443\" data-end=\"459\">c\u00e3es e gatos<\/strong> contra a raiva, doen\u00e7a que pode ser transmitida aos seres humanos.<\/span><\/p>\n<p data-start=\"528\" data-end=\"696\"><span style=\"font-family: tahoma, arial, helvetica, sans-serif;\">A vacina\u00e7\u00e3o \u00e9 <strong data-start=\"542\" data-end=\"554\">gratuita<\/strong> e destinada aos animais do munic\u00edpio. Para receber a dose, os tutores devem levar seus pets ao ponto indicado dentro do hor\u00e1rio estabelecido.<\/span><\/p>\n<p data-start=\"698\" data-end=\"922\"><span style=\"font-family: tahoma, arial, helvetica, sans-serif;\">De acordo com a administra\u00e7\u00e3o municipal, a imuniza\u00e7\u00e3o \u00e9 fundamental n\u00e3o apenas para proteger os animais de estima\u00e7\u00e3o, mas tamb\u00e9m para garantir a seguran\u00e7a da popula\u00e7\u00e3o, j\u00e1 que a raiva \u00e9 uma doen\u00e7a grave e pode levar \u00e0 morte.<\/span><\/p>\n<p data-start=\"924\" data-end=\"1113\" data-is-last-node=\"\" data-is-only-node=\"\"><span style=\"font-family: tahoma, arial, helvetica, sans-serif;\">A recomenda\u00e7\u00e3o \u00e9 que os respons\u00e1veis conduzam os c\u00e3es com coleira e guia, e que os gatos sejam transportados em caixas apropriadas, a fim de evitar fugas ou acidentes durante o atendimento.<\/span><\/p>\n<p><em><span style=\"font-family: tahoma, arial, helvetica, sans-serif;\">\u270d\ufe0f Da reda\u00e7\u00e3o: <a href=\"https:\/\/www.facebook.com\/jornalistatonioliveiraon\/\">Jornalista Toni Oliveira<\/a><\/span><\/em><\/p>\n<p><span style=\"font-family: tahoma, arial, helvetica, sans-serif;\"><em>( Fica proibida a reprodu\u00e7\u00e3o total ou parcial, c\u00f3pia ou distribui\u00e7\u00e3o do conte\u00fado, sem autoriza\u00e7\u00e3o expressa por parte do <strong>jornal O Santarritense<\/strong>)<\/em><\/span><\/p>\n","protected":false},"excerpt":{"rendered":"<p>Santa Rita do Passa Quatro promove neste domingo (8) uma nova etapa da campanha de vacina\u00e7\u00e3o antirr\u00e1bica. A a\u00e7\u00e3o ser\u00e1&hellip;<\/p>\n","protected":false},"author":1,"featured_media":499,"comment_status":"closed","ping_status":"closed","sticky":false,"template":"","format":"standard","meta":{"footnotes":""},"categories":[3],"tags":[],"class_list":["post-498","post","type-post","status-publish","format-standard","has-post-thumbnail","hentry","category-cidade"],"yoast_head":"<!-- This site is optimized with the Yoast SEO plugin v26.8 - https:\/\/yoast.com\/product\/yoast-seo-wordpress\/ -->\n<title>Vacina\u00e7\u00e3o antirr\u00e1bica acontece no Jardim Boa Vista neste domingo - O Santarritense<\/title>\n<meta name=\"robots\" content=\"index, follow, max-snippet:-1, max-image-preview:large, max-video-preview:-1\" \/>\n<link rel=\"canonical\" href=\"https:\/\/www.osantarritense.com.br\/jornal\/vacinacao-antirrabica-acontece-no-jardim-boa-vista-neste-domingo\/\" \/>\n<meta property=\"og:locale\" content=\"pt_BR\" \/>\n<meta property=\"og:type\" content=\"article\" \/>\n<meta property=\"og:title\" content=\"Vacina\u00e7\u00e3o antirr\u00e1bica acontece no Jardim Boa Vista neste domingo - O Santarritense\" \/>\n<meta property=\"og:description\" content=\"Santa Rita do Passa Quatro promove neste domingo (8) uma nova etapa da campanha de vacina\u00e7\u00e3o antirr\u00e1bica. A a\u00e7\u00e3o ser\u00e1&hellip;\" \/>\n<meta property=\"og:url\" content=\"https:\/\/www.osantarritense.com.br\/jornal\/vacinacao-antirrabica-acontece-no-jardim-boa-vista-neste-domingo\/\" \/>\n<meta property=\"og:site_name\" content=\"O Santarritense\" \/>\n<meta property=\"article:published_time\" content=\"2026-03-04T14:17:52+00:00\" \/>\n<meta property=\"article:modified_time\" content=\"2026-03-04T16:53:04+00:00\" \/>\n<meta property=\"og:image\" content=\"https:\/\/www.osantarritense.com.br\/jornal\/wp-content\/uploads\/2026\/03\/vacina.jpg\" \/>\n\t<meta property=\"og:image:width\" content=\"1048\" \/>\n\t<meta property=\"og:image:height\" content=\"768\" \/>\n\t<meta property=\"og:image:type\" content=\"image\/jpeg\" \/>\n<meta name=\"author\" content=\"Reda\u00e7\u00e3o\" \/>\n<meta name=\"twitter:card\" content=\"summary_large_image\" \/>\n<meta name=\"twitter:label1\" content=\"Escrito por\" \/>\n\t<meta name=\"twitter:data1\" content=\"Reda\u00e7\u00e3o\" \/>\n\t<meta name=\"twitter:label2\" content=\"Est. tempo de leitura\" \/>\n\t<meta name=\"twitter:data2\" content=\"2 minutos\" \/>\n<script type=\"application\/ld+json\" class=\"yoast-schema-graph\">{\"@context\":\"https:\/\/schema.org\",\"@graph\":[{\"@type\":\"Article\",\"@id\":\"https:\/\/www.osantarritense.com.br\/jornal\/vacinacao-antirrabica-acontece-no-jardim-boa-vista-neste-domingo\/#article\",\"isPartOf\":{\"@id\":\"https:\/\/www.osantarritense.com.br\/jornal\/vacinacao-antirrabica-acontece-no-jardim-boa-vista-neste-domingo\/\"},\"author\":{\"name\":\"Reda\u00e7\u00e3o\",\"@id\":\"https:\/\/www.osantarritense.com.br\/jornal\/#\/schema\/person\/e126b4df363ecdbcf21dc50a978dd9b8\"},\"headline\":\"Vacina\u00e7\u00e3o antirr\u00e1bica acontece no Jardim Boa Vista neste domingo\",\"datePublished\":\"2026-03-04T14:17:52+00:00\",\"dateModified\":\"2026-03-04T16:53:04+00:00\",\"mainEntityOfPage\":{\"@id\":\"https:\/\/www.osantarritense.com.br\/jornal\/vacinacao-antirrabica-acontece-no-jardim-boa-vista-neste-domingo\/\"},\"wordCount\":232,\"publisher\":{\"@id\":\"https:\/\/www.osantarritense.com.br\/jornal\/#\/schema\/person\/e126b4df363ecdbcf21dc50a978dd9b8\"},\"image\":{\"@id\":\"https:\/\/www.osantarritense.com.br\/jornal\/vacinacao-antirrabica-acontece-no-jardim-boa-vista-neste-domingo\/#primaryimage\"},\"thumbnailUrl\":\"https:\/\/www.osantarritense.com.br\/jornal\/wp-content\/uploads\/2026\/03\/vacina.jpg\",\"articleSection\":[\"Cidade\"],\"inLanguage\":\"pt-BR\"},{\"@type\":\"WebPage\",\"@id\":\"https:\/\/www.osantarritense.com.br\/jornal\/vacinacao-antirrabica-acontece-no-jardim-boa-vista-neste-domingo\/\",\"url\":\"https:\/\/www.osantarritense.com.br\/jornal\/vacinacao-antirrabica-acontece-no-jardim-boa-vista-neste-domingo\/\",\"name\":\"Vacina\u00e7\u00e3o antirr\u00e1bica acontece no Jardim Boa Vista neste domingo - O Santarritense\",\"isPartOf\":{\"@id\":\"https:\/\/www.osantarritense.com.br\/jornal\/#website\"},\"primaryImageOfPage\":{\"@id\":\"https:\/\/www.osantarritense.com.br\/jornal\/vacinacao-antirrabica-acontece-no-jardim-boa-vista-neste-domingo\/#primaryimage\"},\"image\":{\"@id\":\"https:\/\/www.osantarritense.com.br\/jornal\/vacinacao-antirrabica-acontece-no-jardim-boa-vista-neste-domingo\/#primaryimage\"},\"thumbnailUrl\":\"https:\/\/www.osantarritense.com.br\/jornal\/wp-content\/uploads\/2026\/03\/vacina.jpg\",\"datePublished\":\"2026-03-04T14:17:52+00:00\",\"dateModified\":\"2026-03-04T16:53:04+00:00\",\"breadcrumb\":{\"@id\":\"https:\/\/www.osantarritense.com.br\/jornal\/vacinacao-antirrabica-acontece-no-jardim-boa-vista-neste-domingo\/#breadcrumb\"},\"inLanguage\":\"pt-BR\",\"potentialAction\":[{\"@type\":\"ReadAction\",\"target\":[\"https:\/\/www.osantarritense.com.br\/jornal\/vacinacao-antirrabica-acontece-no-jardim-boa-vista-neste-domingo\/\"]}]},{\"@type\":\"ImageObject\",\"inLanguage\":\"pt-BR\",\"@id\":\"https:\/\/www.osantarritense.com.br\/jornal\/vacinacao-antirrabica-acontece-no-jardim-boa-vista-neste-domingo\/#primaryimage\",\"url\":\"https:\/\/www.osantarritense.com.br\/jornal\/wp-content\/uploads\/2026\/03\/vacina.jpg\",\"contentUrl\":\"https:\/\/www.osantarritense.com.br\/jornal\/wp-content\/uploads\/2026\/03\/vacina.jpg\",\"width\":1048,\"height\":768},{\"@type\":\"BreadcrumbList\",\"@id\":\"https:\/\/www.osantarritense.com.br\/jornal\/vacinacao-antirrabica-acontece-no-jardim-boa-vista-neste-domingo\/#breadcrumb\",\"itemListElement\":[{\"@type\":\"ListItem\",\"position\":1,\"name\":\"In\u00edcio\",\"item\":\"https:\/\/www.osantarritense.com.br\/jornal\/\"},{\"@type\":\"ListItem\",\"position\":2,\"name\":\"Vacina\u00e7\u00e3o antirr\u00e1bica acontece no Jardim Boa Vista neste domingo\"}]},{\"@type\":\"WebSite\",\"@id\":\"https:\/\/www.osantarritense.com.br\/jornal\/#website\",\"url\":\"https:\/\/www.osantarritense.com.br\/jornal\/\",\"name\":\"O Santarritense\",\"description\":\"Jornal\",\"publisher\":{\"@id\":\"https:\/\/www.osantarritense.com.br\/jornal\/#\/schema\/person\/e126b4df363ecdbcf21dc50a978dd9b8\"},\"potentialAction\":[{\"@type\":\"SearchAction\",\"target\":{\"@type\":\"EntryPoint\",\"urlTemplate\":\"https:\/\/www.osantarritense.com.br\/jornal\/?s={search_term_string}\"},\"query-input\":{\"@type\":\"PropertyValueSpecification\",\"valueRequired\":true,\"valueName\":\"search_term_string\"}}],\"inLanguage\":\"pt-BR\"},{\"@type\":[\"Person\",\"Organization\"],\"@id\":\"https:\/\/www.osantarritense.com.br\/jornal\/#\/schema\/person\/e126b4df363ecdbcf21dc50a978dd9b8\",\"name\":\"Reda\u00e7\u00e3o\",\"image\":{\"@type\":\"ImageObject\",\"inLanguage\":\"pt-BR\",\"@id\":\"https:\/\/www.osantarritense.com.br\/jornal\/#\/schema\/person\/image\/\",\"url\":\"https:\/\/www.osantarritense.com.br\/jornal\/wp-content\/uploads\/2026\/02\/cropped-logosantarritense.jpg\",\"contentUrl\":\"https:\/\/www.osantarritense.com.br\/jornal\/wp-content\/uploads\/2026\/02\/cropped-logosantarritense.jpg\",\"width\":1221,\"height\":251,\"caption\":\"Reda\u00e7\u00e3o\"},\"logo\":{\"@id\":\"https:\/\/www.osantarritense.com.br\/jornal\/#\/schema\/person\/image\/\"},\"sameAs\":[\"https:\/\/www.osantarritense.com.br\/jornal\"],\"url\":\"https:\/\/www.osantarritense.com.br\/jornal\/author\/admin\/\"}]}<\/script>\n<!-- \/ Yoast SEO plugin. -->","yoast_head_json":{"title":"Vacina\u00e7\u00e3o antirr\u00e1bica acontece no Jardim Boa Vista neste domingo - O Santarritense","robots":{"index":"index","follow":"follow","max-snippet":"max-snippet:-1","max-image-preview":"max-image-preview:large","max-video-preview":"max-video-preview:-1"},"canonical":"https:\/\/www.osantarritense.com.br\/jornal\/vacinacao-antirrabica-acontece-no-jardim-boa-vista-neste-domingo\/","og_locale":"pt_BR","og_type":"article","og_title":"Vacina\u00e7\u00e3o antirr\u00e1bica acontece no Jardim Boa Vista neste domingo - O Santarritense","og_description":"Santa Rita do Passa Quatro promove neste domingo (8) uma nova etapa da campanha de vacina\u00e7\u00e3o antirr\u00e1bica. A a\u00e7\u00e3o ser\u00e1&hellip;","og_url":"https:\/\/www.osantarritense.com.br\/jornal\/vacinacao-antirrabica-acontece-no-jardim-boa-vista-neste-domingo\/","og_site_name":"O Santarritense","article_published_time":"2026-03-04T14:17:52+00:00","article_modified_time":"2026-03-04T16:53:04+00:00","og_image":[{"width":1048,"height":768,"url":"https:\/\/www.osantarritense.com.br\/jornal\/wp-content\/uploads\/2026\/03\/vacina.jpg","type":"image\/jpeg"}],"author":"Reda\u00e7\u00e3o","twitter_card":"summary_large_image","twitter_misc":{"Escrito por":"Reda\u00e7\u00e3o","Est. tempo de leitura":"2 minutos"},"schema":{"@context":"https:\/\/schema.org","@graph":[{"@type":"Article","@id":"https:\/\/www.osantarritense.com.br\/jornal\/vacinacao-antirrabica-acontece-no-jardim-boa-vista-neste-domingo\/#article","isPartOf":{"@id":"https:\/\/www.osantarritense.com.br\/jornal\/vacinacao-antirrabica-acontece-no-jardim-boa-vista-neste-domingo\/"},"author":{"name":"Reda\u00e7\u00e3o","@id":"https:\/\/www.osantarritense.com.br\/jornal\/#\/schema\/person\/e126b4df363ecdbcf21dc50a978dd9b8"},"headline":"Vacina\u00e7\u00e3o antirr\u00e1bica acontece no Jardim Boa Vista neste domingo","datePublished":"2026-03-04T14:17:52+00:00","dateModified":"2026-03-04T16:53:04+00:00","mainEntityOfPage":{"@id":"https:\/\/www.osantarritense.com.br\/jornal\/vacinacao-antirrabica-acontece-no-jardim-boa-vista-neste-domingo\/"},"wordCount":232,"publisher":{"@id":"https:\/\/www.osantarritense.com.br\/jornal\/#\/schema\/person\/e126b4df363ecdbcf21dc50a978dd9b8"},"image":{"@id":"https:\/\/www.osantarritense.com.br\/jornal\/vacinacao-antirrabica-acontece-no-jardim-boa-vista-neste-domingo\/#primaryimage"},"thumbnailUrl":"https:\/\/www.osantarritense.com.br\/jornal\/wp-content\/uploads\/2026\/03\/vacina.jpg","articleSection":["Cidade"],"inLanguage":"pt-BR"},{"@type":"WebPage","@id":"https:\/\/www.osantarritense.com.br\/jornal\/vacinacao-antirrabica-acontece-no-jardim-boa-vista-neste-domingo\/","url":"https:\/\/www.osantarritense.com.br\/jornal\/vacinacao-antirrabica-acontece-no-jardim-boa-vista-neste-domingo\/","name":"Vacina\u00e7\u00e3o antirr\u00e1bica acontece no Jardim Boa Vista neste domingo - O Santarritense","isPartOf":{"@id":"https:\/\/www.osantarritense.com.br\/jornal\/#website"},"primaryImageOfPage":{"@id":"https:\/\/www.osantarritense.com.br\/jornal\/vacinacao-antirrabica-acontece-no-jardim-boa-vista-neste-domingo\/#primaryimage"},"image":{"@id":"https:\/\/www.osantarritense.com.br\/jornal\/vacinacao-antirrabica-acontece-no-jardim-boa-vista-neste-domingo\/#primaryimage"},"thumbnailUrl":"https:\/\/www.osantarritense.com.br\/jornal\/wp-content\/uploads\/2026\/03\/vacina.jpg","datePublished":"2026-03-04T14:17:52+00:00","dateModified":"2026-03-04T16:53:04+00:00","breadcrumb":{"@id":"https:\/\/www.osantarritense.com.br\/jornal\/vacinacao-antirrabica-acontece-no-jardim-boa-vista-neste-domingo\/#breadcrumb"},"inLanguage":"pt-BR","potentialAction":[{"@type":"ReadAction","target":["https:\/\/www.osantarritense.com.br\/jornal\/vacinacao-antirrabica-acontece-no-jardim-boa-vista-neste-domingo\/"]}]},{"@type":"ImageObject","inLanguage":"pt-BR","@id":"https:\/\/www.osantarritense.com.br\/jornal\/vacinacao-antirrabica-acontece-no-jardim-boa-vista-neste-domingo\/#primaryimage","url":"https:\/\/www.osantarritense.com.br\/jornal\/wp-content\/uploads\/2026\/03\/vacina.jpg","contentUrl":"https:\/\/www.osantarritense.com.br\/jornal\/wp-content\/uploads\/2026\/03\/vacina.jpg","width":1048,"height":768},{"@type":"BreadcrumbList","@id":"https:\/\/www.osantarritense.com.br\/jornal\/vacinacao-antirrabica-acontece-no-jardim-boa-vista-neste-domingo\/#breadcrumb","itemListElement":[{"@type":"ListItem","position":1,"name":"In\u00edcio","item":"https:\/\/www.osantarritense.com.br\/jornal\/"},{"@type":"ListItem","position":2,"name":"Vacina\u00e7\u00e3o antirr\u00e1bica acontece no Jardim Boa Vista neste domingo"}]},{"@type":"WebSite","@id":"https:\/\/www.osantarritense.com.br\/jornal\/#website","url":"https:\/\/www.osantarritense.com.br\/jornal\/","name":"O Santarritense","description":"Jornal","publisher":{"@id":"https:\/\/www.osantarritense.com.br\/jornal\/#\/schema\/person\/e126b4df363ecdbcf21dc50a978dd9b8"},"potentialAction":[{"@type":"SearchAction","target":{"@type":"EntryPoint","urlTemplate":"https:\/\/www.osantarritense.com.br\/jornal\/?s={search_term_string}"},"query-input":{"@type":"PropertyValueSpecification","valueRequired":true,"valueName":"search_term_string"}}],"inLanguage":"pt-BR"},{"@type":["Person","Organization"],"@id":"https:\/\/www.osantarritense.com.br\/jornal\/#\/schema\/person\/e126b4df363ecdbcf21dc50a978dd9b8","name":"Reda\u00e7\u00e3o","image":{"@type":"ImageObject","inLanguage":"pt-BR","@id":"https:\/\/www.osantarritense.com.br\/jornal\/#\/schema\/person\/image\/","url":"https:\/\/www.osantarritense.com.br\/jornal\/wp-content\/uploads\/2026\/02\/cropped-logosantarritense.jpg","contentUrl":"https:\/\/www.osantarritense.com.br\/jornal\/wp-content\/uploads\/2026\/02\/cropped-logosantarritense.jpg","width":1221,"height":251,"caption":"Reda\u00e7\u00e3o"},"logo":{"@id":"https:\/\/www.osantarritense.com.br\/jornal\/#\/schema\/person\/image\/"},"sameAs":["https:\/\/www.osantarritense.com.br\/jornal"],"url":"https:\/\/www.osantarritense.com.br\/jornal\/author\/admin\/"}]}},"_links":{"self":[{"href":"https:\/\/www.osantarritense.com.br\/jornal\/wp-json\/wp\/v2\/posts\/498","targetHints":{"allow":["GET"]}}],"collection":[{"href":"https:\/\/www.osantarritense.com.br\/jornal\/wp-json\/wp\/v2\/posts"}],"about":[{"href":"https:\/\/www.osantarritense.com.br\/jornal\/wp-json\/wp\/v2\/types\/post"}],"author":[{"embeddable":true,"href":"https:\/\/www.osantarritense.com.br\/jornal\/wp-json\/wp\/v2\/users\/1"}],"replies":[{"embeddable":true,"href":"https:\/\/www.osantarritense.com.br\/jornal\/wp-json\/wp\/v2\/comments?post=498"}],"version-history":[{"count":3,"href":"https:\/\/www.osantarritense.com.br\/jornal\/wp-json\/wp\/v2\/posts\/498\/revisions"}],"predecessor-version":[{"id":506,"href":"https:\/\/www.osantarritense.com.br\/jornal\/wp-json\/wp\/v2\/posts\/498\/revisions\/506"}],"wp:featuredmedia":[{"embeddable":true,"href":"https:\/\/www.osantarritense.com.br\/jornal\/wp-json\/wp\/v2\/media\/499"}],"wp:attachment":[{"href":"https:\/\/www.osantarritense.com.br\/jornal\/wp-json\/wp\/v2\/media?parent=498"}],"wp:term":[{"taxonomy":"category","embeddable":true,"href":"https:\/\/www.osantarritense.com.br\/jornal\/wp-json\/wp\/v2\/categories?post=498"},{"taxonomy":"post_tag","embeddable":true,"href":"https:\/\/www.osantarritense.com.br\/jornal\/wp-json\/wp\/v2\/tags?post=498"}],"curies":[{"name":"wp","href":"https:\/\/api.w.org\/{rel}","templated":true}]}}