{"id":493,"date":"2026-03-03T19:30:52","date_gmt":"2026-03-03T19:30:52","guid":{"rendered":"https:\/\/www.osantarritense.com.br\/jornal\/?p=493"},"modified":"2026-03-03T20:46:21","modified_gmt":"2026-03-03T20:46:21","slug":"lorrayne-brilha-e-conquista-ouro-no-paulista-de-jiu-jitsu","status":"publish","type":"post","link":"https:\/\/www.osantarritense.com.br\/jornal\/lorrayne-brilha-e-conquista-ouro-no-paulista-de-jiu-jitsu\/","title":{"rendered":"Lorrayne brilha e conquista ouro no Paulista de Jiu-Jitsu"},"content":{"rendered":"<p data-start=\"249\" data-end=\"462\"><span style=\"font-family: tahoma, arial, helvetica, sans-serif;\">A jovem <strong data-start=\"257\" data-end=\"279\">Lorrayne de C\u00e1ssia<\/strong>, de <strong data-start=\"284\" data-end=\"314\">Santa Rita do Passa Quatro<\/strong>, brilhou no \u00faltimo domingo (1\u00ba) no <strong data-start=\"363\" data-end=\"405\">Campeonato Paulista de Jiu-Jitsu CBJJE<\/strong>, realizado no <strong data-start=\"420\" data-end=\"445\">Gin\u00e1sio do Ibirapuera<\/strong>, em S\u00e3o Paulo.<\/span><\/p>\n<p data-start=\"249\" data-end=\"462\"><span style=\"font-family: tahoma, arial, helvetica, sans-serif;\">\ud83d\udcf1 <em>Siga o O Santarritense no <a href=\"https:\/\/www.instagram.com\/osantarritense\/\">Instagram<\/a><\/em><\/span><\/p>\n<p data-start=\"464\" data-end=\"768\"><span style=\"font-family: tahoma, arial, helvetica, sans-serif;\">O torneio, que reuniu cerca de <strong data-start=\"495\" data-end=\"512\">2.000 atletas<\/strong> de todas as idades, \u00e9 uma das principais competi\u00e7\u00f5es de Jiu-Jitsu do estado. Com <strong data-start=\"594\" data-end=\"621\">habilidade e disciplina<\/strong>, Lorrayne garantiu o <strong data-start=\"643\" data-end=\"655\">1\u00ba lugar<\/strong>, marcando sua <strong data-start=\"670\" data-end=\"726\">terceira medalha de ouro em tr\u00eas competi\u00e7\u00f5es de 2026<\/strong>, um come\u00e7o de temporada impressionante.<\/span><\/p>\n<figure id=\"attachment_495\" aria-describedby=\"caption-attachment-495\" style=\"width: 1066px\" class=\"wp-caption alignnone\"><img loading=\"lazy\" decoding=\"async\" class=\"wp-image-495 size-full\" src=\"https:\/\/www.osantarritense.com.br\/jornal\/wp-content\/uploads\/2026\/03\/l1.jpg\" alt=\"\" width=\"1066\" height=\"1414\" srcset=\"https:\/\/www.osantarritense.com.br\/jornal\/wp-content\/uploads\/2026\/03\/l1.jpg 1066w, https:\/\/www.osantarritense.com.br\/jornal\/wp-content\/uploads\/2026\/03\/l1-226x300.jpg 226w, https:\/\/www.osantarritense.com.br\/jornal\/wp-content\/uploads\/2026\/03\/l1-772x1024.jpg 772w, https:\/\/www.osantarritense.com.br\/jornal\/wp-content\/uploads\/2026\/03\/l1-768x1019.jpg 768w\" sizes=\"auto, (max-width: 1066px) 100vw, 1066px\" \/><figcaption id=\"caption-attachment-495\" class=\"wp-caption-text\">\ud83d\udcf8<em> Arquivo pessoal<\/em><\/figcaption><\/figure>\n<p data-start=\"770\" data-end=\"1003\"><span style=\"font-family: tahoma, arial, helvetica, sans-serif;\">O apoio da fam\u00edlia foi um diferencial. A atleta contou com a presen\u00e7a dos pais, <strong data-start=\"850\" data-end=\"914\">Karina Paulino e Carlos Alexandre Fernandes (Xandy Santista)<\/strong>, e do av\u00f4 <strong data-start=\"925\" data-end=\"945\">Enivaldo Paulino<\/strong>, refor\u00e7ando a base s\u00f3lida que acompanha sua trajet\u00f3ria.<\/span><\/p>\n<p data-start=\"1005\" data-end=\"1192\"><span style=\"font-family: tahoma, arial, helvetica, sans-serif;\">Representando a equipe <strong data-start=\"1028\" data-end=\"1053\">Zion Jiu Jitsu School<\/strong>, do professor <strong data-start=\"1068\" data-end=\"1082\">Jean Silva<\/strong>, de <strong data-start=\"1087\" data-end=\"1101\">Descalvado<\/strong>, Lorrayne segue consolidando o nome da equipe e da regi\u00e3o no cen\u00e1rio esportivo estadual.<\/span><\/p>\n<figure id=\"attachment_496\" aria-describedby=\"caption-attachment-496\" style=\"width: 1600px\" class=\"wp-caption alignnone\"><img loading=\"lazy\" decoding=\"async\" class=\"wp-image-496 size-full\" src=\"https:\/\/www.osantarritense.com.br\/jornal\/wp-content\/uploads\/2026\/03\/645134260_3050227468498111_8669144615665842856_n.jpg\" alt=\"\" width=\"1600\" height=\"806\" srcset=\"https:\/\/www.osantarritense.com.br\/jornal\/wp-content\/uploads\/2026\/03\/645134260_3050227468498111_8669144615665842856_n.jpg 1600w, https:\/\/www.osantarritense.com.br\/jornal\/wp-content\/uploads\/2026\/03\/645134260_3050227468498111_8669144615665842856_n-300x151.jpg 300w, https:\/\/www.osantarritense.com.br\/jornal\/wp-content\/uploads\/2026\/03\/645134260_3050227468498111_8669144615665842856_n-1024x516.jpg 1024w, https:\/\/www.osantarritense.com.br\/jornal\/wp-content\/uploads\/2026\/03\/645134260_3050227468498111_8669144615665842856_n-768x387.jpg 768w, https:\/\/www.osantarritense.com.br\/jornal\/wp-content\/uploads\/2026\/03\/645134260_3050227468498111_8669144615665842856_n-1536x774.jpg 1536w\" sizes=\"auto, (max-width: 1600px) 100vw, 1600px\" \/><figcaption id=\"caption-attachment-496\" class=\"wp-caption-text\">\ud83d\udcf8 <em>Arquivo pessoal<\/em><\/figcaption><\/figure>\n<p data-start=\"1194\" data-end=\"1349\"><span style=\"font-family: tahoma, arial, helvetica, sans-serif;\">O calend\u00e1rio da atleta segue intenso: neste domingo, ela estar\u00e1 em <strong data-start=\"1261\" data-end=\"1271\">Tamba\u00fa<\/strong> para disputar o <strong data-start=\"1288\" data-end=\"1314\">National Pro Jiu-Jitsu<\/strong>, em busca de mais uma conquista.<\/span><\/p>\n<p><em><span style=\"font-family: tahoma, arial, helvetica, sans-serif;\">\u270d\ufe0f Da reda\u00e7\u00e3o: <a href=\"https:\/\/www.facebook.com\/jornalistatonioliveiraon\/\">Jornalista Toni Oliveira<\/a><\/span><\/em><\/p>\n<p><span style=\"font-family: tahoma, arial, helvetica, sans-serif;\"><em>( Fica proibida a reprodu\u00e7\u00e3o total ou parcial, c\u00f3pia ou distribui\u00e7\u00e3o do conte\u00fado, sem autoriza\u00e7\u00e3o expressa por parte do <strong>jornal O Santarritense<\/strong>)<\/em><\/span><\/p>\n","protected":false},"excerpt":{"rendered":"<p>A jovem Lorrayne de C\u00e1ssia, de Santa Rita do Passa Quatro, brilhou no \u00faltimo domingo (1\u00ba) no Campeonato Paulista de&hellip;<\/p>\n","protected":false},"author":1,"featured_media":494,"comment_status":"closed","ping_status":"closed","sticky":false,"template":"","format":"standard","meta":{"footnotes":""},"categories":[5],"tags":[],"class_list":["post-493","post","type-post","status-publish","format-standard","has-post-thumbnail","hentry","category-cotidiano"],"yoast_head":"<!-- This site is optimized with the Yoast SEO plugin v26.8 - https:\/\/yoast.com\/product\/yoast-seo-wordpress\/ -->\n<title>Lorrayne brilha e conquista ouro no Paulista de Jiu-Jitsu - O Santarritense<\/title>\n<meta name=\"robots\" content=\"index, follow, max-snippet:-1, max-image-preview:large, max-video-preview:-1\" \/>\n<link rel=\"canonical\" href=\"https:\/\/www.osantarritense.com.br\/jornal\/lorrayne-brilha-e-conquista-ouro-no-paulista-de-jiu-jitsu\/\" \/>\n<meta property=\"og:locale\" content=\"pt_BR\" \/>\n<meta property=\"og:type\" content=\"article\" \/>\n<meta property=\"og:title\" content=\"Lorrayne brilha e conquista ouro no Paulista de Jiu-Jitsu - O Santarritense\" \/>\n<meta property=\"og:description\" content=\"A jovem Lorrayne de C\u00e1ssia, de Santa Rita do Passa Quatro, brilhou no \u00faltimo domingo (1\u00ba) no Campeonato Paulista de&hellip;\" \/>\n<meta property=\"og:url\" content=\"https:\/\/www.osantarritense.com.br\/jornal\/lorrayne-brilha-e-conquista-ouro-no-paulista-de-jiu-jitsu\/\" \/>\n<meta property=\"og:site_name\" content=\"O Santarritense\" \/>\n<meta property=\"article:published_time\" content=\"2026-03-03T19:30:52+00:00\" \/>\n<meta property=\"article:modified_time\" content=\"2026-03-03T20:46:21+00:00\" \/>\n<meta property=\"og:image\" content=\"https:\/\/www.osantarritense.com.br\/jornal\/wp-content\/uploads\/2026\/03\/645058946_3050227478498110_4636098720553206759_n.jpg\" \/>\n\t<meta property=\"og:image:width\" content=\"1224\" \/>\n\t<meta property=\"og:image:height\" content=\"816\" \/>\n\t<meta property=\"og:image:type\" content=\"image\/jpeg\" \/>\n<meta name=\"author\" content=\"Reda\u00e7\u00e3o\" \/>\n<meta name=\"twitter:card\" content=\"summary_large_image\" \/>\n<meta name=\"twitter:label1\" content=\"Escrito por\" \/>\n\t<meta name=\"twitter:data1\" content=\"Reda\u00e7\u00e3o\" \/>\n\t<meta name=\"twitter:label2\" content=\"Est. tempo de leitura\" \/>\n\t<meta name=\"twitter:data2\" content=\"2 minutos\" \/>\n<script type=\"application\/ld+json\" class=\"yoast-schema-graph\">{\"@context\":\"https:\/\/schema.org\",\"@graph\":[{\"@type\":\"Article\",\"@id\":\"https:\/\/www.osantarritense.com.br\/jornal\/lorrayne-brilha-e-conquista-ouro-no-paulista-de-jiu-jitsu\/#article\",\"isPartOf\":{\"@id\":\"https:\/\/www.osantarritense.com.br\/jornal\/lorrayne-brilha-e-conquista-ouro-no-paulista-de-jiu-jitsu\/\"},\"author\":{\"name\":\"Reda\u00e7\u00e3o\",\"@id\":\"https:\/\/www.osantarritense.com.br\/jornal\/#\/schema\/person\/e126b4df363ecdbcf21dc50a978dd9b8\"},\"headline\":\"Lorrayne brilha e conquista ouro no Paulista de Jiu-Jitsu\",\"datePublished\":\"2026-03-03T19:30:52+00:00\",\"dateModified\":\"2026-03-03T20:46:21+00:00\",\"mainEntityOfPage\":{\"@id\":\"https:\/\/www.osantarritense.com.br\/jornal\/lorrayne-brilha-e-conquista-ouro-no-paulista-de-jiu-jitsu\/\"},\"wordCount\":238,\"publisher\":{\"@id\":\"https:\/\/www.osantarritense.com.br\/jornal\/#\/schema\/person\/e126b4df363ecdbcf21dc50a978dd9b8\"},\"image\":{\"@id\":\"https:\/\/www.osantarritense.com.br\/jornal\/lorrayne-brilha-e-conquista-ouro-no-paulista-de-jiu-jitsu\/#primaryimage\"},\"thumbnailUrl\":\"https:\/\/www.osantarritense.com.br\/jornal\/wp-content\/uploads\/2026\/03\/645058946_3050227478498110_4636098720553206759_n.jpg\",\"articleSection\":[\"Cotidiano\"],\"inLanguage\":\"pt-BR\"},{\"@type\":\"WebPage\",\"@id\":\"https:\/\/www.osantarritense.com.br\/jornal\/lorrayne-brilha-e-conquista-ouro-no-paulista-de-jiu-jitsu\/\",\"url\":\"https:\/\/www.osantarritense.com.br\/jornal\/lorrayne-brilha-e-conquista-ouro-no-paulista-de-jiu-jitsu\/\",\"name\":\"Lorrayne brilha e conquista ouro no Paulista de Jiu-Jitsu - O Santarritense\",\"isPartOf\":{\"@id\":\"https:\/\/www.osantarritense.com.br\/jornal\/#website\"},\"primaryImageOfPage\":{\"@id\":\"https:\/\/www.osantarritense.com.br\/jornal\/lorrayne-brilha-e-conquista-ouro-no-paulista-de-jiu-jitsu\/#primaryimage\"},\"image\":{\"@id\":\"https:\/\/www.osantarritense.com.br\/jornal\/lorrayne-brilha-e-conquista-ouro-no-paulista-de-jiu-jitsu\/#primaryimage\"},\"thumbnailUrl\":\"https:\/\/www.osantarritense.com.br\/jornal\/wp-content\/uploads\/2026\/03\/645058946_3050227478498110_4636098720553206759_n.jpg\",\"datePublished\":\"2026-03-03T19:30:52+00:00\",\"dateModified\":\"2026-03-03T20:46:21+00:00\",\"breadcrumb\":{\"@id\":\"https:\/\/www.osantarritense.com.br\/jornal\/lorrayne-brilha-e-conquista-ouro-no-paulista-de-jiu-jitsu\/#breadcrumb\"},\"inLanguage\":\"pt-BR\",\"potentialAction\":[{\"@type\":\"ReadAction\",\"target\":[\"https:\/\/www.osantarritense.com.br\/jornal\/lorrayne-brilha-e-conquista-ouro-no-paulista-de-jiu-jitsu\/\"]}]},{\"@type\":\"ImageObject\",\"inLanguage\":\"pt-BR\",\"@id\":\"https:\/\/www.osantarritense.com.br\/jornal\/lorrayne-brilha-e-conquista-ouro-no-paulista-de-jiu-jitsu\/#primaryimage\",\"url\":\"https:\/\/www.osantarritense.com.br\/jornal\/wp-content\/uploads\/2026\/03\/645058946_3050227478498110_4636098720553206759_n.jpg\",\"contentUrl\":\"https:\/\/www.osantarritense.com.br\/jornal\/wp-content\/uploads\/2026\/03\/645058946_3050227478498110_4636098720553206759_n.jpg\",\"width\":1224,\"height\":816},{\"@type\":\"BreadcrumbList\",\"@id\":\"https:\/\/www.osantarritense.com.br\/jornal\/lorrayne-brilha-e-conquista-ouro-no-paulista-de-jiu-jitsu\/#breadcrumb\",\"itemListElement\":[{\"@type\":\"ListItem\",\"position\":1,\"name\":\"In\u00edcio\",\"item\":\"https:\/\/www.osantarritense.com.br\/jornal\/\"},{\"@type\":\"ListItem\",\"position\":2,\"name\":\"Lorrayne brilha e conquista ouro no Paulista de Jiu-Jitsu\"}]},{\"@type\":\"WebSite\",\"@id\":\"https:\/\/www.osantarritense.com.br\/jornal\/#website\",\"url\":\"https:\/\/www.osantarritense.com.br\/jornal\/\",\"name\":\"O Santarritense\",\"description\":\"Jornal\",\"publisher\":{\"@id\":\"https:\/\/www.osantarritense.com.br\/jornal\/#\/schema\/person\/e126b4df363ecdbcf21dc50a978dd9b8\"},\"potentialAction\":[{\"@type\":\"SearchAction\",\"target\":{\"@type\":\"EntryPoint\",\"urlTemplate\":\"https:\/\/www.osantarritense.com.br\/jornal\/?s={search_term_string}\"},\"query-input\":{\"@type\":\"PropertyValueSpecification\",\"valueRequired\":true,\"valueName\":\"search_term_string\"}}],\"inLanguage\":\"pt-BR\"},{\"@type\":[\"Person\",\"Organization\"],\"@id\":\"https:\/\/www.osantarritense.com.br\/jornal\/#\/schema\/person\/e126b4df363ecdbcf21dc50a978dd9b8\",\"name\":\"Reda\u00e7\u00e3o\",\"image\":{\"@type\":\"ImageObject\",\"inLanguage\":\"pt-BR\",\"@id\":\"https:\/\/www.osantarritense.com.br\/jornal\/#\/schema\/person\/image\/\",\"url\":\"https:\/\/www.osantarritense.com.br\/jornal\/wp-content\/uploads\/2026\/02\/cropped-logosantarritense.jpg\",\"contentUrl\":\"https:\/\/www.osantarritense.com.br\/jornal\/wp-content\/uploads\/2026\/02\/cropped-logosantarritense.jpg\",\"width\":1221,\"height\":251,\"caption\":\"Reda\u00e7\u00e3o\"},\"logo\":{\"@id\":\"https:\/\/www.osantarritense.com.br\/jornal\/#\/schema\/person\/image\/\"},\"sameAs\":[\"https:\/\/www.osantarritense.com.br\/jornal\"],\"url\":\"https:\/\/www.osantarritense.com.br\/jornal\/author\/admin\/\"}]}<\/script>\n<!-- \/ Yoast SEO plugin. -->","yoast_head_json":{"title":"Lorrayne brilha e conquista ouro no Paulista de Jiu-Jitsu - O Santarritense","robots":{"index":"index","follow":"follow","max-snippet":"max-snippet:-1","max-image-preview":"max-image-preview:large","max-video-preview":"max-video-preview:-1"},"canonical":"https:\/\/www.osantarritense.com.br\/jornal\/lorrayne-brilha-e-conquista-ouro-no-paulista-de-jiu-jitsu\/","og_locale":"pt_BR","og_type":"article","og_title":"Lorrayne brilha e conquista ouro no Paulista de Jiu-Jitsu - O Santarritense","og_description":"A jovem Lorrayne de C\u00e1ssia, de Santa Rita do Passa Quatro, brilhou no \u00faltimo domingo (1\u00ba) no Campeonato Paulista de&hellip;","og_url":"https:\/\/www.osantarritense.com.br\/jornal\/lorrayne-brilha-e-conquista-ouro-no-paulista-de-jiu-jitsu\/","og_site_name":"O Santarritense","article_published_time":"2026-03-03T19:30:52+00:00","article_modified_time":"2026-03-03T20:46:21+00:00","og_image":[{"width":1224,"height":816,"url":"https:\/\/www.osantarritense.com.br\/jornal\/wp-content\/uploads\/2026\/03\/645058946_3050227478498110_4636098720553206759_n.jpg","type":"image\/jpeg"}],"author":"Reda\u00e7\u00e3o","twitter_card":"summary_large_image","twitter_misc":{"Escrito por":"Reda\u00e7\u00e3o","Est. tempo de leitura":"2 minutos"},"schema":{"@context":"https:\/\/schema.org","@graph":[{"@type":"Article","@id":"https:\/\/www.osantarritense.com.br\/jornal\/lorrayne-brilha-e-conquista-ouro-no-paulista-de-jiu-jitsu\/#article","isPartOf":{"@id":"https:\/\/www.osantarritense.com.br\/jornal\/lorrayne-brilha-e-conquista-ouro-no-paulista-de-jiu-jitsu\/"},"author":{"name":"Reda\u00e7\u00e3o","@id":"https:\/\/www.osantarritense.com.br\/jornal\/#\/schema\/person\/e126b4df363ecdbcf21dc50a978dd9b8"},"headline":"Lorrayne brilha e conquista ouro no Paulista de Jiu-Jitsu","datePublished":"2026-03-03T19:30:52+00:00","dateModified":"2026-03-03T20:46:21+00:00","mainEntityOfPage":{"@id":"https:\/\/www.osantarritense.com.br\/jornal\/lorrayne-brilha-e-conquista-ouro-no-paulista-de-jiu-jitsu\/"},"wordCount":238,"publisher":{"@id":"https:\/\/www.osantarritense.com.br\/jornal\/#\/schema\/person\/e126b4df363ecdbcf21dc50a978dd9b8"},"image":{"@id":"https:\/\/www.osantarritense.com.br\/jornal\/lorrayne-brilha-e-conquista-ouro-no-paulista-de-jiu-jitsu\/#primaryimage"},"thumbnailUrl":"https:\/\/www.osantarritense.com.br\/jornal\/wp-content\/uploads\/2026\/03\/645058946_3050227478498110_4636098720553206759_n.jpg","articleSection":["Cotidiano"],"inLanguage":"pt-BR"},{"@type":"WebPage","@id":"https:\/\/www.osantarritense.com.br\/jornal\/lorrayne-brilha-e-conquista-ouro-no-paulista-de-jiu-jitsu\/","url":"https:\/\/www.osantarritense.com.br\/jornal\/lorrayne-brilha-e-conquista-ouro-no-paulista-de-jiu-jitsu\/","name":"Lorrayne brilha e conquista ouro no Paulista de Jiu-Jitsu - O Santarritense","isPartOf":{"@id":"https:\/\/www.osantarritense.com.br\/jornal\/#website"},"primaryImageOfPage":{"@id":"https:\/\/www.osantarritense.com.br\/jornal\/lorrayne-brilha-e-conquista-ouro-no-paulista-de-jiu-jitsu\/#primaryimage"},"image":{"@id":"https:\/\/www.osantarritense.com.br\/jornal\/lorrayne-brilha-e-conquista-ouro-no-paulista-de-jiu-jitsu\/#primaryimage"},"thumbnailUrl":"https:\/\/www.osantarritense.com.br\/jornal\/wp-content\/uploads\/2026\/03\/645058946_3050227478498110_4636098720553206759_n.jpg","datePublished":"2026-03-03T19:30:52+00:00","dateModified":"2026-03-03T20:46:21+00:00","breadcrumb":{"@id":"https:\/\/www.osantarritense.com.br\/jornal\/lorrayne-brilha-e-conquista-ouro-no-paulista-de-jiu-jitsu\/#breadcrumb"},"inLanguage":"pt-BR","potentialAction":[{"@type":"ReadAction","target":["https:\/\/www.osantarritense.com.br\/jornal\/lorrayne-brilha-e-conquista-ouro-no-paulista-de-jiu-jitsu\/"]}]},{"@type":"ImageObject","inLanguage":"pt-BR","@id":"https:\/\/www.osantarritense.com.br\/jornal\/lorrayne-brilha-e-conquista-ouro-no-paulista-de-jiu-jitsu\/#primaryimage","url":"https:\/\/www.osantarritense.com.br\/jornal\/wp-content\/uploads\/2026\/03\/645058946_3050227478498110_4636098720553206759_n.jpg","contentUrl":"https:\/\/www.osantarritense.com.br\/jornal\/wp-content\/uploads\/2026\/03\/645058946_3050227478498110_4636098720553206759_n.jpg","width":1224,"height":816},{"@type":"BreadcrumbList","@id":"https:\/\/www.osantarritense.com.br\/jornal\/lorrayne-brilha-e-conquista-ouro-no-paulista-de-jiu-jitsu\/#breadcrumb","itemListElement":[{"@type":"ListItem","position":1,"name":"In\u00edcio","item":"https:\/\/www.osantarritense.com.br\/jornal\/"},{"@type":"ListItem","position":2,"name":"Lorrayne brilha e conquista ouro no Paulista de Jiu-Jitsu"}]},{"@type":"WebSite","@id":"https:\/\/www.osantarritense.com.br\/jornal\/#website","url":"https:\/\/www.osantarritense.com.br\/jornal\/","name":"O Santarritense","description":"Jornal","publisher":{"@id":"https:\/\/www.osantarritense.com.br\/jornal\/#\/schema\/person\/e126b4df363ecdbcf21dc50a978dd9b8"},"potentialAction":[{"@type":"SearchAction","target":{"@type":"EntryPoint","urlTemplate":"https:\/\/www.osantarritense.com.br\/jornal\/?s={search_term_string}"},"query-input":{"@type":"PropertyValueSpecification","valueRequired":true,"valueName":"search_term_string"}}],"inLanguage":"pt-BR"},{"@type":["Person","Organization"],"@id":"https:\/\/www.osantarritense.com.br\/jornal\/#\/schema\/person\/e126b4df363ecdbcf21dc50a978dd9b8","name":"Reda\u00e7\u00e3o","image":{"@type":"ImageObject","inLanguage":"pt-BR","@id":"https:\/\/www.osantarritense.com.br\/jornal\/#\/schema\/person\/image\/","url":"https:\/\/www.osantarritense.com.br\/jornal\/wp-content\/uploads\/2026\/02\/cropped-logosantarritense.jpg","contentUrl":"https:\/\/www.osantarritense.com.br\/jornal\/wp-content\/uploads\/2026\/02\/cropped-logosantarritense.jpg","width":1221,"height":251,"caption":"Reda\u00e7\u00e3o"},"logo":{"@id":"https:\/\/www.osantarritense.com.br\/jornal\/#\/schema\/person\/image\/"},"sameAs":["https:\/\/www.osantarritense.com.br\/jornal"],"url":"https:\/\/www.osantarritense.com.br\/jornal\/author\/admin\/"}]}},"_links":{"self":[{"href":"https:\/\/www.osantarritense.com.br\/jornal\/wp-json\/wp\/v2\/posts\/493","targetHints":{"allow":["GET"]}}],"collection":[{"href":"https:\/\/www.osantarritense.com.br\/jornal\/wp-json\/wp\/v2\/posts"}],"about":[{"href":"https:\/\/www.osantarritense.com.br\/jornal\/wp-json\/wp\/v2\/types\/post"}],"author":[{"embeddable":true,"href":"https:\/\/www.osantarritense.com.br\/jornal\/wp-json\/wp\/v2\/users\/1"}],"replies":[{"embeddable":true,"href":"https:\/\/www.osantarritense.com.br\/jornal\/wp-json\/wp\/v2\/comments?post=493"}],"version-history":[{"count":1,"href":"https:\/\/www.osantarritense.com.br\/jornal\/wp-json\/wp\/v2\/posts\/493\/revisions"}],"predecessor-version":[{"id":497,"href":"https:\/\/www.osantarritense.com.br\/jornal\/wp-json\/wp\/v2\/posts\/493\/revisions\/497"}],"wp:featuredmedia":[{"embeddable":true,"href":"https:\/\/www.osantarritense.com.br\/jornal\/wp-json\/wp\/v2\/media\/494"}],"wp:attachment":[{"href":"https:\/\/www.osantarritense.com.br\/jornal\/wp-json\/wp\/v2\/media?parent=493"}],"wp:term":[{"taxonomy":"category","embeddable":true,"href":"https:\/\/www.osantarritense.com.br\/jornal\/wp-json\/wp\/v2\/categories?post=493"},{"taxonomy":"post_tag","embeddable":true,"href":"https:\/\/www.osantarritense.com.br\/jornal\/wp-json\/wp\/v2\/tags?post=493"}],"curies":[{"name":"wp","href":"https:\/\/api.w.org\/{rel}","templated":true}]}}