{"id":485,"date":"2026-03-03T18:17:02","date_gmt":"2026-03-03T18:17:02","guid":{"rendered":"https:\/\/www.osantarritense.com.br\/jornal\/?p=485"},"modified":"2026-03-03T18:22:31","modified_gmt":"2026-03-03T18:22:31","slug":"marco-reforca-cuidados-com-a-saude-da-mulher","status":"publish","type":"post","link":"https:\/\/www.osantarritense.com.br\/jornal\/marco-reforca-cuidados-com-a-saude-da-mulher\/","title":{"rendered":"Mar\u00e7o refor\u00e7a cuidados com a sa\u00fade da mulher"},"content":{"rendered":"<p data-start=\"158\" data-end=\"290\"><span style=\"font-family: tahoma, arial, helvetica, sans-serif;\">O m\u00eas de mar\u00e7o traz duas campanhas importantes de conscientiza\u00e7\u00e3o: <span style=\"color: #000000;\"><strong data-start=\"225\" data-end=\"242\">Mar\u00e7o Amarelo<\/strong> <\/span>e <strong data-start=\"245\" data-end=\"260\">Mar\u00e7o Lil\u00e1s<\/strong>, voltadas \u00e0 sa\u00fade feminina.<\/span><\/p>\n<p data-start=\"158\" data-end=\"290\"><span style=\"font-family: tahoma, arial, helvetica, sans-serif;\">\ud83d\udcf1 <em>Siga o O Santarritense no <a href=\"https:\/\/www.instagram.com\/osantarritense\/\">Instagram<\/a><\/em><\/span><\/p>\n<p data-start=\"292\" data-end=\"570\"><span style=\"font-family: tahoma, arial, helvetica, sans-serif;\">O <strong data-start=\"294\" data-end=\"311\">Mar\u00e7o Amarelo<\/strong> alerta sobre a <strong data-start=\"327\" data-end=\"343\">endometriose<\/strong>, doen\u00e7a que pode causar <strong data-start=\"368\" data-end=\"403\">dores intensas e c\u00f3licas fortes<\/strong>. Apesar de n\u00e3o ter cura, existem tratamentos que ajudam a melhorar a qualidade de vida. A informa\u00e7\u00e3o \u00e9 o primeiro passo para buscar ajuda e identificar os sintomas.<\/span><\/p>\n<p data-start=\"292\" data-end=\"570\"><a href=\"https:\/\/www.facebook.com\/profile.php?id=100083152397699&amp;locale=pt_BR\"><img loading=\"lazy\" decoding=\"async\" class=\"alignnone size-full wp-image-486\" src=\"https:\/\/www.osantarritense.com.br\/jornal\/wp-content\/uploads\/2026\/03\/8278daf1-4e2d-4088-b25c-6279c8a8fe88.jpg\" alt=\"\" width=\"1080\" height=\"1350\" srcset=\"https:\/\/www.osantarritense.com.br\/jornal\/wp-content\/uploads\/2026\/03\/8278daf1-4e2d-4088-b25c-6279c8a8fe88.jpg 1080w, https:\/\/www.osantarritense.com.br\/jornal\/wp-content\/uploads\/2026\/03\/8278daf1-4e2d-4088-b25c-6279c8a8fe88-240x300.jpg 240w, https:\/\/www.osantarritense.com.br\/jornal\/wp-content\/uploads\/2026\/03\/8278daf1-4e2d-4088-b25c-6279c8a8fe88-819x1024.jpg 819w, https:\/\/www.osantarritense.com.br\/jornal\/wp-content\/uploads\/2026\/03\/8278daf1-4e2d-4088-b25c-6279c8a8fe88-768x960.jpg 768w\" sizes=\"auto, (max-width: 1080px) 100vw, 1080px\" \/><\/a><\/p>\n<p data-start=\"572\" data-end=\"802\"><span style=\"font-family: tahoma, arial, helvetica, sans-serif;\">J\u00e1 o <span style=\"color: #000000;\"><strong data-start=\"577\" data-end=\"592\">Mar\u00e7o Lil\u00e1s<\/strong> <\/span>destaca a preven\u00e7\u00e3o do <strong data-start=\"616\" data-end=\"643\">c\u00e2ncer do colo do \u00fatero<\/strong>, um dos tipos mais comuns entre mulheres. <strong data-start=\"686\" data-end=\"756\">Exames preventivos, como o Papanicolau, e a vacina\u00e7\u00e3o contra o HPV<\/strong> s\u00e3o fundamentais para prote\u00e7\u00e3o e preven\u00e7\u00e3o.<\/span><\/p>\n<p data-start=\"804\" data-end=\"935\"><span style=\"font-family: tahoma, arial, helvetica, sans-serif;\">Observar sinais do corpo, manter consultas em dia e procurar uma Unidade B\u00e1sica de Sa\u00fade ou ginecologista fazem toda a diferen\u00e7a.<\/span><\/p>\n<p data-start=\"937\" data-end=\"1069\"><span style=\"font-family: tahoma, arial, helvetica, sans-serif;\">A <a href=\"https:\/\/www.instagram.com\/usinasantarita\/\"><strong data-start=\"939\" data-end=\"959\">Usina Santa Rita<\/strong><\/a> apoia essas campanhas e refor\u00e7a a import\u00e2ncia da <strong data-start=\"1009\" data-end=\"1044\">informa\u00e7\u00e3o, preven\u00e7\u00e3o e cuidado<\/strong> com a sa\u00fade da mulher.<\/span><\/p>\n<p><em><span style=\"font-family: tahoma, arial, helvetica, sans-serif;\">\u270d\ufe0f Da reda\u00e7\u00e3o: <a href=\"https:\/\/www.facebook.com\/jornalistatonioliveiraon\/\">Jornalista Toni Oliveira<\/a><\/span><\/em><\/p>\n<p><span style=\"font-family: tahoma, arial, helvetica, sans-serif;\"><em>( Fica proibida a reprodu\u00e7\u00e3o total ou parcial, c\u00f3pia ou distribui\u00e7\u00e3o do conte\u00fado, sem autoriza\u00e7\u00e3o expressa por parte do <strong>jornal O Santarritense<\/strong>)<\/em><\/span><\/p>\n","protected":false},"excerpt":{"rendered":"<p>O m\u00eas de mar\u00e7o traz duas campanhas importantes de conscientiza\u00e7\u00e3o: Mar\u00e7o Amarelo e Mar\u00e7o Lil\u00e1s, voltadas \u00e0 sa\u00fade feminina. \ud83d\udcf1&hellip;<\/p>\n","protected":false},"author":1,"featured_media":490,"comment_status":"closed","ping_status":"closed","sticky":false,"template":"","format":"standard","meta":{"footnotes":""},"categories":[5],"tags":[],"class_list":["post-485","post","type-post","status-publish","format-standard","has-post-thumbnail","hentry","category-cotidiano"],"yoast_head":"<!-- This site is optimized with the Yoast SEO plugin v26.8 - https:\/\/yoast.com\/product\/yoast-seo-wordpress\/ -->\n<title>Mar\u00e7o refor\u00e7a cuidados com a sa\u00fade da mulher - O Santarritense<\/title>\n<meta name=\"robots\" content=\"index, follow, max-snippet:-1, max-image-preview:large, max-video-preview:-1\" \/>\n<link rel=\"canonical\" href=\"https:\/\/www.osantarritense.com.br\/jornal\/marco-reforca-cuidados-com-a-saude-da-mulher\/\" \/>\n<meta property=\"og:locale\" content=\"pt_BR\" \/>\n<meta property=\"og:type\" content=\"article\" \/>\n<meta property=\"og:title\" content=\"Mar\u00e7o refor\u00e7a cuidados com a sa\u00fade da mulher - O Santarritense\" \/>\n<meta property=\"og:description\" content=\"O m\u00eas de mar\u00e7o traz duas campanhas importantes de conscientiza\u00e7\u00e3o: Mar\u00e7o Amarelo e Mar\u00e7o Lil\u00e1s, voltadas \u00e0 sa\u00fade feminina. \ud83d\udcf1&hellip;\" \/>\n<meta property=\"og:url\" content=\"https:\/\/www.osantarritense.com.br\/jornal\/marco-reforca-cuidados-com-a-saude-da-mulher\/\" \/>\n<meta property=\"og:site_name\" content=\"O Santarritense\" \/>\n<meta property=\"article:published_time\" content=\"2026-03-03T18:17:02+00:00\" \/>\n<meta property=\"article:modified_time\" content=\"2026-03-03T18:22:31+00:00\" \/>\n<meta property=\"og:image\" content=\"https:\/\/www.osantarritense.com.br\/jornal\/wp-content\/uploads\/2026\/03\/d7bfe145b6dabcdcb239ea45bf19d55d.jpg\" \/>\n\t<meta property=\"og:image:width\" content=\"1200\" \/>\n\t<meta property=\"og:image:height\" content=\"800\" \/>\n\t<meta property=\"og:image:type\" content=\"image\/jpeg\" \/>\n<meta name=\"author\" content=\"Reda\u00e7\u00e3o\" \/>\n<meta name=\"twitter:card\" content=\"summary_large_image\" \/>\n<meta name=\"twitter:label1\" content=\"Escrito por\" \/>\n\t<meta name=\"twitter:data1\" content=\"Reda\u00e7\u00e3o\" \/>\n\t<meta name=\"twitter:label2\" content=\"Est. tempo de leitura\" \/>\n\t<meta name=\"twitter:data2\" content=\"2 minutos\" \/>\n<script type=\"application\/ld+json\" class=\"yoast-schema-graph\">{\"@context\":\"https:\/\/schema.org\",\"@graph\":[{\"@type\":\"Article\",\"@id\":\"https:\/\/www.osantarritense.com.br\/jornal\/marco-reforca-cuidados-com-a-saude-da-mulher\/#article\",\"isPartOf\":{\"@id\":\"https:\/\/www.osantarritense.com.br\/jornal\/marco-reforca-cuidados-com-a-saude-da-mulher\/\"},\"author\":{\"name\":\"Reda\u00e7\u00e3o\",\"@id\":\"https:\/\/www.osantarritense.com.br\/jornal\/#\/schema\/person\/e126b4df363ecdbcf21dc50a978dd9b8\"},\"headline\":\"Mar\u00e7o refor\u00e7a cuidados com a sa\u00fade da mulher\",\"datePublished\":\"2026-03-03T18:17:02+00:00\",\"dateModified\":\"2026-03-03T18:22:31+00:00\",\"mainEntityOfPage\":{\"@id\":\"https:\/\/www.osantarritense.com.br\/jornal\/marco-reforca-cuidados-com-a-saude-da-mulher\/\"},\"wordCount\":217,\"publisher\":{\"@id\":\"https:\/\/www.osantarritense.com.br\/jornal\/#\/schema\/person\/e126b4df363ecdbcf21dc50a978dd9b8\"},\"image\":{\"@id\":\"https:\/\/www.osantarritense.com.br\/jornal\/marco-reforca-cuidados-com-a-saude-da-mulher\/#primaryimage\"},\"thumbnailUrl\":\"https:\/\/www.osantarritense.com.br\/jornal\/wp-content\/uploads\/2026\/03\/d7bfe145b6dabcdcb239ea45bf19d55d.jpg\",\"articleSection\":[\"Cotidiano\"],\"inLanguage\":\"pt-BR\"},{\"@type\":\"WebPage\",\"@id\":\"https:\/\/www.osantarritense.com.br\/jornal\/marco-reforca-cuidados-com-a-saude-da-mulher\/\",\"url\":\"https:\/\/www.osantarritense.com.br\/jornal\/marco-reforca-cuidados-com-a-saude-da-mulher\/\",\"name\":\"Mar\u00e7o refor\u00e7a cuidados com a sa\u00fade da mulher - O Santarritense\",\"isPartOf\":{\"@id\":\"https:\/\/www.osantarritense.com.br\/jornal\/#website\"},\"primaryImageOfPage\":{\"@id\":\"https:\/\/www.osantarritense.com.br\/jornal\/marco-reforca-cuidados-com-a-saude-da-mulher\/#primaryimage\"},\"image\":{\"@id\":\"https:\/\/www.osantarritense.com.br\/jornal\/marco-reforca-cuidados-com-a-saude-da-mulher\/#primaryimage\"},\"thumbnailUrl\":\"https:\/\/www.osantarritense.com.br\/jornal\/wp-content\/uploads\/2026\/03\/d7bfe145b6dabcdcb239ea45bf19d55d.jpg\",\"datePublished\":\"2026-03-03T18:17:02+00:00\",\"dateModified\":\"2026-03-03T18:22:31+00:00\",\"breadcrumb\":{\"@id\":\"https:\/\/www.osantarritense.com.br\/jornal\/marco-reforca-cuidados-com-a-saude-da-mulher\/#breadcrumb\"},\"inLanguage\":\"pt-BR\",\"potentialAction\":[{\"@type\":\"ReadAction\",\"target\":[\"https:\/\/www.osantarritense.com.br\/jornal\/marco-reforca-cuidados-com-a-saude-da-mulher\/\"]}]},{\"@type\":\"ImageObject\",\"inLanguage\":\"pt-BR\",\"@id\":\"https:\/\/www.osantarritense.com.br\/jornal\/marco-reforca-cuidados-com-a-saude-da-mulher\/#primaryimage\",\"url\":\"https:\/\/www.osantarritense.com.br\/jornal\/wp-content\/uploads\/2026\/03\/d7bfe145b6dabcdcb239ea45bf19d55d.jpg\",\"contentUrl\":\"https:\/\/www.osantarritense.com.br\/jornal\/wp-content\/uploads\/2026\/03\/d7bfe145b6dabcdcb239ea45bf19d55d.jpg\",\"width\":1200,\"height\":800},{\"@type\":\"BreadcrumbList\",\"@id\":\"https:\/\/www.osantarritense.com.br\/jornal\/marco-reforca-cuidados-com-a-saude-da-mulher\/#breadcrumb\",\"itemListElement\":[{\"@type\":\"ListItem\",\"position\":1,\"name\":\"In\u00edcio\",\"item\":\"https:\/\/www.osantarritense.com.br\/jornal\/\"},{\"@type\":\"ListItem\",\"position\":2,\"name\":\"Mar\u00e7o refor\u00e7a cuidados com a sa\u00fade da mulher\"}]},{\"@type\":\"WebSite\",\"@id\":\"https:\/\/www.osantarritense.com.br\/jornal\/#website\",\"url\":\"https:\/\/www.osantarritense.com.br\/jornal\/\",\"name\":\"O Santarritense\",\"description\":\"Jornal\",\"publisher\":{\"@id\":\"https:\/\/www.osantarritense.com.br\/jornal\/#\/schema\/person\/e126b4df363ecdbcf21dc50a978dd9b8\"},\"potentialAction\":[{\"@type\":\"SearchAction\",\"target\":{\"@type\":\"EntryPoint\",\"urlTemplate\":\"https:\/\/www.osantarritense.com.br\/jornal\/?s={search_term_string}\"},\"query-input\":{\"@type\":\"PropertyValueSpecification\",\"valueRequired\":true,\"valueName\":\"search_term_string\"}}],\"inLanguage\":\"pt-BR\"},{\"@type\":[\"Person\",\"Organization\"],\"@id\":\"https:\/\/www.osantarritense.com.br\/jornal\/#\/schema\/person\/e126b4df363ecdbcf21dc50a978dd9b8\",\"name\":\"Reda\u00e7\u00e3o\",\"image\":{\"@type\":\"ImageObject\",\"inLanguage\":\"pt-BR\",\"@id\":\"https:\/\/www.osantarritense.com.br\/jornal\/#\/schema\/person\/image\/\",\"url\":\"https:\/\/www.osantarritense.com.br\/jornal\/wp-content\/uploads\/2026\/02\/cropped-logosantarritense.jpg\",\"contentUrl\":\"https:\/\/www.osantarritense.com.br\/jornal\/wp-content\/uploads\/2026\/02\/cropped-logosantarritense.jpg\",\"width\":1221,\"height\":251,\"caption\":\"Reda\u00e7\u00e3o\"},\"logo\":{\"@id\":\"https:\/\/www.osantarritense.com.br\/jornal\/#\/schema\/person\/image\/\"},\"sameAs\":[\"https:\/\/www.osantarritense.com.br\/jornal\"],\"url\":\"https:\/\/www.osantarritense.com.br\/jornal\/author\/admin\/\"}]}<\/script>\n<!-- \/ Yoast SEO plugin. -->","yoast_head_json":{"title":"Mar\u00e7o refor\u00e7a cuidados com a sa\u00fade da mulher - O Santarritense","robots":{"index":"index","follow":"follow","max-snippet":"max-snippet:-1","max-image-preview":"max-image-preview:large","max-video-preview":"max-video-preview:-1"},"canonical":"https:\/\/www.osantarritense.com.br\/jornal\/marco-reforca-cuidados-com-a-saude-da-mulher\/","og_locale":"pt_BR","og_type":"article","og_title":"Mar\u00e7o refor\u00e7a cuidados com a sa\u00fade da mulher - O Santarritense","og_description":"O m\u00eas de mar\u00e7o traz duas campanhas importantes de conscientiza\u00e7\u00e3o: Mar\u00e7o Amarelo e Mar\u00e7o Lil\u00e1s, voltadas \u00e0 sa\u00fade feminina. \ud83d\udcf1&hellip;","og_url":"https:\/\/www.osantarritense.com.br\/jornal\/marco-reforca-cuidados-com-a-saude-da-mulher\/","og_site_name":"O Santarritense","article_published_time":"2026-03-03T18:17:02+00:00","article_modified_time":"2026-03-03T18:22:31+00:00","og_image":[{"width":1200,"height":800,"url":"https:\/\/www.osantarritense.com.br\/jornal\/wp-content\/uploads\/2026\/03\/d7bfe145b6dabcdcb239ea45bf19d55d.jpg","type":"image\/jpeg"}],"author":"Reda\u00e7\u00e3o","twitter_card":"summary_large_image","twitter_misc":{"Escrito por":"Reda\u00e7\u00e3o","Est. tempo de leitura":"2 minutos"},"schema":{"@context":"https:\/\/schema.org","@graph":[{"@type":"Article","@id":"https:\/\/www.osantarritense.com.br\/jornal\/marco-reforca-cuidados-com-a-saude-da-mulher\/#article","isPartOf":{"@id":"https:\/\/www.osantarritense.com.br\/jornal\/marco-reforca-cuidados-com-a-saude-da-mulher\/"},"author":{"name":"Reda\u00e7\u00e3o","@id":"https:\/\/www.osantarritense.com.br\/jornal\/#\/schema\/person\/e126b4df363ecdbcf21dc50a978dd9b8"},"headline":"Mar\u00e7o refor\u00e7a cuidados com a sa\u00fade da mulher","datePublished":"2026-03-03T18:17:02+00:00","dateModified":"2026-03-03T18:22:31+00:00","mainEntityOfPage":{"@id":"https:\/\/www.osantarritense.com.br\/jornal\/marco-reforca-cuidados-com-a-saude-da-mulher\/"},"wordCount":217,"publisher":{"@id":"https:\/\/www.osantarritense.com.br\/jornal\/#\/schema\/person\/e126b4df363ecdbcf21dc50a978dd9b8"},"image":{"@id":"https:\/\/www.osantarritense.com.br\/jornal\/marco-reforca-cuidados-com-a-saude-da-mulher\/#primaryimage"},"thumbnailUrl":"https:\/\/www.osantarritense.com.br\/jornal\/wp-content\/uploads\/2026\/03\/d7bfe145b6dabcdcb239ea45bf19d55d.jpg","articleSection":["Cotidiano"],"inLanguage":"pt-BR"},{"@type":"WebPage","@id":"https:\/\/www.osantarritense.com.br\/jornal\/marco-reforca-cuidados-com-a-saude-da-mulher\/","url":"https:\/\/www.osantarritense.com.br\/jornal\/marco-reforca-cuidados-com-a-saude-da-mulher\/","name":"Mar\u00e7o refor\u00e7a cuidados com a sa\u00fade da mulher - O Santarritense","isPartOf":{"@id":"https:\/\/www.osantarritense.com.br\/jornal\/#website"},"primaryImageOfPage":{"@id":"https:\/\/www.osantarritense.com.br\/jornal\/marco-reforca-cuidados-com-a-saude-da-mulher\/#primaryimage"},"image":{"@id":"https:\/\/www.osantarritense.com.br\/jornal\/marco-reforca-cuidados-com-a-saude-da-mulher\/#primaryimage"},"thumbnailUrl":"https:\/\/www.osantarritense.com.br\/jornal\/wp-content\/uploads\/2026\/03\/d7bfe145b6dabcdcb239ea45bf19d55d.jpg","datePublished":"2026-03-03T18:17:02+00:00","dateModified":"2026-03-03T18:22:31+00:00","breadcrumb":{"@id":"https:\/\/www.osantarritense.com.br\/jornal\/marco-reforca-cuidados-com-a-saude-da-mulher\/#breadcrumb"},"inLanguage":"pt-BR","potentialAction":[{"@type":"ReadAction","target":["https:\/\/www.osantarritense.com.br\/jornal\/marco-reforca-cuidados-com-a-saude-da-mulher\/"]}]},{"@type":"ImageObject","inLanguage":"pt-BR","@id":"https:\/\/www.osantarritense.com.br\/jornal\/marco-reforca-cuidados-com-a-saude-da-mulher\/#primaryimage","url":"https:\/\/www.osantarritense.com.br\/jornal\/wp-content\/uploads\/2026\/03\/d7bfe145b6dabcdcb239ea45bf19d55d.jpg","contentUrl":"https:\/\/www.osantarritense.com.br\/jornal\/wp-content\/uploads\/2026\/03\/d7bfe145b6dabcdcb239ea45bf19d55d.jpg","width":1200,"height":800},{"@type":"BreadcrumbList","@id":"https:\/\/www.osantarritense.com.br\/jornal\/marco-reforca-cuidados-com-a-saude-da-mulher\/#breadcrumb","itemListElement":[{"@type":"ListItem","position":1,"name":"In\u00edcio","item":"https:\/\/www.osantarritense.com.br\/jornal\/"},{"@type":"ListItem","position":2,"name":"Mar\u00e7o refor\u00e7a cuidados com a sa\u00fade da mulher"}]},{"@type":"WebSite","@id":"https:\/\/www.osantarritense.com.br\/jornal\/#website","url":"https:\/\/www.osantarritense.com.br\/jornal\/","name":"O Santarritense","description":"Jornal","publisher":{"@id":"https:\/\/www.osantarritense.com.br\/jornal\/#\/schema\/person\/e126b4df363ecdbcf21dc50a978dd9b8"},"potentialAction":[{"@type":"SearchAction","target":{"@type":"EntryPoint","urlTemplate":"https:\/\/www.osantarritense.com.br\/jornal\/?s={search_term_string}"},"query-input":{"@type":"PropertyValueSpecification","valueRequired":true,"valueName":"search_term_string"}}],"inLanguage":"pt-BR"},{"@type":["Person","Organization"],"@id":"https:\/\/www.osantarritense.com.br\/jornal\/#\/schema\/person\/e126b4df363ecdbcf21dc50a978dd9b8","name":"Reda\u00e7\u00e3o","image":{"@type":"ImageObject","inLanguage":"pt-BR","@id":"https:\/\/www.osantarritense.com.br\/jornal\/#\/schema\/person\/image\/","url":"https:\/\/www.osantarritense.com.br\/jornal\/wp-content\/uploads\/2026\/02\/cropped-logosantarritense.jpg","contentUrl":"https:\/\/www.osantarritense.com.br\/jornal\/wp-content\/uploads\/2026\/02\/cropped-logosantarritense.jpg","width":1221,"height":251,"caption":"Reda\u00e7\u00e3o"},"logo":{"@id":"https:\/\/www.osantarritense.com.br\/jornal\/#\/schema\/person\/image\/"},"sameAs":["https:\/\/www.osantarritense.com.br\/jornal"],"url":"https:\/\/www.osantarritense.com.br\/jornal\/author\/admin\/"}]}},"_links":{"self":[{"href":"https:\/\/www.osantarritense.com.br\/jornal\/wp-json\/wp\/v2\/posts\/485","targetHints":{"allow":["GET"]}}],"collection":[{"href":"https:\/\/www.osantarritense.com.br\/jornal\/wp-json\/wp\/v2\/posts"}],"about":[{"href":"https:\/\/www.osantarritense.com.br\/jornal\/wp-json\/wp\/v2\/types\/post"}],"author":[{"embeddable":true,"href":"https:\/\/www.osantarritense.com.br\/jornal\/wp-json\/wp\/v2\/users\/1"}],"replies":[{"embeddable":true,"href":"https:\/\/www.osantarritense.com.br\/jornal\/wp-json\/wp\/v2\/comments?post=485"}],"version-history":[{"count":4,"href":"https:\/\/www.osantarritense.com.br\/jornal\/wp-json\/wp\/v2\/posts\/485\/revisions"}],"predecessor-version":[{"id":491,"href":"https:\/\/www.osantarritense.com.br\/jornal\/wp-json\/wp\/v2\/posts\/485\/revisions\/491"}],"wp:featuredmedia":[{"embeddable":true,"href":"https:\/\/www.osantarritense.com.br\/jornal\/wp-json\/wp\/v2\/media\/490"}],"wp:attachment":[{"href":"https:\/\/www.osantarritense.com.br\/jornal\/wp-json\/wp\/v2\/media?parent=485"}],"wp:term":[{"taxonomy":"category","embeddable":true,"href":"https:\/\/www.osantarritense.com.br\/jornal\/wp-json\/wp\/v2\/categories?post=485"},{"taxonomy":"post_tag","embeddable":true,"href":"https:\/\/www.osantarritense.com.br\/jornal\/wp-json\/wp\/v2\/tags?post=485"}],"curies":[{"name":"wp","href":"https:\/\/api.w.org\/{rel}","templated":true}]}}