{"id":481,"date":"2026-03-03T11:14:41","date_gmt":"2026-03-03T11:14:41","guid":{"rendered":"https:\/\/www.osantarritense.com.br\/jornal\/?p=481"},"modified":"2026-03-03T11:16:42","modified_gmt":"2026-03-03T11:16:42","slug":"calor-predomina-ate-sexta-feira-em-santa-rita-do-passa-quatro","status":"publish","type":"post","link":"https:\/\/www.osantarritense.com.br\/jornal\/calor-predomina-ate-sexta-feira-em-santa-rita-do-passa-quatro\/","title":{"rendered":"Calor predomina at\u00e9 sexta-feira em Santa Rita do Passa Quatro"},"content":{"rendered":"<p data-start=\"57\" data-end=\"380\"><span style=\"font-family: tahoma, arial, helvetica, sans-serif;\">At\u00e9 sexta-feira, o tempo segue firme em <span class=\"hover:entity-accent entity-underline inline cursor-pointer align-baseline\"><span class=\"whitespace-normal\">Santa Rita do Passa Quatro<\/span><\/span>, com <strong data-start=\"140\" data-end=\"182\">predom\u00ednio de sol e varia\u00e7\u00e3o de nuvens<\/strong>, mas <strong data-start=\"188\" data-end=\"227\">sem previs\u00e3o de chuva significativa<\/strong>. As temperaturas m\u00ednimas variam entre <strong data-start=\"266\" data-end=\"283\">18 \u00b0C e 21 \u00b0C<\/strong> nas primeiras horas da manh\u00e3, enquanto as m\u00e1ximas ficam entre <strong data-start=\"346\" data-end=\"363\">29 \u00b0C e 30 \u00b0C<\/strong> durante a tarde.<\/span><\/p>\n<p data-start=\"57\" data-end=\"380\"><span style=\"font-family: tahoma, arial, helvetica, sans-serif;\">\ud83d\udcf1 <em>Siga o O Santarritense no <a href=\"https:\/\/www.instagram.com\/osantarritense\/\">Instagram<\/a><\/em><\/span><\/p>\n<p data-start=\"382\" data-end=\"719\"><span style=\"font-family: tahoma, arial, helvetica, sans-serif;\">A mudan\u00e7a come\u00e7a no s\u00e1bado (7), com <strong data-start=\"418\" data-end=\"491\">aumento da nebulosidade e retorno das pancadas de chuva com trovoadas<\/strong>, principalmente entre a tarde e a noite. A m\u00ednima prevista \u00e9 de <strong data-start=\"556\" data-end=\"565\">21 \u00b0C<\/strong> e a m\u00e1xima pode chegar aos <strong data-start=\"593\" data-end=\"602\">31 \u00b0C<\/strong>, com sensa\u00e7\u00e3o de tempo abafado antes das precipita\u00e7\u00f5es e <strong data-start=\"660\" data-end=\"718\">possibilidade de chuva mais intensa em alguns momentos<\/strong>.<\/span><\/p>\n<p data-start=\"721\" data-end=\"894\"><span style=\"font-family: tahoma, arial, helvetica, sans-serif;\">No domingo (8), a instabilidade ganha for\u00e7a, com <strong data-start=\"770\" data-end=\"811\">maior volume de chuva ao longo do dia<\/strong>. As temperaturas variam entre <strong data-start=\"842\" data-end=\"859\">21 \u00b0C e 28 \u00b0C<\/strong>, indicando leve queda nas m\u00e1ximas.<\/span><\/p>\n<p data-start=\"896\" data-end=\"1082\" data-is-last-node=\"\" data-is-only-node=\"\"><span style=\"font-family: tahoma, arial, helvetica, sans-serif;\">Para o in\u00edcio da pr\u00f3xima semana, a tend\u00eancia \u00e9 de <strong data-start=\"946\" data-end=\"964\">tempo inst\u00e1vel<\/strong>, com altern\u00e2ncia entre per\u00edodos de sol e chuva e temperaturas um pouco mais amenas em compara\u00e7\u00e3o aos dias anteriores.<\/span><\/p>\n<p><em><span style=\"font-family: tahoma, arial, helvetica, sans-serif;\">\u270d\ufe0f Da reda\u00e7\u00e3o: <a href=\"https:\/\/www.facebook.com\/jornalistatonioliveiraon\/\">Jornalista Toni Oliveira<\/a><\/span><\/em><\/p>\n<p><span style=\"font-family: tahoma, arial, helvetica, sans-serif;\"><em>( Fica proibida a reprodu\u00e7\u00e3o total ou parcial, c\u00f3pia ou distribui\u00e7\u00e3o do conte\u00fado, sem autoriza\u00e7\u00e3o expressa por parte do <strong>jornal O Santarritense<\/strong>)<\/em><\/span><\/p>\n","protected":false},"excerpt":{"rendered":"<p>At\u00e9 sexta-feira, o tempo segue firme em Santa Rita do Passa Quatro, com predom\u00ednio de sol e varia\u00e7\u00e3o de nuvens,&hellip;<\/p>\n","protected":false},"author":1,"featured_media":482,"comment_status":"closed","ping_status":"closed","sticky":false,"template":"","format":"standard","meta":{"footnotes":""},"categories":[3],"tags":[],"class_list":["post-481","post","type-post","status-publish","format-standard","has-post-thumbnail","hentry","category-cidade"],"yoast_head":"<!-- This site is optimized with the Yoast SEO plugin v26.8 - https:\/\/yoast.com\/product\/yoast-seo-wordpress\/ -->\n<title>Calor predomina at\u00e9 sexta-feira em Santa Rita do Passa Quatro - O Santarritense<\/title>\n<meta name=\"robots\" content=\"index, follow, max-snippet:-1, max-image-preview:large, max-video-preview:-1\" \/>\n<link rel=\"canonical\" href=\"https:\/\/www.osantarritense.com.br\/jornal\/calor-predomina-ate-sexta-feira-em-santa-rita-do-passa-quatro\/\" \/>\n<meta property=\"og:locale\" content=\"pt_BR\" \/>\n<meta property=\"og:type\" content=\"article\" \/>\n<meta property=\"og:title\" content=\"Calor predomina at\u00e9 sexta-feira em Santa Rita do Passa Quatro - O Santarritense\" \/>\n<meta property=\"og:description\" content=\"At\u00e9 sexta-feira, o tempo segue firme em Santa Rita do Passa Quatro, com predom\u00ednio de sol e varia\u00e7\u00e3o de nuvens,&hellip;\" \/>\n<meta property=\"og:url\" content=\"https:\/\/www.osantarritense.com.br\/jornal\/calor-predomina-ate-sexta-feira-em-santa-rita-do-passa-quatro\/\" \/>\n<meta property=\"og:site_name\" content=\"O Santarritense\" \/>\n<meta property=\"article:published_time\" content=\"2026-03-03T11:14:41+00:00\" \/>\n<meta property=\"article:modified_time\" content=\"2026-03-03T11:16:42+00:00\" \/>\n<meta property=\"og:image\" content=\"https:\/\/www.osantarritense.com.br\/jornal\/wp-content\/uploads\/2026\/03\/ef79b20a-24bd-4e7b-86f5-5bd5b58ec694.png\" \/>\n\t<meta property=\"og:image:width\" content=\"1000\" \/>\n\t<meta property=\"og:image:height\" content=\"667\" \/>\n\t<meta property=\"og:image:type\" content=\"image\/png\" \/>\n<meta name=\"author\" content=\"Reda\u00e7\u00e3o\" \/>\n<meta name=\"twitter:card\" content=\"summary_large_image\" \/>\n<meta name=\"twitter:label1\" content=\"Escrito por\" \/>\n\t<meta name=\"twitter:data1\" content=\"Reda\u00e7\u00e3o\" \/>\n\t<meta name=\"twitter:label2\" content=\"Est. tempo de leitura\" \/>\n\t<meta name=\"twitter:data2\" content=\"2 minutos\" \/>\n<script type=\"application\/ld+json\" class=\"yoast-schema-graph\">{\"@context\":\"https:\/\/schema.org\",\"@graph\":[{\"@type\":\"Article\",\"@id\":\"https:\/\/www.osantarritense.com.br\/jornal\/calor-predomina-ate-sexta-feira-em-santa-rita-do-passa-quatro\/#article\",\"isPartOf\":{\"@id\":\"https:\/\/www.osantarritense.com.br\/jornal\/calor-predomina-ate-sexta-feira-em-santa-rita-do-passa-quatro\/\"},\"author\":{\"name\":\"Reda\u00e7\u00e3o\",\"@id\":\"https:\/\/www.osantarritense.com.br\/jornal\/#\/schema\/person\/e126b4df363ecdbcf21dc50a978dd9b8\"},\"headline\":\"Calor predomina at\u00e9 sexta-feira em Santa Rita do Passa Quatro\",\"datePublished\":\"2026-03-03T11:14:41+00:00\",\"dateModified\":\"2026-03-03T11:16:42+00:00\",\"mainEntityOfPage\":{\"@id\":\"https:\/\/www.osantarritense.com.br\/jornal\/calor-predomina-ate-sexta-feira-em-santa-rita-do-passa-quatro\/\"},\"wordCount\":229,\"publisher\":{\"@id\":\"https:\/\/www.osantarritense.com.br\/jornal\/#\/schema\/person\/e126b4df363ecdbcf21dc50a978dd9b8\"},\"image\":{\"@id\":\"https:\/\/www.osantarritense.com.br\/jornal\/calor-predomina-ate-sexta-feira-em-santa-rita-do-passa-quatro\/#primaryimage\"},\"thumbnailUrl\":\"https:\/\/www.osantarritense.com.br\/jornal\/wp-content\/uploads\/2026\/03\/ef79b20a-24bd-4e7b-86f5-5bd5b58ec694.png\",\"articleSection\":[\"Cidade\"],\"inLanguage\":\"pt-BR\"},{\"@type\":\"WebPage\",\"@id\":\"https:\/\/www.osantarritense.com.br\/jornal\/calor-predomina-ate-sexta-feira-em-santa-rita-do-passa-quatro\/\",\"url\":\"https:\/\/www.osantarritense.com.br\/jornal\/calor-predomina-ate-sexta-feira-em-santa-rita-do-passa-quatro\/\",\"name\":\"Calor predomina at\u00e9 sexta-feira em Santa Rita do Passa Quatro - O Santarritense\",\"isPartOf\":{\"@id\":\"https:\/\/www.osantarritense.com.br\/jornal\/#website\"},\"primaryImageOfPage\":{\"@id\":\"https:\/\/www.osantarritense.com.br\/jornal\/calor-predomina-ate-sexta-feira-em-santa-rita-do-passa-quatro\/#primaryimage\"},\"image\":{\"@id\":\"https:\/\/www.osantarritense.com.br\/jornal\/calor-predomina-ate-sexta-feira-em-santa-rita-do-passa-quatro\/#primaryimage\"},\"thumbnailUrl\":\"https:\/\/www.osantarritense.com.br\/jornal\/wp-content\/uploads\/2026\/03\/ef79b20a-24bd-4e7b-86f5-5bd5b58ec694.png\",\"datePublished\":\"2026-03-03T11:14:41+00:00\",\"dateModified\":\"2026-03-03T11:16:42+00:00\",\"breadcrumb\":{\"@id\":\"https:\/\/www.osantarritense.com.br\/jornal\/calor-predomina-ate-sexta-feira-em-santa-rita-do-passa-quatro\/#breadcrumb\"},\"inLanguage\":\"pt-BR\",\"potentialAction\":[{\"@type\":\"ReadAction\",\"target\":[\"https:\/\/www.osantarritense.com.br\/jornal\/calor-predomina-ate-sexta-feira-em-santa-rita-do-passa-quatro\/\"]}]},{\"@type\":\"ImageObject\",\"inLanguage\":\"pt-BR\",\"@id\":\"https:\/\/www.osantarritense.com.br\/jornal\/calor-predomina-ate-sexta-feira-em-santa-rita-do-passa-quatro\/#primaryimage\",\"url\":\"https:\/\/www.osantarritense.com.br\/jornal\/wp-content\/uploads\/2026\/03\/ef79b20a-24bd-4e7b-86f5-5bd5b58ec694.png\",\"contentUrl\":\"https:\/\/www.osantarritense.com.br\/jornal\/wp-content\/uploads\/2026\/03\/ef79b20a-24bd-4e7b-86f5-5bd5b58ec694.png\",\"width\":1000,\"height\":667},{\"@type\":\"BreadcrumbList\",\"@id\":\"https:\/\/www.osantarritense.com.br\/jornal\/calor-predomina-ate-sexta-feira-em-santa-rita-do-passa-quatro\/#breadcrumb\",\"itemListElement\":[{\"@type\":\"ListItem\",\"position\":1,\"name\":\"In\u00edcio\",\"item\":\"https:\/\/www.osantarritense.com.br\/jornal\/\"},{\"@type\":\"ListItem\",\"position\":2,\"name\":\"Calor predomina at\u00e9 sexta-feira em Santa Rita do Passa Quatro\"}]},{\"@type\":\"WebSite\",\"@id\":\"https:\/\/www.osantarritense.com.br\/jornal\/#website\",\"url\":\"https:\/\/www.osantarritense.com.br\/jornal\/\",\"name\":\"O Santarritense\",\"description\":\"Jornal\",\"publisher\":{\"@id\":\"https:\/\/www.osantarritense.com.br\/jornal\/#\/schema\/person\/e126b4df363ecdbcf21dc50a978dd9b8\"},\"potentialAction\":[{\"@type\":\"SearchAction\",\"target\":{\"@type\":\"EntryPoint\",\"urlTemplate\":\"https:\/\/www.osantarritense.com.br\/jornal\/?s={search_term_string}\"},\"query-input\":{\"@type\":\"PropertyValueSpecification\",\"valueRequired\":true,\"valueName\":\"search_term_string\"}}],\"inLanguage\":\"pt-BR\"},{\"@type\":[\"Person\",\"Organization\"],\"@id\":\"https:\/\/www.osantarritense.com.br\/jornal\/#\/schema\/person\/e126b4df363ecdbcf21dc50a978dd9b8\",\"name\":\"Reda\u00e7\u00e3o\",\"image\":{\"@type\":\"ImageObject\",\"inLanguage\":\"pt-BR\",\"@id\":\"https:\/\/www.osantarritense.com.br\/jornal\/#\/schema\/person\/image\/\",\"url\":\"https:\/\/www.osantarritense.com.br\/jornal\/wp-content\/uploads\/2026\/02\/cropped-logosantarritense.jpg\",\"contentUrl\":\"https:\/\/www.osantarritense.com.br\/jornal\/wp-content\/uploads\/2026\/02\/cropped-logosantarritense.jpg\",\"width\":1221,\"height\":251,\"caption\":\"Reda\u00e7\u00e3o\"},\"logo\":{\"@id\":\"https:\/\/www.osantarritense.com.br\/jornal\/#\/schema\/person\/image\/\"},\"sameAs\":[\"https:\/\/www.osantarritense.com.br\/jornal\"],\"url\":\"https:\/\/www.osantarritense.com.br\/jornal\/author\/admin\/\"}]}<\/script>\n<!-- \/ Yoast SEO plugin. -->","yoast_head_json":{"title":"Calor predomina at\u00e9 sexta-feira em Santa Rita do Passa Quatro - O Santarritense","robots":{"index":"index","follow":"follow","max-snippet":"max-snippet:-1","max-image-preview":"max-image-preview:large","max-video-preview":"max-video-preview:-1"},"canonical":"https:\/\/www.osantarritense.com.br\/jornal\/calor-predomina-ate-sexta-feira-em-santa-rita-do-passa-quatro\/","og_locale":"pt_BR","og_type":"article","og_title":"Calor predomina at\u00e9 sexta-feira em Santa Rita do Passa Quatro - O Santarritense","og_description":"At\u00e9 sexta-feira, o tempo segue firme em Santa Rita do Passa Quatro, com predom\u00ednio de sol e varia\u00e7\u00e3o de nuvens,&hellip;","og_url":"https:\/\/www.osantarritense.com.br\/jornal\/calor-predomina-ate-sexta-feira-em-santa-rita-do-passa-quatro\/","og_site_name":"O Santarritense","article_published_time":"2026-03-03T11:14:41+00:00","article_modified_time":"2026-03-03T11:16:42+00:00","og_image":[{"width":1000,"height":667,"url":"https:\/\/www.osantarritense.com.br\/jornal\/wp-content\/uploads\/2026\/03\/ef79b20a-24bd-4e7b-86f5-5bd5b58ec694.png","type":"image\/png"}],"author":"Reda\u00e7\u00e3o","twitter_card":"summary_large_image","twitter_misc":{"Escrito por":"Reda\u00e7\u00e3o","Est. tempo de leitura":"2 minutos"},"schema":{"@context":"https:\/\/schema.org","@graph":[{"@type":"Article","@id":"https:\/\/www.osantarritense.com.br\/jornal\/calor-predomina-ate-sexta-feira-em-santa-rita-do-passa-quatro\/#article","isPartOf":{"@id":"https:\/\/www.osantarritense.com.br\/jornal\/calor-predomina-ate-sexta-feira-em-santa-rita-do-passa-quatro\/"},"author":{"name":"Reda\u00e7\u00e3o","@id":"https:\/\/www.osantarritense.com.br\/jornal\/#\/schema\/person\/e126b4df363ecdbcf21dc50a978dd9b8"},"headline":"Calor predomina at\u00e9 sexta-feira em Santa Rita do Passa Quatro","datePublished":"2026-03-03T11:14:41+00:00","dateModified":"2026-03-03T11:16:42+00:00","mainEntityOfPage":{"@id":"https:\/\/www.osantarritense.com.br\/jornal\/calor-predomina-ate-sexta-feira-em-santa-rita-do-passa-quatro\/"},"wordCount":229,"publisher":{"@id":"https:\/\/www.osantarritense.com.br\/jornal\/#\/schema\/person\/e126b4df363ecdbcf21dc50a978dd9b8"},"image":{"@id":"https:\/\/www.osantarritense.com.br\/jornal\/calor-predomina-ate-sexta-feira-em-santa-rita-do-passa-quatro\/#primaryimage"},"thumbnailUrl":"https:\/\/www.osantarritense.com.br\/jornal\/wp-content\/uploads\/2026\/03\/ef79b20a-24bd-4e7b-86f5-5bd5b58ec694.png","articleSection":["Cidade"],"inLanguage":"pt-BR"},{"@type":"WebPage","@id":"https:\/\/www.osantarritense.com.br\/jornal\/calor-predomina-ate-sexta-feira-em-santa-rita-do-passa-quatro\/","url":"https:\/\/www.osantarritense.com.br\/jornal\/calor-predomina-ate-sexta-feira-em-santa-rita-do-passa-quatro\/","name":"Calor predomina at\u00e9 sexta-feira em Santa Rita do Passa Quatro - O Santarritense","isPartOf":{"@id":"https:\/\/www.osantarritense.com.br\/jornal\/#website"},"primaryImageOfPage":{"@id":"https:\/\/www.osantarritense.com.br\/jornal\/calor-predomina-ate-sexta-feira-em-santa-rita-do-passa-quatro\/#primaryimage"},"image":{"@id":"https:\/\/www.osantarritense.com.br\/jornal\/calor-predomina-ate-sexta-feira-em-santa-rita-do-passa-quatro\/#primaryimage"},"thumbnailUrl":"https:\/\/www.osantarritense.com.br\/jornal\/wp-content\/uploads\/2026\/03\/ef79b20a-24bd-4e7b-86f5-5bd5b58ec694.png","datePublished":"2026-03-03T11:14:41+00:00","dateModified":"2026-03-03T11:16:42+00:00","breadcrumb":{"@id":"https:\/\/www.osantarritense.com.br\/jornal\/calor-predomina-ate-sexta-feira-em-santa-rita-do-passa-quatro\/#breadcrumb"},"inLanguage":"pt-BR","potentialAction":[{"@type":"ReadAction","target":["https:\/\/www.osantarritense.com.br\/jornal\/calor-predomina-ate-sexta-feira-em-santa-rita-do-passa-quatro\/"]}]},{"@type":"ImageObject","inLanguage":"pt-BR","@id":"https:\/\/www.osantarritense.com.br\/jornal\/calor-predomina-ate-sexta-feira-em-santa-rita-do-passa-quatro\/#primaryimage","url":"https:\/\/www.osantarritense.com.br\/jornal\/wp-content\/uploads\/2026\/03\/ef79b20a-24bd-4e7b-86f5-5bd5b58ec694.png","contentUrl":"https:\/\/www.osantarritense.com.br\/jornal\/wp-content\/uploads\/2026\/03\/ef79b20a-24bd-4e7b-86f5-5bd5b58ec694.png","width":1000,"height":667},{"@type":"BreadcrumbList","@id":"https:\/\/www.osantarritense.com.br\/jornal\/calor-predomina-ate-sexta-feira-em-santa-rita-do-passa-quatro\/#breadcrumb","itemListElement":[{"@type":"ListItem","position":1,"name":"In\u00edcio","item":"https:\/\/www.osantarritense.com.br\/jornal\/"},{"@type":"ListItem","position":2,"name":"Calor predomina at\u00e9 sexta-feira em Santa Rita do Passa Quatro"}]},{"@type":"WebSite","@id":"https:\/\/www.osantarritense.com.br\/jornal\/#website","url":"https:\/\/www.osantarritense.com.br\/jornal\/","name":"O Santarritense","description":"Jornal","publisher":{"@id":"https:\/\/www.osantarritense.com.br\/jornal\/#\/schema\/person\/e126b4df363ecdbcf21dc50a978dd9b8"},"potentialAction":[{"@type":"SearchAction","target":{"@type":"EntryPoint","urlTemplate":"https:\/\/www.osantarritense.com.br\/jornal\/?s={search_term_string}"},"query-input":{"@type":"PropertyValueSpecification","valueRequired":true,"valueName":"search_term_string"}}],"inLanguage":"pt-BR"},{"@type":["Person","Organization"],"@id":"https:\/\/www.osantarritense.com.br\/jornal\/#\/schema\/person\/e126b4df363ecdbcf21dc50a978dd9b8","name":"Reda\u00e7\u00e3o","image":{"@type":"ImageObject","inLanguage":"pt-BR","@id":"https:\/\/www.osantarritense.com.br\/jornal\/#\/schema\/person\/image\/","url":"https:\/\/www.osantarritense.com.br\/jornal\/wp-content\/uploads\/2026\/02\/cropped-logosantarritense.jpg","contentUrl":"https:\/\/www.osantarritense.com.br\/jornal\/wp-content\/uploads\/2026\/02\/cropped-logosantarritense.jpg","width":1221,"height":251,"caption":"Reda\u00e7\u00e3o"},"logo":{"@id":"https:\/\/www.osantarritense.com.br\/jornal\/#\/schema\/person\/image\/"},"sameAs":["https:\/\/www.osantarritense.com.br\/jornal"],"url":"https:\/\/www.osantarritense.com.br\/jornal\/author\/admin\/"}]}},"_links":{"self":[{"href":"https:\/\/www.osantarritense.com.br\/jornal\/wp-json\/wp\/v2\/posts\/481","targetHints":{"allow":["GET"]}}],"collection":[{"href":"https:\/\/www.osantarritense.com.br\/jornal\/wp-json\/wp\/v2\/posts"}],"about":[{"href":"https:\/\/www.osantarritense.com.br\/jornal\/wp-json\/wp\/v2\/types\/post"}],"author":[{"embeddable":true,"href":"https:\/\/www.osantarritense.com.br\/jornal\/wp-json\/wp\/v2\/users\/1"}],"replies":[{"embeddable":true,"href":"https:\/\/www.osantarritense.com.br\/jornal\/wp-json\/wp\/v2\/comments?post=481"}],"version-history":[{"count":2,"href":"https:\/\/www.osantarritense.com.br\/jornal\/wp-json\/wp\/v2\/posts\/481\/revisions"}],"predecessor-version":[{"id":484,"href":"https:\/\/www.osantarritense.com.br\/jornal\/wp-json\/wp\/v2\/posts\/481\/revisions\/484"}],"wp:featuredmedia":[{"embeddable":true,"href":"https:\/\/www.osantarritense.com.br\/jornal\/wp-json\/wp\/v2\/media\/482"}],"wp:attachment":[{"href":"https:\/\/www.osantarritense.com.br\/jornal\/wp-json\/wp\/v2\/media?parent=481"}],"wp:term":[{"taxonomy":"category","embeddable":true,"href":"https:\/\/www.osantarritense.com.br\/jornal\/wp-json\/wp\/v2\/categories?post=481"},{"taxonomy":"post_tag","embeddable":true,"href":"https:\/\/www.osantarritense.com.br\/jornal\/wp-json\/wp\/v2\/tags?post=481"}],"curies":[{"name":"wp","href":"https:\/\/api.w.org\/{rel}","templated":true}]}}